{"id":2756,"date":"2024-10-19T10:12:18","date_gmt":"2024-10-19T08:12:18","guid":{"rendered":"http:\/\/parafia.scinawa.info\/?p=2756"},"modified":"2024-10-19T10:12:18","modified_gmt":"2024-10-19T08:12:18","slug":"intencje-mszalne-20-10-27-10-2024","status":"publish","type":"post","link":"http:\/\/parafia.scinawa.info\/index.php\/2024\/10\/19\/intencje-mszalne-20-10-27-10-2024\/","title":{"rendered":"INTENCJE MSZALNE 20.10. \u00a0\u2013 27.10. 2024"},"content":{"rendered":"\n<p><strong><em>Sk\u0142adaj\u0105c Ofiar\u0119, kt\u00f3ra nam przypomina niezmierzon\u0105 mi\u0142o\u015b\u0107 Twojego Syna, pokornie prosimy Ci\u0119, Bo\u017ce, przyjmij intencje Twoich wiernych i spraw przez dzia\u0142anie Eucharystii, aby w naszych rodzinach wzrasta\u0142a prawdziwa wiara, \u015bwi\u0119to\u015b\u0107 \u017cycia, braterska mi\u0142o\u015b\u0107 i duch modlitwy. <\/em><\/strong><strong>Niech Matka Naj\u015bwi\u0119tsza wyprosi \u0142aski, o kt\u00f3re modlili\u015bmy si\u0119 w tej Mszy \u015bw. dla \u2026 Za\u015b zmar\u0142ym \u2026 za kt\u00f3rych odprawiali\u015bmy Msz\u0119 \u015bw.: <u>wieczny odpoczynek racz im da\u0107 Panie<\/u> (\u2026); niech odpoczywaj\u0105 w pokoju wiecznym. Amen<\/strong><\/p>\n\n\n\n<p><strong><u>20.10<em>. &#8211; NIEDZIELA&nbsp; <\/em><\/u><\/strong><em><\/em><\/p>\n\n\n\n<p><strong>8.oo \u2013 1) <\/strong>+ Kazimierza Jamrozika z racji ziemskich urodzin\u2013 modli si\u0119 \u017cona oraz + Tadeusza Mejera<\/p>\n\n\n\n<p>&nbsp;&nbsp;&nbsp;&nbsp;&nbsp;&nbsp;&nbsp;&nbsp;&nbsp;&nbsp;&nbsp;&nbsp;&nbsp;&nbsp;&nbsp;&nbsp;&nbsp; z racji ziemskich imienin \u2013 modli si\u0119 \u017cona z dzie\u0107mi<\/p>\n\n\n\n<p><strong>&nbsp;&nbsp;&nbsp;&nbsp;&nbsp;&nbsp;&nbsp;&nbsp;&nbsp;&nbsp;&nbsp; &nbsp; 2)<\/strong> ++ W\u0142adys\u0142aw\u0119 w 11 rocz. \u015bm., Kazimier\u0119, Mari\u0119, Stanis\u0142awa i J\u00f3zefa z rodziny Szymczak\u00f3w<\/p>\n\n\n\n<p>&nbsp;&nbsp;&nbsp;&nbsp;&nbsp;&nbsp;&nbsp;&nbsp;&nbsp;&nbsp;&nbsp;&nbsp;&nbsp;&nbsp;&nbsp;&nbsp;&nbsp;&nbsp; \u2013 modli si\u0119 rodzina<\/p>\n\n\n\n<p><strong>&nbsp; 9.3o \u2013 <\/strong>&nbsp;&nbsp;++ rodzic\u00f3w: Franciszk\u0119 i W\u0142adys\u0142awa Tomaszkiewicz\u00f3w, Ann\u0119, Franciszka i Zbigniewa<\/p>\n\n\n\n<p>&nbsp;&nbsp;&nbsp;&nbsp;&nbsp;&nbsp;&nbsp;&nbsp;&nbsp;&nbsp;&nbsp;&nbsp;&nbsp;&nbsp;&nbsp; So\u015bnickich oraz Helen\u0119 i Jana Mazur\u00f3w, Romana Rozkowi\u0144skiego \u2013 modli si\u0119 rodzina<\/p>\n\n\n\n<p><strong>11.oo \u2013 1) <\/strong>+ Jana \u017bebrowskiego w 9 rocz. \u015bm. oraz ++ rodzic\u00f3w i te\u015bci\u00f3w: Wiktora i Genowef\u0119<\/p>\n\n\n\n<p>&nbsp;&nbsp;&nbsp;&nbsp;&nbsp;&nbsp;&nbsp;&nbsp;&nbsp;&nbsp;&nbsp;&nbsp;&nbsp;&nbsp;&nbsp;&nbsp;&nbsp; \u017bebrowskich, Stanis\u0142awa i Stefani\u0119 Rzepeckich \u2013 modli si\u0119 rodzina<\/p>\n\n\n\n<p><strong>&nbsp;&nbsp;&nbsp;&nbsp;&nbsp;&nbsp;&nbsp;&nbsp;&nbsp;&nbsp;&nbsp; &nbsp; 2) <\/strong>&nbsp;w intencji Juliana i \u0141ucji o Bo\u017ce b\u0142ogos\u0142awie\u0144stwo, dary Ducha \u015awi\u0119tego, opiek\u0119 NMP<\/p>\n\n\n\n<p><strong>12.3o \u2013 1)<\/strong> ++ Magdalen\u0119 i Piotra Bogacz\u00f3w w rocz. ich \u015bmierci, Ann\u0119 i Jana Drobnych w rocz. ich \u015bmierci<\/p>\n\n\n\n<p>&nbsp;&nbsp;&nbsp;&nbsp;&nbsp;&nbsp;&nbsp;&nbsp;&nbsp;&nbsp;&nbsp;&nbsp;&nbsp;&nbsp;&nbsp;&nbsp;&nbsp;&nbsp; oraz ++ z tych rodzin \u2013 modli si\u0119 Stanis\u0142aw<strong><\/strong><\/p>\n\n\n\n<p><strong>&nbsp;&nbsp;&nbsp;&nbsp;&nbsp;&nbsp;&nbsp;&nbsp;&nbsp;&nbsp;&nbsp; 2)<\/strong> w 4 rocz. \u015blubu Weroniki i Marcina Raks\u00f3w dzi\u0119kczynna za&nbsp; otrzymane \u0142aski z pro\u015bb\u0105 o zdrowie,<\/p>\n\n\n\n<p>&nbsp;&nbsp;&nbsp;&nbsp;&nbsp;&nbsp;&nbsp;&nbsp;&nbsp;&nbsp;&nbsp;&nbsp;&nbsp; &nbsp;dary Ducha \u015awi\u0119tego, Bo\u017ce b\u0142ogos\u0142awie\u0144stwo, opiek\u0119 NMP i \u015bw. Patron\u00f3w na dalsze lata \u017cycia<\/p>\n\n\n\n<p><strong>18.oo \u2013 1) <\/strong>+ Czes\u0142awa Matyni\u0119 &#8211; gregorianka 28<\/p>\n\n\n\n<p><strong>&nbsp;&nbsp;&nbsp;&nbsp;&nbsp;&nbsp;&nbsp;&nbsp;&nbsp;&nbsp;&nbsp; &nbsp; 2) <\/strong>zaj. P. Mielcarek<strong>&nbsp; &nbsp;<\/strong>&nbsp;<\/p>\n\n\n\n<p><strong><u>21.10<em>. \u2013 PONIEDZIA\u0141EK<\/em><\/u><\/strong><\/p>\n\n\n\n<p><strong>&nbsp; 7.oo \u2013 <\/strong>++ rodzic\u00f3w: Ma\u0142gorzat\u0119 i J\u00f3zefa, Mari\u0119 i W\u0142adys\u0142awa, siostr\u0119 Iren\u0119 oraz siostr\u0119 zakonn\u0105 Gemm\u0119<\/p>\n\n\n\n<p>&nbsp;&nbsp;&nbsp;&nbsp;&nbsp;&nbsp;&nbsp;&nbsp;&nbsp;&nbsp;&nbsp;&nbsp;&nbsp;&nbsp; i dusze w czy\u015b\u0107cu cierpi\u0105ce \u2013 modli si\u0119 rodzina<\/p>\n\n\n\n<p><strong>18.oo \u2013 1) <\/strong>&nbsp;+ Czes\u0142awa Matyni\u0119 &#8211; gregorianka 29<\/p>\n\n\n\n<p><strong>&nbsp;&nbsp;&nbsp;&nbsp;&nbsp;&nbsp;&nbsp;&nbsp;&nbsp;&nbsp;&nbsp; &nbsp; 2)<\/strong> ++ Remigiusza w 5 rocz. \u015bm., Ryszarda w 45 rocz. \u015bm., ++ dziadk\u00f3w z obu stron, rodze\u0144stwo<\/p>\n\n\n\n<p>&nbsp;&nbsp;&nbsp;&nbsp;&nbsp;&nbsp;&nbsp;&nbsp;&nbsp;&nbsp;&nbsp; z rodziny Wierzbickich, Fedorczak\u00f3w, D\u0105browskich, Go\u0142asi\u00f3w, Dominik\u00f3w, Nesteruk\u00f3w, Knyspl\u00f3w<\/p>\n\n\n\n<p><strong><u>22.10<em>. &#8211; WTOREK<\/em><\/u><\/strong><em><\/em><\/p>\n\n\n\n<p><strong>7.oo \u2013 <\/strong>+ J\u00f3zefa w 10 rocz. \u015bm. oraz ++ jego rodzic\u00f3w i rodze\u0144stwo<\/p>\n\n\n\n<p><strong>18.oo \u2013 <\/strong>+ Czes\u0142awa Matyni\u0119 &#8211; gregorianka 30<\/p>\n\n\n\n<p><strong><u>23.10<em>. \u2013 \u015aRODA<\/em><\/u><\/strong><\/p>\n\n\n\n<p><strong>&nbsp; 7.oo \u2013<\/strong><\/p>\n\n\n\n<p><strong>18.oo \u2013&nbsp; intencja zbiorowa nowennowa:<\/strong><\/p>\n\n\n\n<p><strong>1)<\/strong> + Regin\u0119 Matu\u0142\u0119 w 1 rocz. \u015bm. \u2013 modl\u0105 si\u0119 syn, c\u00f3rki i mama<\/p>\n\n\n\n<p><strong>2)<\/strong> + Tadeusza Mark\u0119 i ++ z jego rodziny<\/p>\n\n\n\n<p><strong>3)<\/strong> + Leszka Szewczyka \u2013 modl\u0105 si\u0119 koledzy z turnieju \u201eGry w tysi\u0105ca\u201d<\/p>\n\n\n\n<p><strong>4)<\/strong> ++ Zofi\u0119 i Franciszka Blok\u00f3w oraz brata Andrzeja \u2013 modli si\u0119 rodzina<\/p>\n\n\n\n<p><strong>5)<\/strong><\/p>\n\n\n\n<p><strong>6)<\/strong><\/p>\n\n\n\n<p><strong><u>24.10<em>. \u2013 CZWARTEK <\/em><\/u><\/strong><em>&nbsp;<\/em><\/p>\n\n\n\n<p><strong>&nbsp; 7.oo \u2013<\/strong>&nbsp;<\/p>\n\n\n\n<p><strong>18.oo \u2013 1) <\/strong>+ Alicj\u0119 Chmielowsk\u0105<\/p>\n\n\n\n<p><strong>&nbsp;&nbsp;&nbsp;&nbsp;&nbsp;&nbsp;&nbsp; 2) <\/strong>w 15 rocz. \u015blubu Magdaleny i Jana Stukus\u00f3w dzi\u0119kczynna za&nbsp; otrzymane \u0142aski z pro\u015bb\u0105 o zdrowie,<\/p>\n\n\n\n<p>&nbsp;&nbsp;&nbsp;&nbsp;&nbsp;&nbsp;&nbsp;&nbsp;&nbsp;&nbsp; &nbsp;dary Ducha \u015awi\u0119tego, Bo\u017ce b\u0142ogos\u0142awie\u0144stwo, opiek\u0119 NMP i \u015bw. Patron\u00f3w \u2013 modli si\u0119 rodzina<\/p>\n\n\n\n<p><strong><u>25.10<em>. \u2013 PI\u0104TEK<\/em><\/u><\/strong><\/p>\n\n\n\n<p><strong>&nbsp; &nbsp;&nbsp;7.oo \u2013<\/strong> + Wojciecha Cebul\u0119 w 58 rocz. \u015bm. \u2013 modli si\u0119 rodzina<\/p>\n\n\n\n<p><strong>18.oo \u2013 1) <\/strong>+ Halin\u0119 Tymkowsk\u0105 w 16 rocz. \u015bm. oraz ++ z rodziny Kusztr\u00f3w: Mari\u0119, Stanis\u0142awa Ryszarda<\/p>\n\n\n\n<p>&nbsp;&nbsp;&nbsp;&nbsp;&nbsp;&nbsp;&nbsp;&nbsp;&nbsp;&nbsp;&nbsp;&nbsp;&nbsp;&nbsp;&nbsp;&nbsp;&nbsp; \u2013 modli si\u0119 rodzina<\/p>\n\n\n\n<p><strong>&nbsp;&nbsp;&nbsp;&nbsp;&nbsp;&nbsp;&nbsp;&nbsp;&nbsp;&nbsp;&nbsp; &nbsp; 2)<\/strong>&nbsp;<\/p>\n\n\n\n<p><strong><em><u>26.10. \u2013 SOBOTA<\/u><\/em><\/strong><\/p>\n\n\n\n<p><strong>&nbsp; &nbsp;&nbsp;7.oo \u2013<\/strong> ++ Eugeni\u0119 i Stanis\u0142awa \u017bmud\u00f3w, J\u00f3zef\u0119 i Stanis\u0142awa Droni\u00f3w, Bronis\u0142aw\u0119 i Ryszarda<\/p>\n\n\n\n<p>&nbsp;&nbsp;&nbsp;&nbsp;&nbsp;&nbsp;&nbsp;&nbsp;&nbsp;&nbsp;&nbsp;&nbsp;&nbsp; &nbsp;&nbsp;Tywoniuk\u00f3w, Mariana Ob\u0142oz\u0119 oraz dusze w czy\u015b\u0107cu cierpi\u0105ce \u2013 modli si\u0119 rodzina<\/p>\n\n\n\n<p><strong>18.oo \u2013 1) <\/strong>+ Jerzego w 20 rocz. \u015bm. oraz ++ jego rodzic\u00f3w i rodze\u0144stwo \u2013 modl\u0105 si\u0119 dzieci z rodzinami<\/p>\n\n\n\n<p><strong>&nbsp;&nbsp;&nbsp;&nbsp;&nbsp;&nbsp;&nbsp;&nbsp;&nbsp;&nbsp;&nbsp; &nbsp; 2)<\/strong> + Ludwik\u0119 Szmigielsk\u0105 z racji ziemskich urodzin \u2013 modli si\u0119 rodzina<\/p>\n\n\n\n<p><strong><em><u>27.10. \u2013 NIEDZIELA&nbsp;<\/u><\/em><\/strong><\/p>\n\n\n\n<p><strong>&nbsp; 8.oo \u2013 1) <\/strong>++ Mari\u0119, W\u0142adys\u0142awa, Paraskiewi\u0119 z rodziny Kupczy\u0144skich oraz Mari\u0119 Zagrodn\u0105 \u2013 modli si\u0119<\/p>\n\n\n\n<p>&nbsp;&nbsp;&nbsp;&nbsp;&nbsp;&nbsp;&nbsp;&nbsp;&nbsp;&nbsp;&nbsp;&nbsp;&nbsp;&nbsp;&nbsp; &nbsp;rodzina<\/p>\n\n\n\n<p><strong>&nbsp;&nbsp;&nbsp;&nbsp;&nbsp;&nbsp; &nbsp;&nbsp;&nbsp;&nbsp;&nbsp;&nbsp;2)<\/strong> ++ rodzic\u00f3w: Katarzyn\u0119 w 36 rocz. \u015bm. i Franciszka w 71 rocz. \u015bm. oraz dusze w czy\u015b\u0107cu<\/p>\n\n\n\n<p>&nbsp;&nbsp;&nbsp;&nbsp;&nbsp;&nbsp;&nbsp;&nbsp;&nbsp;&nbsp;&nbsp;&nbsp;&nbsp;&nbsp;&nbsp;&nbsp; cierpi\u0105ce<\/p>\n\n\n\n<p><strong>&nbsp; 9.3o \u2013 <\/strong>++ Waldemara w 50 rocz. \u015bm., Floriana, Juli\u0119 i Jana Miko\u0142ajewskich oraz Mari\u0119 i Jana<\/p>\n\n\n\n<p>&nbsp;&nbsp;&nbsp;&nbsp;&nbsp;&nbsp;&nbsp;&nbsp;&nbsp;&nbsp;&nbsp;&nbsp;&nbsp;&nbsp; &nbsp;Lewandowskich \u2013 modli si\u0119 rodzina&nbsp;<\/p>\n\n\n\n<p><strong>11.oo \u2013 1) <\/strong>+ Zbigniewa \u0141oz\u0119 w 4 rocz. \u015bm. oraz ++ z rodziny \u0141oz\u00f3w, Cie\u015bli\u0144skich, Wr\u00f3blewskich<\/p>\n\n\n\n<p>&nbsp;&nbsp;&nbsp;&nbsp;&nbsp;&nbsp;&nbsp;&nbsp;&nbsp;&nbsp;&nbsp;&nbsp;&nbsp;&nbsp;&nbsp; i Wojciechowskich \u2013 modli si\u0119 rodzina<\/p>\n\n\n\n<p><strong>&nbsp;&nbsp;&nbsp;&nbsp;&nbsp;&nbsp;&nbsp;&nbsp;&nbsp;&nbsp;&nbsp; &nbsp; 2) <\/strong>++ rodzic\u00f3w: Edwarda i Ann\u0119 P\u0142atk\u00f3w \u2013 modli si\u0119 c\u00f3rka<\/p>\n\n\n\n<p><strong>12.3o \u2013 1) <\/strong>+ Zbigniewa w 6 rocz. \u015bm. oraz ++ rodzic\u00f3w \u2013 modli si\u0119 rodzina<\/p>\n\n\n\n<p><strong>&nbsp;&nbsp;&nbsp;&nbsp;&nbsp;&nbsp;&nbsp;&nbsp;&nbsp;&nbsp;&nbsp; &nbsp; 2)<\/strong> ++ Stanis\u0142aw\u0119 w 3 rocz. \u015bm. i Ryszarda Forenc\u00f3w \u2013 modli si\u0119 rodzina<\/p>\n\n\n\n<p><strong>18.oo \u2013 <\/strong>++ Rozali\u0119 i Wac\u0142awa Cie\u015blak\u00f3w \u2013 modli si\u0119 c\u00f3rka z dzie\u0107mi<\/p>\n","protected":false},"excerpt":{"rendered":"<p>Sk\u0142adaj\u0105c Ofiar\u0119, kt\u00f3ra nam przypomina niezmierzon\u0105 mi\u0142o\u015b\u0107 Twojego Syna, pokornie prosimy Ci\u0119, Bo\u017ce, przyjmij intencje Twoich wiernych i spraw przez dzia\u0142anie Eucharystii, aby w naszych rodzinach wzrasta\u0142a prawdziwa wiara, \u015bwi\u0119to\u015b\u0107 \u017cycia, braterska mi\u0142o\u015b\u0107 i duch modlitwy. Niech Matka Naj\u015bwi\u0119tsza wyprosi \u0142aski, o kt\u00f3re modlili\u015bmy si\u0119 w tej Mszy \u015bw. dla&#8230; <a class=\"continue-reading-link\" href=\"http:\/\/parafia.scinawa.info\/index.php\/2024\/10\/19\/intencje-mszalne-20-10-27-10-2024\/\">Czytaj dalej <span class=\"meta-nav\">&rarr; <\/span><\/a><\/p>\n","protected":false},"author":2,"featured_media":0,"comment_status":"closed","ping_status":"closed","sticky":false,"template":"","format":"standard","meta":{"footnotes":""},"categories":[39],"tags":[],"class_list":["post-2756","post","type-post","status-publish","format-standard","hentry","category-intencje"],"_links":{"self":[{"href":"http:\/\/parafia.scinawa.info\/index.php\/wp-json\/wp\/v2\/posts\/2756","targetHints":{"allow":["GET"]}}],"collection":[{"href":"http:\/\/parafia.scinawa.info\/index.php\/wp-json\/wp\/v2\/posts"}],"about":[{"href":"http:\/\/parafia.scinawa.info\/index.php\/wp-json\/wp\/v2\/types\/post"}],"author":[{"embeddable":true,"href":"http:\/\/parafia.scinawa.info\/index.php\/wp-json\/wp\/v2\/users\/2"}],"replies":[{"embeddable":true,"href":"http:\/\/parafia.scinawa.info\/index.php\/wp-json\/wp\/v2\/comments?post=2756"}],"version-history":[{"count":1,"href":"http:\/\/parafia.scinawa.info\/index.php\/wp-json\/wp\/v2\/posts\/2756\/revisions"}],"predecessor-version":[{"id":2757,"href":"http:\/\/parafia.scinawa.info\/index.php\/wp-json\/wp\/v2\/posts\/2756\/revisions\/2757"}],"wp:attachment":[{"href":"http:\/\/parafia.scinawa.info\/index.php\/wp-json\/wp\/v2\/media?parent=2756"}],"wp:term":[{"taxonomy":"category","embeddable":true,"href":"http:\/\/parafia.scinawa.info\/index.php\/wp-json\/wp\/v2\/categories?post=2756"},{"taxonomy":"post_tag","embeddable":true,"href":"http:\/\/parafia.scinawa.info\/index.php\/wp-json\/wp\/v2\/tags?post=2756"}],"curies":[{"name":"wp","href":"https:\/\/api.w.org\/{rel}","templated":true}]}}