{"id":2761,"date":"2024-10-26T15:21:45","date_gmt":"2024-10-26T13:21:45","guid":{"rendered":"http:\/\/parafia.scinawa.info\/?p=2761"},"modified":"2024-10-26T15:21:45","modified_gmt":"2024-10-26T13:21:45","slug":"intencje-mszalne-01-11-02-11-2024","status":"publish","type":"post","link":"http:\/\/parafia.scinawa.info\/index.php\/2024\/10\/26\/intencje-mszalne-01-11-02-11-2024\/","title":{"rendered":"INTENCJE MSZALNE 01.11. \u2013 02.11. 2024"},"content":{"rendered":"\n<p><strong><em>Sk\u0142adaj\u0105c Ofiar\u0119, kt\u00f3ra nam przypomina niezmierzon\u0105 mi\u0142o\u015b\u0107 Twojego Syna, pokornie prosimy Ci\u0119, Bo\u017ce, przyjmij intencje Twoich wiernych i spraw przez dzia\u0142anie Eucharystii, aby w naszych rodzinach wzrasta\u0142a prawdziwa wiara, \u015bwi\u0119to\u015b\u0107 \u017cycia, braterska mi\u0142o\u015b\u0107 i duch modlitwy. <\/em><\/strong><strong>Niech Matka Naj\u015bwi\u0119tsza wyprosi \u0142aski, o kt\u00f3re modlili\u015bmy si\u0119 w tej Mszy \u015bw. dla \u2026 Za\u015b zmar\u0142ym \u2026 za kt\u00f3rych odprawiali\u015bmy Msz\u0119 \u015bw.: <u>wieczny odpoczynek racz im da\u0107 Panie<\/u> (\u2026); niech odpoczywaj\u0105 w pokoju wiecznym. Amen<\/strong><\/p>\n\n\n\n<p><strong><u>01.11<em>. \u2013 PI\u0104TEK \u2013 UROCZYSTO\u015a\u0106 WSZYSTKICH \u015aWI\u0118TYCH<\/em><\/u><\/strong><\/p>\n\n\n\n<p><a><strong>8.oo \u2013 1) <\/strong><\/a>++ m\u0119\u017ca Henryka, tat\u0119 Boles\u0142awa oraz ++ z rodziny Bilewicz\u00f3w, Olejarnik\u00f3w, Dec\u00f3w i dusze<\/p>\n\n\n\n<p>&nbsp;&nbsp;&nbsp;&nbsp;&nbsp;&nbsp;&nbsp;&nbsp;&nbsp;&nbsp;&nbsp;&nbsp;&nbsp;&nbsp; w czy\u015b\u0107cu cierpi\u0105ce \u2013 modli si\u0119 rodzina &nbsp;<\/p>\n\n\n\n<p><strong>&nbsp;&nbsp;&nbsp;&nbsp;&nbsp;&nbsp;&nbsp;&nbsp;&nbsp;&nbsp;&nbsp; &nbsp; 2)<\/strong> + Grzegorza i dusze w czy\u015b\u0107cu cierpi\u0105ce<\/p>\n\n\n\n<p><strong>&nbsp; 9.3o \u2013<\/strong> + Tadeusza Zielonego i++ z rodziny Zielonych i Barabach\u00f3w<\/p>\n\n\n\n<p><strong>12.oo \u2013&nbsp; intencja zbiorowa na cmentarzu:<\/strong><strong><\/strong><\/p>\n\n\n\n<p><strong>&#8211;&nbsp; za ++ pochowanych na naszym cmentarzu<\/strong><\/p>\n\n\n\n<p><strong>&nbsp;1)<\/strong> ++ z rodziny J\u00f3zefiak\u00f3w, Blok\u00f3w, Bilewicz\u00f3w, Fisiork\u00f3w, Bogdana Wachowiaka i Wies\u0142awa Ko\u0142acza<strong><\/strong><\/p>\n\n\n\n<p><strong>2)<\/strong> ++ Mariann\u0119 i Boles\u0142awa Sztab\u00f3w<\/p>\n\n\n\n<p><strong>3)<\/strong> + Ryszarda Wielgusa \u2013 modli si\u0119 rodzina<\/p>\n\n\n\n<p><strong>4)<\/strong> ++ Franciszk\u0119 i Stefani\u0119 Parkasiewicz\u00f3w, ++ z rodziny Olejarnik\u00f3w i Wr\u00f3blewskich \u2013 modli si\u0119 rodzina<\/p>\n\n\n\n<p><strong>5)<\/strong> zaj. P. Kras<\/p>\n\n\n\n<p><strong>6)<\/strong> + m\u0119\u017ca Ryszarda w 25 rocz. \u015bm. i ++ rodzic\u00f3w z obu stron oraz braci: Mariana i W\u0142adys\u0142awa<\/p>\n\n\n\n<p><strong>7)<\/strong> ++ z rodziny Miko\u0142ajuk\u00f3w, Rodziewicz\u00f3w, Stanis\u0142awskich i Idkowiak\u00f3w<\/p>\n\n\n\n<p><strong>8)<\/strong> ++ Franciszk\u0119 i Stefani\u0119 Parkasiewicz\u00f3w, ++ z rodziny Olejarnik\u00f3w i Wr\u00f3blewskich oraz + ks. Bogdana<\/p>\n\n\n\n<p>&nbsp;&nbsp;&nbsp; Kaczorowskiego \u2013 modli si\u0119 rodzina<\/p>\n\n\n\n<p><strong>9)<\/strong> ++ z rodziny Kobl\u00f3w, So\u015bnickich, Chabraszewskich, Rozkowi\u0144skich, \u017bo\u0142y\u0144skich, Romaniak\u00f3w,<\/p>\n\n\n\n<p>&nbsp;&nbsp;&nbsp;&nbsp; Siwak\u00f3w, Mazur\u00f3w oraz + Romana<\/p>\n\n\n\n<p><strong>10)<\/strong> ++ rodzic\u00f3w: Janin\u0119 i W\u0142adys\u0142awa Zalewskich, Aniel\u0119 i W\u0142odzimierza Pinkus\u00f3w, ++ rodzic\u00f3w<\/p>\n\n\n\n<p>&nbsp;&nbsp;&nbsp;&nbsp;&nbsp;&nbsp; chrzestnych, chrze\u015bniaka Micha\u0142a oraz ++ krewnych \u2013 modl\u0105 si\u0119 dzieci z rodzinami<\/p>\n\n\n\n<p><strong>11)<\/strong><\/p>\n\n\n\n<p><strong>12)<\/strong><\/p>\n\n\n\n<p><strong>13)<\/strong><\/p>\n\n\n\n<p><strong>14)<\/strong><\/p>\n\n\n\n<p><strong>15)<\/strong><\/p>\n\n\n\n<p><strong><u>02.11<em>. \u2013 SOBOTA \u2013 WSPOMNIENIE ZMAR\u0141YCH<\/em><\/u><\/strong><em><\/em><\/p>\n\n\n\n<p><a><strong>&nbsp; 8.oo <\/strong><\/a>&nbsp;<strong>\u2013&nbsp; intencja zbiorowa<\/strong><strong><\/strong><\/p>\n\n\n\n<p><strong>1) <\/strong>++ Mari\u0119, Antoniego i J\u00f3zefa Cirog\u00f3w, Karolin\u0119 i Antoniego Ob\u0142oz\u00f3w oraz ++ z tych rodzin i dusze<\/p>\n\n\n\n<p>&nbsp;&nbsp;&nbsp;&nbsp; w czy\u015b\u0107cu cierpi\u0105ce \u2013 modli si\u0119 rodzina<strong><\/strong><\/p>\n\n\n\n<p><strong>2) <\/strong>++ rodzic\u00f3w: Helen\u0119 i J\u00f3zefa Kaczan\u00f3w, te\u015bcia Boles\u0142awa, Henryka Deca, oraz ++ z rodziny<\/p>\n\n\n\n<p>&nbsp;&nbsp;&nbsp; Bilewicz\u00f3w, Kaczan\u00f3w i Jastrz\u0119bskich<\/p>\n\n\n\n<p><strong>3)<\/strong> za dusze w czy\u015b\u0107cu cierpi\u0105ce<\/p>\n\n\n\n<p><strong>4)<\/strong><\/p>\n\n\n\n<p><strong>5)<\/strong><\/p>\n\n\n\n<p><strong>6)<\/strong><\/p>\n\n\n\n<p><strong>16.oo <\/strong>&nbsp;<strong>\u2013&nbsp; intencja zbiorowa<\/strong><\/p>\n\n\n\n<p><strong>1)&nbsp; <\/strong>++ Kazimierza w 15 rocz. \u015bm., Iwett\u0119, Janin\u0119 i Kazimierza \u2013 modli si\u0119 rodzina<\/p>\n\n\n\n<p><strong>2)<\/strong><\/p>\n\n\n\n<p><strong>3)<\/strong><\/p>\n\n\n\n<p><strong>4)<\/strong><\/p>\n\n\n\n<p><strong>5)<\/strong><\/p>\n\n\n\n<p><strong>6)<\/strong><\/p>\n\n\n\n<p><strong>18.oo <\/strong>&nbsp;<strong>\u2013&nbsp; <\/strong><em>intencja wynagradzaj\u0105ca Niepokalanemu Sercu NMP<\/em><strong>&nbsp;<\/strong><\/p>\n\n\n\n<p><strong>18.oo <\/strong>&nbsp;<strong>\u2013&nbsp; <u>intencja zbiorowa<\/u><\/strong><\/p>\n\n\n\n<p><strong>1) <\/strong>zaj. P. Bilewicz<\/p>\n\n\n\n<p><strong>2) <\/strong>++ Wies\u0142awa Ko\u0142acza, Jana i Stanis\u0142aw\u0119 Pytlarz\u00f3w oraz Krzysztofa Kie\u0142bas\u0119 \u2013 modli si\u0119 rodzina<strong><\/strong><\/p>\n\n\n\n<p><strong>3)<\/strong><\/p>\n\n\n\n<p><strong>4)<\/strong><\/p>\n\n\n\n<p><strong>5)<\/strong><\/p>\n\n\n\n<p><strong>6)<\/strong><\/p>\n","protected":false},"excerpt":{"rendered":"<p>Sk\u0142adaj\u0105c Ofiar\u0119, kt\u00f3ra nam przypomina niezmierzon\u0105 mi\u0142o\u015b\u0107 Twojego Syna, pokornie prosimy Ci\u0119, Bo\u017ce, przyjmij intencje Twoich wiernych i spraw przez dzia\u0142anie Eucharystii, aby w naszych rodzinach wzrasta\u0142a prawdziwa wiara, \u015bwi\u0119to\u015b\u0107 \u017cycia, braterska mi\u0142o\u015b\u0107 i duch modlitwy. Niech Matka Naj\u015bwi\u0119tsza wyprosi \u0142aski, o kt\u00f3re modlili\u015bmy si\u0119 w tej Mszy \u015bw. dla&#8230; <a class=\"continue-reading-link\" href=\"http:\/\/parafia.scinawa.info\/index.php\/2024\/10\/26\/intencje-mszalne-01-11-02-11-2024\/\">Czytaj dalej <span class=\"meta-nav\">&rarr; <\/span><\/a><\/p>\n","protected":false},"author":2,"featured_media":0,"comment_status":"closed","ping_status":"closed","sticky":false,"template":"","format":"standard","meta":{"footnotes":""},"categories":[39],"tags":[],"class_list":["post-2761","post","type-post","status-publish","format-standard","hentry","category-intencje"],"_links":{"self":[{"href":"http:\/\/parafia.scinawa.info\/index.php\/wp-json\/wp\/v2\/posts\/2761","targetHints":{"allow":["GET"]}}],"collection":[{"href":"http:\/\/parafia.scinawa.info\/index.php\/wp-json\/wp\/v2\/posts"}],"about":[{"href":"http:\/\/parafia.scinawa.info\/index.php\/wp-json\/wp\/v2\/types\/post"}],"author":[{"embeddable":true,"href":"http:\/\/parafia.scinawa.info\/index.php\/wp-json\/wp\/v2\/users\/2"}],"replies":[{"embeddable":true,"href":"http:\/\/parafia.scinawa.info\/index.php\/wp-json\/wp\/v2\/comments?post=2761"}],"version-history":[{"count":1,"href":"http:\/\/parafia.scinawa.info\/index.php\/wp-json\/wp\/v2\/posts\/2761\/revisions"}],"predecessor-version":[{"id":2762,"href":"http:\/\/parafia.scinawa.info\/index.php\/wp-json\/wp\/v2\/posts\/2761\/revisions\/2762"}],"wp:attachment":[{"href":"http:\/\/parafia.scinawa.info\/index.php\/wp-json\/wp\/v2\/media?parent=2761"}],"wp:term":[{"taxonomy":"category","embeddable":true,"href":"http:\/\/parafia.scinawa.info\/index.php\/wp-json\/wp\/v2\/categories?post=2761"},{"taxonomy":"post_tag","embeddable":true,"href":"http:\/\/parafia.scinawa.info\/index.php\/wp-json\/wp\/v2\/tags?post=2761"}],"curies":[{"name":"wp","href":"https:\/\/api.w.org\/{rel}","templated":true}]}}