{"id":2765,"date":"2024-10-26T16:01:51","date_gmt":"2024-10-26T14:01:51","guid":{"rendered":"http:\/\/parafia.scinawa.info\/?p=2765"},"modified":"2024-10-26T16:01:51","modified_gmt":"2024-10-26T14:01:51","slug":"ogloszenia-duszpasterskie-30-niedziela-zwykla-27-10-2024","status":"publish","type":"post","link":"http:\/\/parafia.scinawa.info\/index.php\/2024\/10\/26\/ogloszenia-duszpasterskie-30-niedziela-zwykla-27-10-2024\/","title":{"rendered":"Og\u0142oszenia duszpasterskie &#8211; 30 Niedziela zwyk\u0142a \u2013 27.10. 2024"},"content":{"rendered":"\n<p><strong><u>1<\/u><\/strong><strong>.<\/strong> Dzi\u015b prze\u017cywamy <strong><em>30 Niedziel\u0119 zwyk\u0142\u0105<\/em><\/strong> oraz Rocznic\u0119 po\u015bwi\u0119cenia w\u0142asnego ko\u015bcio\u0142a. Msze \u015bw. wg porz\u0105dku niedzielnego.<\/p>\n\n\n\n<p><strong><u>2<\/u><\/strong><strong>.<\/strong> Msze \u015bw. w tygodniu&nbsp; o <strong>7<sup>00<\/sup><\/strong> i <strong>18<sup>00<\/sup><\/strong>.<\/p>\n\n\n\n<p><strong><u>3.<\/u><\/strong> Codziennie spowied\u017a i adoracja Naj\u015bwi\u0119tszego Sakramentu o godz. <strong>17<sup>00<\/sup>, do czwartku w\u0142\u0105cznie <\/strong><strong>r\u00f3\u017caniec o <\/strong><strong>17<sup>30 <\/sup>, <\/strong><strong>a od 3 listopada nabo\u017ce\u0144stwa wypominkowe o <\/strong><strong>17<sup>30<\/sup> wg planu.<\/strong><\/p>\n\n\n\n<p><strong><u>4<\/u><\/strong><strong>.<\/strong> <strong>&nbsp;<\/strong>W tym tygodniu obchodzimy:<\/p>\n\n\n\n<p>&#8211; <strong><em><u>W pi\u0105tek uroczysto\u015b\u0107 Wszystkich \u015awi\u0119tych<\/u><\/em><\/strong>. Porz\u0105dek Mszy \u015bw. w ko\u015bcio\u0142ach: <strong>8<sup>00<\/sup>, 9<sup>30<\/sup> i R\u0119sz\u00f3w &#8211; 9<sup>30.<\/sup> Natomiast <u>&nbsp;Msza i&nbsp; procesja na cmentarzu o 12<sup>00<\/sup><\/u>. Msza \u015bw. na cmentarzu b\u0119dzie odprawiana za <a>wszystkich zmar\u0142ych spoczywaj\u0105cych na naszym cmentarzu<\/a> i w intencjach przez Was podanych.&nbsp; <\/strong>&nbsp;Tradycyjnie <strong><em>1 i 2 Listopada zbierane s\u0105 ofiary do puszek na Wy\u017csze Seminarium Duchowne w Legnicy. B\u00f3g zap\u0142a\u0107 za ofiary.<\/em><\/strong><\/p>\n\n\n\n<p><strong><u>5<\/u><\/strong><strong>.<\/strong> Wierni, kt\u00f3rzy pobo\u017cnie nawiedz\u0105 cmentarz i pomodl\u0105 si\u0119 za zmar\u0142ych, mog\u0105 uzyska\u0107 i ofiarowa\u0107 za nich <strong><u>odpust zupe\u0142ny<\/u><\/strong> przez 8 dni w listopadzie. <strong><em><u>Warunki odpustu<\/u><\/em><\/strong>: stan \u0142aski u\u015bwi\u0119caj\u0105cej; pe\u0142ne uczestnictwo w Eucharystii z Komuni\u0105 \u015bw.; nawiedzenie cmentarza; odm\u00f3wienie modlitwy Ojcze nasz.., w intencjach Ojca \u015awi\u0119tego (np. Pod Twoj\u0105 obron\u0119); modlitwa za zmar\u0142ych, brak przywi\u0105zania do jakiegokolwiek grzechu, nawet powszedniego.<\/p>\n\n\n\n<p><strong><u>6<\/u><\/strong><strong>.<\/strong>&nbsp; <strong>W sobot\u0119 \u2013 2 listopada &#8211;&nbsp; wspomnienie Wszystkich Wiernych Zmar\u0142ych. Msze \u015bw. zbiorowe w ko\u015bciele parafialnym o godz. <\/strong><strong>8<sup>00<\/sup><\/strong><strong>, <\/strong><strong>16<sup>00<\/sup><\/strong><strong> i <\/strong><strong>18<sup>00<\/sup><\/strong><strong>. W<\/strong><strong> R\u0119szowie o <u>17<sup>00<\/sup>.<\/u><\/strong><\/p>\n\n\n\n<p><strong><u>7<\/u><\/strong><strong>.<\/strong> W tym tygodniu obchodzimy I pi\u0105tek i I sobot\u0119 miesi\u0105ca.<\/p>\n\n\n\n<p><strong><u>8<\/u><\/strong><strong>.<\/strong> <strong><em>Odwiedziny chorych z racji I pi\u0105tku miesi\u0105ca &nbsp;&#8211; <u>w czwartek (31.10.2024) od godz. 8.30<\/u>.<\/em><\/strong><\/p>\n\n\n\n<p><strong><u>9. W sobot\u0119<\/u><\/strong> &#8211;&nbsp; nabo\u017ce\u0144stwo <strong>I soboty miesi\u0105ca<\/strong> <em>o godz.<\/em><strong>17<sup>00<\/sup><\/strong><\/p>\n\n\n\n<p><strong><u>10<\/u><\/strong><strong>. <\/strong>W przysz\u0142\u0105 niedziel\u0119 b\u0119dziemy prze\u017cywa\u0107 <strong><em>31 Niedziel\u0119 zwyk\u0142\u0105.<\/em><\/strong> Msze \u015bw. wg porz\u0105dku niedzielnego. Zmiana tajemnic \u017bywego R\u00f3\u017ca\u0144ca o <strong>10<sup>30<\/sup>.<\/strong><\/p>\n\n\n\n<p><strong><u>11<\/u><\/strong><strong>.<\/strong> Kancelaria czynna po Mszy \u015bw. wieczornej z wyj\u0105tkiem niedziel, uroczysto\u015bci i \u015bwi\u0105t.<\/p>\n\n\n\n<p><strong><u>12<\/u><\/strong><strong>.<\/strong> Do nabycia jest prasa katolicka: Niedziela, Go\u015b\u0107 Niedzielny i R\u00f3\u017caniec.<\/p>\n\n\n\n<p><strong><u>13<\/u><\/strong><strong>.<\/strong> Dzi\u0119kuj\u0119 wszystkim, kt\u00f3rzy w tym tygodniu sprz\u0105tali \u015bwi\u0105tyni\u0119 i przygotowali j\u0105 na nasze spotkanie eucharystyczne.<\/p>\n\n\n\n<p><strong><u>14<\/u><\/strong><strong>.<\/strong> Serdeczne B\u00f3g zap\u0142a\u0107 za ofiary sk\u0142adane na remonty w naszej parafii.<\/p>\n\n\n\n<p><strong><u>15.<\/u><\/strong> &nbsp;Intencje mszalne, obrazki \u2013 pami\u0105tki odprawionej Mszy \u015bw.<\/p>\n\n\n\n<p><strong><u>16<\/u><\/strong><strong>. <\/strong>Kartki wypominkowe znajduj\u0105 si\u0119 przy \u0142awkach w ko\u015bciele i na stoliku pod ekranem. Wypisane kartki wypominkowe prosz\u0119 sk\u0142ada\u0107 w kopertach z adresem do <strong><em><u>skarbony pod ambon\u0105<\/u><\/em><\/strong>.<\/p>\n\n\n\n<p><em>\u017byczymy mi\u0142ego tygodnia i obfitych \u0142ask Bo\u017cych.<\/em><\/p>\n","protected":false},"excerpt":{"rendered":"<p>1. Dzi\u015b prze\u017cywamy 30 Niedziel\u0119 zwyk\u0142\u0105 oraz Rocznic\u0119 po\u015bwi\u0119cenia w\u0142asnego ko\u015bcio\u0142a. Msze \u015bw. wg porz\u0105dku niedzielnego. 2. Msze \u015bw. w tygodniu&nbsp; o 700 i 1800. 3. Codziennie spowied\u017a i adoracja Naj\u015bwi\u0119tszego Sakramentu o godz. 1700, do czwartku w\u0142\u0105cznie r\u00f3\u017caniec o 1730 , a od 3 listopada nabo\u017ce\u0144stwa wypominkowe o 1730&#8230; <a class=\"continue-reading-link\" href=\"http:\/\/parafia.scinawa.info\/index.php\/2024\/10\/26\/ogloszenia-duszpasterskie-30-niedziela-zwykla-27-10-2024\/\">Czytaj dalej <span class=\"meta-nav\">&rarr; <\/span><\/a><\/p>\n","protected":false},"author":2,"featured_media":0,"comment_status":"closed","ping_status":"closed","sticky":false,"template":"","format":"standard","meta":{"footnotes":""},"categories":[40],"tags":[],"class_list":["post-2765","post","type-post","status-publish","format-standard","hentry","category-ogloszenia-duszpasterskie"],"_links":{"self":[{"href":"http:\/\/parafia.scinawa.info\/index.php\/wp-json\/wp\/v2\/posts\/2765","targetHints":{"allow":["GET"]}}],"collection":[{"href":"http:\/\/parafia.scinawa.info\/index.php\/wp-json\/wp\/v2\/posts"}],"about":[{"href":"http:\/\/parafia.scinawa.info\/index.php\/wp-json\/wp\/v2\/types\/post"}],"author":[{"embeddable":true,"href":"http:\/\/parafia.scinawa.info\/index.php\/wp-json\/wp\/v2\/users\/2"}],"replies":[{"embeddable":true,"href":"http:\/\/parafia.scinawa.info\/index.php\/wp-json\/wp\/v2\/comments?post=2765"}],"version-history":[{"count":1,"href":"http:\/\/parafia.scinawa.info\/index.php\/wp-json\/wp\/v2\/posts\/2765\/revisions"}],"predecessor-version":[{"id":2766,"href":"http:\/\/parafia.scinawa.info\/index.php\/wp-json\/wp\/v2\/posts\/2765\/revisions\/2766"}],"wp:attachment":[{"href":"http:\/\/parafia.scinawa.info\/index.php\/wp-json\/wp\/v2\/media?parent=2765"}],"wp:term":[{"taxonomy":"category","embeddable":true,"href":"http:\/\/parafia.scinawa.info\/index.php\/wp-json\/wp\/v2\/categories?post=2765"},{"taxonomy":"post_tag","embeddable":true,"href":"http:\/\/parafia.scinawa.info\/index.php\/wp-json\/wp\/v2\/tags?post=2765"}],"curies":[{"name":"wp","href":"https:\/\/api.w.org\/{rel}","templated":true}]}}