{"id":2802,"date":"2024-12-14T15:30:01","date_gmt":"2024-12-14T14:30:01","guid":{"rendered":"http:\/\/parafia.scinawa.info\/?p=2802"},"modified":"2024-12-14T15:30:01","modified_gmt":"2024-12-14T14:30:01","slug":"intencje-mszalne-15-12-22-12-2024","status":"publish","type":"post","link":"http:\/\/parafia.scinawa.info\/index.php\/2024\/12\/14\/intencje-mszalne-15-12-22-12-2024\/","title":{"rendered":"INTENCJE MSZALNE 15.12. \u00a0\u2013 22.12. 2024"},"content":{"rendered":"\n<p><strong><em>Sk\u0142adaj\u0105c Ofiar\u0119, kt\u00f3ra nam przypomina niezmierzon\u0105 mi\u0142o\u015b\u0107 Twojego Syna, pokornie prosimy Ci\u0119, Bo\u017ce, przyjmij intencje Twoich wiernych i spraw przez dzia\u0142anie Eucharystii, aby w naszych rodzinach wzrasta\u0142a prawdziwa wiara, \u015bwi\u0119to\u015b\u0107 \u017cycia, braterska mi\u0142o\u015b\u0107 i duch modlitwy. <\/em><\/strong><strong>Niech Matka Naj\u015bwi\u0119tsza wyprosi \u0142aski, o kt\u00f3re modlili\u015bmy si\u0119 w tej Mszy \u015bw. dla \u2026 Za\u015b zmar\u0142ym \u2026 za kt\u00f3rych odprawiali\u015bmy Msz\u0119 \u015bw.: <u>wieczny odpoczynek racz im da\u0107 Panie<\/u> (\u2026); niech odpoczywaj\u0105 w pokoju wiecznym. Amen<\/strong><\/p>\n\n\n\n<p><strong><u>15.12<em>. &#8211; NIEDZIELA&nbsp; <\/em><\/u><\/strong><em><\/em><\/p>\n\n\n\n<p><strong>8.oo \u2013 1) <\/strong>&nbsp;w 50 rocz. urodzin Danuty dzi\u0119kczynna za otrzymane \u0142aski z pro\u015bb\u0105 o zdrowie, dary Ducha<\/p>\n\n\n\n<p>&nbsp;&nbsp;&nbsp;&nbsp;&nbsp;&nbsp;&nbsp;&nbsp;&nbsp;&nbsp;&nbsp;&nbsp;&nbsp;&nbsp;&nbsp;&nbsp;&nbsp; \u015awi\u0119tego, Bo\u017ce b\u0142ogos\u0142awie\u0144stwo, opiek\u0119 NMP i \u015bw. Patron\u00f3w \u2013 modli si\u0119 rodzina<\/p>\n\n\n\n<p><strong>&nbsp;&nbsp;&nbsp;&nbsp;&nbsp;&nbsp;&nbsp;&nbsp;&nbsp;&nbsp;&nbsp; &nbsp; 2)<\/strong> ++ rodzic\u00f3w: Wincentego w 44 rocz. \u015bm. i Wiktori\u0119 w 27 rocz. \u015bm. Bekalarz\u00f3w \u2013 modli si\u0119 syn<\/p>\n\n\n\n<p>&nbsp;&nbsp;&nbsp;&nbsp;&nbsp;&nbsp;&nbsp;&nbsp;&nbsp;&nbsp;&nbsp;&nbsp;&nbsp;&nbsp;&nbsp;&nbsp;&nbsp; z rodzin\u0105 oraz w 90 rocz. urodzin Edwarda Bakalarczyka&nbsp; dzi\u0119kczynna za otrzymane \u0142aski<\/p>\n\n\n\n<p>&nbsp;&nbsp;&nbsp;&nbsp;&nbsp;&nbsp;&nbsp;&nbsp;&nbsp;&nbsp;&nbsp;&nbsp;&nbsp;&nbsp;&nbsp;&nbsp; z pro\u015bb\u0105 o zdrowie, dary Ducha \u015awi\u0119tego, Bo\u017ce b\u0142ogos\u0142awie\u0144stwo, opiek\u0119 NMP i \u015bw. Patron\u00f3w<\/p>\n\n\n\n<p>&nbsp;&nbsp;&nbsp;&nbsp;&nbsp;&nbsp;&nbsp;&nbsp;&nbsp;&nbsp;&nbsp;&nbsp;&nbsp;&nbsp;&nbsp;&nbsp; \u2013 modli si\u0119 rodzina<\/p>\n\n\n\n<p><strong>&nbsp; 9.3o \u2013 <\/strong>&nbsp;&nbsp;+ Ludwik\u0119 Szmigielsk\u0105 \u2013 modli si\u0119 rodzina<\/p>\n\n\n\n<p><strong>11.oo \u2013 1) <\/strong>++ Stanis\u0142aw\u0119 w 16 rocz. \u015bm., J\u00f3zefa, Adama, Wies\u0142awa i Tadeusza Wojciechowskich oraz<\/p>\n\n\n\n<p>&nbsp;&nbsp;&nbsp;&nbsp;&nbsp;&nbsp;&nbsp;&nbsp;&nbsp;&nbsp;&nbsp;&nbsp;&nbsp;&nbsp;&nbsp;&nbsp;&nbsp; S\u0142awomira, Barbar\u0119, Piotra i Krystyn\u0119 Rzymskich \u2013 modli si\u0119 rodzina<\/p>\n\n\n\n<p><strong>&nbsp;&nbsp;&nbsp;&nbsp;&nbsp;&nbsp;&nbsp;&nbsp;&nbsp;&nbsp;&nbsp; &nbsp; 2) <\/strong>+ Mari\u0119 Radzik w 16 rocz. \u015bm. oraz ++ z rodziny Kasjan\u00f3w, Radzik\u00f3w i Pekar\u00f3w \u2013 modl\u0105 si\u0119<\/p>\n\n\n\n<p>&nbsp;&nbsp;&nbsp;&nbsp;&nbsp;&nbsp;&nbsp;&nbsp;&nbsp;&nbsp;&nbsp;&nbsp;&nbsp;&nbsp;&nbsp;&nbsp;&nbsp; dzieci i wnuki<\/p>\n\n\n\n<p><strong>12.3o \u2013 1) <\/strong>w 20 rocz. urodzin syna Arkadiusza dzi\u0119kczynna za otrzymane \u0142aski z pro\u015bb\u0105 o zdrowie, dary<\/p>\n\n\n\n<p>&nbsp;&nbsp;&nbsp;&nbsp;&nbsp;&nbsp;&nbsp;&nbsp;&nbsp;&nbsp;&nbsp;&nbsp;&nbsp;&nbsp;&nbsp; &nbsp;Ducha \u015awi\u0119tego, Bo\u017ce b\u0142ogos\u0142awie\u0144stwo, opiek\u0119 NMP i \u015bw. Patron\u00f3w \u2013 modli si\u0119 rodzina<\/p>\n\n\n\n<p><strong>&nbsp;&nbsp;&nbsp;&nbsp;&nbsp;&nbsp;&nbsp;&nbsp;&nbsp;&nbsp;&nbsp; &nbsp; 2)<\/strong> w 5 rocz. urodzin Poli Natkaniec dzi\u0119kczynna za otrzymane \u0142aski z pro\u015bb\u0105 o zdrowie, dary<\/p>\n\n\n\n<p>&nbsp;&nbsp;&nbsp;&nbsp;&nbsp;&nbsp;&nbsp;&nbsp;&nbsp;&nbsp;&nbsp;&nbsp;&nbsp;&nbsp;&nbsp; &nbsp;Ducha \u015awi\u0119tego, Bo\u017ce b\u0142ogos\u0142awie\u0144stwo, opiek\u0119 NMP i \u015bw. Patron\u00f3w \u2013 modli si\u0119 rodzina<\/p>\n\n\n\n<p>&nbsp;&nbsp;&nbsp;&nbsp;&nbsp;&nbsp;&nbsp;&nbsp;&nbsp;&nbsp;&nbsp;&nbsp;&nbsp;&nbsp;&nbsp;&nbsp;&nbsp;&nbsp;&nbsp;&nbsp;&nbsp;&nbsp;&nbsp;&nbsp;&nbsp;&nbsp;&nbsp;&nbsp;&nbsp;&nbsp;&nbsp;&nbsp;&nbsp;&nbsp; <strong><em>Chrzest w czasie Mszy \u2013 Matylda Jagie\u0142\u0142o<\/em><\/strong><\/p>\n\n\n\n<p><strong>18.oo \u2013 1) <\/strong>+ Wies\u0142awa Ko\u0142acza \u2013 gregorianka 14<\/p>\n\n\n\n<p><strong>&nbsp;&nbsp;&nbsp;&nbsp;&nbsp;&nbsp;&nbsp;&nbsp;&nbsp;&nbsp;&nbsp; &nbsp; 2) <\/strong>+ m\u0119\u017ca Stanis\u0142awa Sosnowskiego w 3 rocz. \u015bm., ++ rodzic\u00f3w z obu stron: Iren\u0119 i Mariana,<\/p>\n\n\n\n<p>&nbsp;&nbsp;&nbsp;&nbsp;&nbsp;&nbsp;&nbsp;&nbsp;&nbsp;&nbsp;&nbsp;&nbsp;&nbsp;&nbsp;&nbsp;&nbsp;&nbsp; Stanis\u0142aw\u0119 i Stanis\u0142awa oraz Tomasza Szatkowskiego \u2013 modli si\u0119 \u017cona z rodzin\u0105<strong>&nbsp; &nbsp;<\/strong>&nbsp;<\/p>\n\n\n\n<p><strong><u>16.12<em>. \u2013 PONIEDZIA\u0141EK<\/em><\/u><\/strong><\/p>\n\n\n\n<p><strong>&nbsp; &nbsp;&nbsp;7.oo \u2013 <\/strong>&nbsp;<\/p>\n\n\n\n<p><strong>18.oo \u2013 1) <\/strong>&nbsp;+ Wies\u0142awa Ko\u0142acza \u2013 gregorianka 15<\/p>\n\n\n\n<p><strong>&nbsp;&nbsp;&nbsp;&nbsp;&nbsp;&nbsp;&nbsp;&nbsp;&nbsp;&nbsp;&nbsp; &nbsp; 2)<\/strong> + Tadeusza Kaczana oraz ++ z rodziny Kaczan\u00f3w i Pa\u0142ac\u00f3w \u2013 modli si\u0119 rodzina<\/p>\n\n\n\n<p><strong><u>17.12<em>. &#8211; WTOREK<\/em><\/u><\/strong><em><\/em><\/p>\n\n\n\n<p><strong>7.oo \u2013 <\/strong>+ syna Miros\u0142awa w 4 rocz. \u015bm. i za dusze w czy\u015b\u0107cu cierpi\u0105ce \u2013 modli si\u0119 rodzina<\/p>\n\n\n\n<p><strong>18.oo \u2013 <\/strong>+ Wies\u0142awa Ko\u0142acza \u2013 gregorianka 16<\/p>\n\n\n\n<p><strong><u>18.12<em>. \u2013 \u015aRODA<\/em><\/u><\/strong><\/p>\n\n\n\n<p><strong>&nbsp; 7.oo \u2013 <\/strong>+ Wies\u0142awa Ko\u0142acza \u2013 gregorianka 17<\/p>\n\n\n\n<p><strong>18.oo \u2013&nbsp; intencja zbiorowa nowennowa:<\/strong><\/p>\n\n\n\n<p><strong>1)<\/strong> + Mart\u0119 Ilk\u00f3w &nbsp;&#8211; 30 dzie\u0144 od pogrzebu &#8211; intencja od uczestnik\u00f3w Mszy pogrzebowej<\/p>\n\n\n\n<p><strong>2)<\/strong> + Henryka Zuterka &#8211; 30 dzie\u0144 od pogrzebu &#8211; intencja od uczestnik\u00f3w Mszy pogrzebowej<\/p>\n\n\n\n<p><strong>3)<\/strong> + Ryszarda Lachowicza &#8211; 30 dzie\u0144 od pogrzebu &#8211; intencja od uczestnik\u00f3w Mszy pogrzebowej<\/p>\n\n\n\n<p><strong>4)<\/strong><\/p>\n\n\n\n<p><strong>5)<\/strong><\/p>\n\n\n\n<p><strong><u>19.12<em>. \u2013 CZWARTEK \u2013 REKOLEKCJE ADWENTOWE<\/em><\/u><\/strong><em><\/em><\/p>\n\n\n\n<p><strong>&nbsp; 8.oo \u2013<\/strong>&nbsp;<\/p>\n\n\n\n<p><strong>16.oo \u2013<\/strong> + m\u0119\u017ca W\u0142adys\u0142awa Sulim\u0119 oraz ++ jego rodzic\u00f3w \u2013 modli si\u0119 \u017cona z rodzin\u0105<\/p>\n\n\n\n<p><strong>18.oo \u2013 1) <\/strong>&nbsp;+ Wies\u0142awa Ko\u0142acza \u2013 gregorianka 18<\/p>\n\n\n\n<p><strong>&nbsp;&nbsp;&nbsp;&nbsp;&nbsp;&nbsp;&nbsp;&nbsp;&nbsp;&nbsp;&nbsp; &nbsp; 2) <\/strong>++ Helen\u0119 i Paw\u0142a Bogacz\u00f3w oraz ++ z ca\u0142ej rodziny<\/p>\n\n\n\n<p><strong><u>20.12<em>. \u2013 PI\u0104TEK &#8211; REKOLEKCJE ADWENTOWE<\/em><\/u><\/strong><\/p>\n\n\n\n<p><strong>&nbsp; 8.oo \u2013<\/strong>&nbsp;<\/p>\n\n\n\n<p><strong>16.oo \u2013<\/strong>&nbsp; + Stefani\u0119 w 2 rocz. \u015bm. oraz ++ Wiktori\u0119, Michalin\u0119, Rozali\u0119, Franciszka i Jana z rodziny<\/p>\n\n\n\n<p>&nbsp;&nbsp;&nbsp;&nbsp;&nbsp;&nbsp;&nbsp;&nbsp;&nbsp;&nbsp;&nbsp;&nbsp;&nbsp;&nbsp;&nbsp; &nbsp;Puchniak\u00f3w \u2013 modli si\u0119 rodzina<\/p>\n\n\n\n<p><strong>18.oo \u2013 1) <\/strong>+ Wies\u0142awa Ko\u0142acza \u2013 gregorianka 19 &nbsp;<\/p>\n\n\n\n<p><strong>&nbsp;&nbsp;&nbsp;&nbsp;&nbsp;&nbsp;&nbsp;&nbsp;&nbsp;&nbsp;&nbsp; &nbsp; 2)<\/strong> + tragicznie Ew\u0119 w &nbsp;28 rocz. \u015bm. \u2013 modl\u0105 si\u0119 mama i brat<\/p>\n\n\n\n<p><strong><em><u>21.12. \u2013 SOBOTA &#8211; REKOLEKCJE ADWENTOWE<\/u><\/em><\/strong><\/p>\n\n\n\n<p><strong>&nbsp; 9.oo \u2013<\/strong>&nbsp; + Zofi\u0119 Kras &#8211; 30 dzie\u0144 od pogrzebu &#8211; intencja od uczestnik\u00f3w Mszy pogrzebowej<\/p>\n\n\n\n<p><strong>16.oo \u2013<\/strong> + Mari\u0119 Cieli\u0144sk\u0105&nbsp; w 2 rocz. \u015bm. \u2013 modl\u0105 si\u0119 c\u00f3rki<\/p>\n\n\n\n<p><strong>18.oo \u2013 1)<\/strong> + Wies\u0142awa Ko\u0142acza \u2013 gregorianka 20 <strong>&nbsp;<\/strong>&nbsp;<\/p>\n\n\n\n<p><strong>&nbsp;&nbsp;&nbsp;&nbsp;&nbsp;&nbsp;&nbsp;&nbsp;&nbsp;&nbsp;&nbsp; &nbsp; 2)<\/strong> ++ rodzic\u00f3w: Miko\u0142aja w 15 rocz. \u015bm. i Stefani\u0119 oraz ++ ich rodzic\u00f3w i rodze\u0144stwo<\/p>\n\n\n\n<p><strong><em><u>22.12. \u2013 NIEDZIELA&nbsp;<\/u><\/em><\/strong><\/p>\n\n\n\n<p><strong>&nbsp; 8.oo \u2013 1) <\/strong>++ Tadeusza, Stanis\u0142aw\u0119, Sylwestra, Tomasza, Stanis\u0142awa, Zdzis\u0142awa, Michalin\u0119 i Jana<\/p>\n\n\n\n<p><strong>&nbsp;&nbsp;&nbsp;&nbsp;&nbsp;&nbsp;&nbsp;&nbsp;&nbsp;&nbsp;&nbsp; &nbsp; 2)<\/strong> ++ Jadwig\u0119, Pietrzak, Krystiana Piszcza i Jana Dudk\u0119<\/p>\n\n\n\n<p><strong>&nbsp; 9.3o \u2013 <\/strong>++ rodzic\u00f3w z obu stron: Juli\u0119 i Eugeniusza, Franciszk\u0119 i Adolfa \u2013 modli si\u0119 rodzina&nbsp;<\/p>\n\n\n\n<p><strong>11.oo \u2013 1) <\/strong>+ m\u0119\u017ca J\u00f3zefa w 22 rocz. urodzin \u2013 modli si\u0119 \u017cona z rodzin\u0105<\/p>\n\n\n\n<p><strong>&nbsp;&nbsp;&nbsp;&nbsp;&nbsp;&nbsp;&nbsp;&nbsp;&nbsp;&nbsp;&nbsp; &nbsp; 2) <\/strong>++ rodzic\u00f3w: Mari\u0119 w 9 rocz. \u015bm. i Leona w 22 rocz. \u015bm z rodziny Bilewicz\u00f3w<\/p>\n\n\n\n<p>&nbsp;&nbsp;&nbsp;&nbsp;&nbsp;&nbsp;&nbsp;&nbsp;&nbsp;&nbsp;&nbsp;&nbsp;&nbsp;&nbsp;&nbsp;&nbsp;&nbsp; oraz ++ dziadk\u00f3w z obu stron \u2013 modli si\u0119 rodzina<\/p>\n\n\n\n<p><strong>12.3o \u2013 1) <\/strong>+ Wies\u0142awa Ko\u0142acza \u2013 gregorianka 21<\/p>\n\n\n\n<p><strong>&nbsp;&nbsp;&nbsp;&nbsp;&nbsp;&nbsp;&nbsp;&nbsp;&nbsp;&nbsp;&nbsp; &nbsp; 2)<\/strong> ++ J\u00f3zef\u0119 Dro\u0144 w 22 rocz. \u015bm., W\u0142adys\u0142aw\u0119 Laszczy\u0144sk\u0105 w 9 rocz. \u015bm. oraz Jolant\u0119<\/p>\n\n\n\n<p>&nbsp;&nbsp;&nbsp;&nbsp;&nbsp;&nbsp;&nbsp;&nbsp;&nbsp;&nbsp;&nbsp;&nbsp;&nbsp;&nbsp;&nbsp; &nbsp;Laszczy\u0144sk\u0105 \u2013 modli si\u0119 J\u00f3zefa z m\u0119\u017cem<\/p>\n\n\n\n<p><strong>18.oo \u2013 <\/strong>+ Teres\u0119 Marynowicz \u2013 modli si\u0119 m\u0105\u017c z dzie\u0107mi<strong> <\/strong>&nbsp;<\/p>\n","protected":false},"excerpt":{"rendered":"<p>Sk\u0142adaj\u0105c Ofiar\u0119, kt\u00f3ra nam przypomina niezmierzon\u0105 mi\u0142o\u015b\u0107 Twojego Syna, pokornie prosimy Ci\u0119, Bo\u017ce, przyjmij intencje Twoich wiernych i spraw przez dzia\u0142anie Eucharystii, aby w naszych rodzinach wzrasta\u0142a prawdziwa wiara, \u015bwi\u0119to\u015b\u0107 \u017cycia, braterska mi\u0142o\u015b\u0107 i duch modlitwy. Niech Matka Naj\u015bwi\u0119tsza wyprosi \u0142aski, o kt\u00f3re modlili\u015bmy si\u0119 w tej Mszy \u015bw. dla&#8230; <a class=\"continue-reading-link\" href=\"http:\/\/parafia.scinawa.info\/index.php\/2024\/12\/14\/intencje-mszalne-15-12-22-12-2024\/\">Czytaj dalej <span class=\"meta-nav\">&rarr; <\/span><\/a><\/p>\n","protected":false},"author":2,"featured_media":0,"comment_status":"closed","ping_status":"closed","sticky":false,"template":"","format":"standard","meta":{"footnotes":""},"categories":[39],"tags":[],"class_list":["post-2802","post","type-post","status-publish","format-standard","hentry","category-intencje"],"_links":{"self":[{"href":"http:\/\/parafia.scinawa.info\/index.php\/wp-json\/wp\/v2\/posts\/2802","targetHints":{"allow":["GET"]}}],"collection":[{"href":"http:\/\/parafia.scinawa.info\/index.php\/wp-json\/wp\/v2\/posts"}],"about":[{"href":"http:\/\/parafia.scinawa.info\/index.php\/wp-json\/wp\/v2\/types\/post"}],"author":[{"embeddable":true,"href":"http:\/\/parafia.scinawa.info\/index.php\/wp-json\/wp\/v2\/users\/2"}],"replies":[{"embeddable":true,"href":"http:\/\/parafia.scinawa.info\/index.php\/wp-json\/wp\/v2\/comments?post=2802"}],"version-history":[{"count":1,"href":"http:\/\/parafia.scinawa.info\/index.php\/wp-json\/wp\/v2\/posts\/2802\/revisions"}],"predecessor-version":[{"id":2803,"href":"http:\/\/parafia.scinawa.info\/index.php\/wp-json\/wp\/v2\/posts\/2802\/revisions\/2803"}],"wp:attachment":[{"href":"http:\/\/parafia.scinawa.info\/index.php\/wp-json\/wp\/v2\/media?parent=2802"}],"wp:term":[{"taxonomy":"category","embeddable":true,"href":"http:\/\/parafia.scinawa.info\/index.php\/wp-json\/wp\/v2\/categories?post=2802"},{"taxonomy":"post_tag","embeddable":true,"href":"http:\/\/parafia.scinawa.info\/index.php\/wp-json\/wp\/v2\/tags?post=2802"}],"curies":[{"name":"wp","href":"https:\/\/api.w.org\/{rel}","templated":true}]}}