{"id":2804,"date":"2024-12-21T13:16:59","date_gmt":"2024-12-21T12:16:59","guid":{"rendered":"http:\/\/parafia.scinawa.info\/?p=2804"},"modified":"2024-12-21T13:16:59","modified_gmt":"2024-12-21T12:16:59","slug":"intencje-mszalne-22-12-29-12-2024","status":"publish","type":"post","link":"http:\/\/parafia.scinawa.info\/index.php\/2024\/12\/21\/intencje-mszalne-22-12-29-12-2024\/","title":{"rendered":"INTENCJE MSZALNE 22.12. \u00a0\u2013 29.12. 2024"},"content":{"rendered":"\n<p><strong><em>Sk\u0142adaj\u0105c Ofiar\u0119, kt\u00f3ra nam przypomina niezmierzon\u0105 mi\u0142o\u015b\u0107 Twojego Syna, pokornie prosimy Ci\u0119, Bo\u017ce, przyjmij intencje Twoich wiernych i spraw przez dzia\u0142anie Eucharystii, aby w naszych rodzinach wzrasta\u0142a prawdziwa wiara, \u015bwi\u0119to\u015b\u0107 \u017cycia, braterska mi\u0142o\u015b\u0107 i duch modlitwy. <\/em><\/strong><strong>Niech Matka Naj\u015bwi\u0119tsza wyprosi \u0142aski, o kt\u00f3re modlili\u015bmy si\u0119 w tej Mszy \u015bw. dla \u2026 Za\u015b zmar\u0142ym \u2026 za kt\u00f3rych odprawiali\u015bmy Msz\u0119 \u015bw.: <u>wieczny odpoczynek racz im da\u0107 Panie<\/u> (\u2026); niech odpoczywaj\u0105 w pokoju wiecznym. Amen<\/strong><\/p>\n\n\n\n<p><strong><u>22.12<em>. &#8211; NIEDZIELA&nbsp; <\/em><\/u><\/strong><em><\/em><\/p>\n\n\n\n<p><strong>&nbsp; 8.oo \u2013 1) <\/strong>++ Tadeusza, Stanis\u0142aw\u0119, Sylwestra, Tomasza, Stanis\u0142awa, Zdzis\u0142awa, Michalin\u0119 i Jana<\/p>\n\n\n\n<p><strong>&nbsp;&nbsp;&nbsp;&nbsp;&nbsp;&nbsp;&nbsp;&nbsp;&nbsp;&nbsp;&nbsp; &nbsp; 2)<\/strong> ++ Jadwig\u0119 Pietrzak, Krystiana Piszcza i Jana Dudk\u0119<\/p>\n\n\n\n<p><strong>&nbsp; 9.3o \u2013 <\/strong>++ rodzic\u00f3w z obu stron: Juli\u0119 i Eugeniusza, Franciszk\u0119 i Adolfa \u2013 modli si\u0119 rodzina&nbsp;<\/p>\n\n\n\n<p><strong>11.oo \u2013 1) <\/strong>+ m\u0119\u017ca J\u00f3zefa w 22 rocz. \u015bm.\u2013 modli si\u0119 \u017cona z rodzin\u0105<\/p>\n\n\n\n<p><strong>&nbsp;&nbsp;&nbsp;&nbsp;&nbsp;&nbsp;&nbsp;&nbsp;&nbsp;&nbsp;&nbsp; &nbsp; 2) <\/strong>++ rodzic\u00f3w: Mari\u0119 w 9 rocz. \u015bm. i Leona w 22 rocz. \u015bm z rodziny Bilewicz\u00f3w<\/p>\n\n\n\n<p>&nbsp;&nbsp;&nbsp;&nbsp;&nbsp;&nbsp;&nbsp;&nbsp;&nbsp;&nbsp;&nbsp;&nbsp;&nbsp;&nbsp;&nbsp;&nbsp;&nbsp; oraz ++ dziadk\u00f3w z obu stron \u2013 modli si\u0119 rodzina<\/p>\n\n\n\n<p><strong>12.3o \u2013 1) <\/strong>+ Wies\u0142awa Ko\u0142acza \u2013 gregorianka 21<\/p>\n\n\n\n<p><strong>&nbsp;&nbsp;&nbsp;&nbsp;&nbsp;&nbsp;&nbsp;&nbsp;&nbsp;&nbsp;&nbsp; &nbsp; 2)<\/strong> ++ J\u00f3zef\u0119 Dro\u0144 w 22 rocz. \u015bm., W\u0142adys\u0142aw\u0119 Laszczy\u0144sk\u0105 w 9 rocz. \u015bm. oraz Jolant\u0119<\/p>\n\n\n\n<p>&nbsp;&nbsp;&nbsp;&nbsp;&nbsp;&nbsp;&nbsp;&nbsp;&nbsp;&nbsp;&nbsp;&nbsp;&nbsp;&nbsp;&nbsp;&nbsp; Laszczy\u0144sk\u0105 \u2013 modli si\u0119 J\u00f3zefa z m\u0119\u017cem<\/p>\n\n\n\n<p><strong>18.oo \u2013 <\/strong>+ Teres\u0119 Marynowicz \u2013 modli si\u0119 m\u0105\u017c z dzie\u0107mi<strong> &nbsp;<\/strong>&nbsp;<\/p>\n\n\n\n<p><strong><u>23.12<em>. \u2013 PONIEDZIA\u0141EK<\/em><\/u><\/strong><\/p>\n\n\n\n<p><strong>&nbsp; &nbsp;&nbsp;7.oo \u2013 <\/strong>&nbsp;+ Wies\u0142awa Ko\u0142acza \u2013 gregorianka 22<\/p>\n\n\n\n<p><strong>18.oo \u2013 1) <\/strong>+ Mari\u0119 Doln\u0105 w 31 rocz. \u015bm. oraz ++ z rodziny Dolnych, W\u00f3jcik\u00f3w, \u015awiercz\u00f3w i Meren\u00f3w<\/p>\n\n\n\n<p><strong>&nbsp;&nbsp;&nbsp;&nbsp;&nbsp;&nbsp;&nbsp;&nbsp;&nbsp;&nbsp;&nbsp; &nbsp; 2)<\/strong> w intencji ks. Adama z racji imienin dzi\u0119kczynna z pro\u015bb\u0105 o zdrowie, dary Ducha<\/p>\n\n\n\n<p>&nbsp;&nbsp;&nbsp;&nbsp;&nbsp;&nbsp;&nbsp;&nbsp;&nbsp;&nbsp;&nbsp;&nbsp;&nbsp;&nbsp;&nbsp;&nbsp; \u015awi\u0119tego, Bo\u017ce b\u0142ogos\u0142awie\u0144stwo i opiek\u0119 NMP \u2013 modli si\u0119 Apostolat Margaretka<\/p>\n\n\n\n<p><strong><u>24.12<em>. &#8211; WTOREK<\/em><\/u><\/strong><em><\/em><\/p>\n\n\n\n<p><strong>7.oo \u2013 <\/strong>+ Wies\u0142awa Ko\u0142acza \u2013 gregorianka 23<\/p>\n\n\n\n<p><strong><em><u>24.12. \u2013 WTOREK<\/u><\/em><\/strong><strong><u> &#8211; PASTERKI<\/u><\/strong><strong><\/strong><\/p>\n\n\n\n<p><strong>22.oo \u2013 1) <\/strong>++ m\u0119\u017ca Jana Gitlera, rodzic\u00f3w: Genowef\u0119 i Lucjana Ziernickich oraz ++ braci i siostry<\/p>\n\n\n\n<p>&nbsp;&nbsp;&nbsp;&nbsp;&nbsp;&nbsp;&nbsp;&nbsp;&nbsp;&nbsp;&nbsp;&nbsp;&nbsp;&nbsp;&nbsp;&nbsp;&nbsp; \u2013 modl\u0105 si\u0119 \u017cona, dzieci, wnuki i rodzina<\/p>\n\n\n\n<p><strong>&nbsp;&nbsp;&nbsp;&nbsp;&nbsp;&nbsp;&nbsp;&nbsp;&nbsp;&nbsp;&nbsp; &nbsp; 2)<\/strong> w 21 rocz. urodzin Dawida dzi\u0119kczynna za otrzymane \u0142aski z pro\u015bb\u0105 o zdrowie, dary Ducha<\/p>\n\n\n\n<p>&nbsp;&nbsp;&nbsp;&nbsp;&nbsp;&nbsp;&nbsp;&nbsp;&nbsp;&nbsp;&nbsp;&nbsp;&nbsp;&nbsp;&nbsp;&nbsp;&nbsp; \u015awi\u0119tego, Bo\u017ce b\u0142ogos\u0142awie\u0144stwo, opiek\u0119 NMP i \u015bw. Patron\u00f3w \u2013 modl\u0105 si\u0119 rodzice<\/p>\n\n\n\n<p><strong>24.oo \u2013 1) <\/strong>&nbsp;za Parafian<\/p>\n\n\n\n<p><strong>&nbsp;&nbsp;&nbsp;&nbsp;&nbsp;&nbsp;&nbsp;&nbsp;&nbsp;&nbsp;&nbsp; &nbsp; 2) <\/strong>w intencji Zenobii dzi\u0119kczynna za otrzymane \u0142aski z pro\u015bb\u0105 o zdrowie, dary Ducha \u015awi\u0119tego,<\/p>\n\n\n\n<p>&nbsp;&nbsp;&nbsp;&nbsp;&nbsp;&nbsp;&nbsp;&nbsp;&nbsp;&nbsp;&nbsp;&nbsp;&nbsp;&nbsp;&nbsp;&nbsp; &nbsp;Bo\u017ce b\u0142ogos\u0142awie\u0144stwo, opiek\u0119 NMP i \u015bw. Patron\u00f3w<strong><\/strong><\/p>\n\n\n\n<p><strong><u>25.12<em>. \u2013 \u015aRODA<\/em><\/u><\/strong><\/p>\n\n\n\n<p><strong>&nbsp; 9.3o \u2013 <\/strong>&nbsp;&nbsp;++ J\u00f3zef\u0119 Dro\u0144 w&nbsp; rocz. \u015bm., W\u0142adys\u0142aw\u0119 Laszczy\u0144sk\u0105 w rocz. \u015bm. oraz ++ Wiolett\u0119 i Zbigniewa<\/p>\n\n\n\n<p>&nbsp;&nbsp;&nbsp;&nbsp;&nbsp;&nbsp;&nbsp;&nbsp;&nbsp;&nbsp;&nbsp;&nbsp;&nbsp;&nbsp;&nbsp;&nbsp; Beni\u00f3w \u2013 modli si\u0119 rodzina Beni\u00f3w<\/p>\n\n\n\n<p><strong>11.oo \u2013 1) <\/strong>w intencji rodziny dzi\u0119kczynna za otrzymane \u0142aski, opiek\u0119 z pro\u015bb\u0105 o zdrowie, dary Ducha<\/p>\n\n\n\n<p>&nbsp;&nbsp;&nbsp;&nbsp;&nbsp;&nbsp;&nbsp;&nbsp;&nbsp;&nbsp;&nbsp;&nbsp;&nbsp;&nbsp;&nbsp;&nbsp; \u015awi\u0119tego, Bo\u017ce b\u0142ogos\u0142awie\u0144stwo, opiek\u0119 NMP i \u015bw. Patron\u00f3w \u2013 modli si\u0119 Janina z rodzin\u0105<\/p>\n\n\n\n<p><strong>&nbsp;&nbsp;&nbsp;&nbsp;&nbsp;&nbsp;&nbsp;&nbsp;&nbsp;&nbsp;&nbsp; &nbsp; 2) <\/strong>w intencji rodziny dzi\u0119kczynna za otrzymane \u0142aski z pro\u015bb\u0105 o zdrowie, dobre relacje w rodzinie,<\/p>\n\n\n\n<p>&nbsp;&nbsp;&nbsp;&nbsp;&nbsp;&nbsp;&nbsp;&nbsp;&nbsp;&nbsp;&nbsp;&nbsp;&nbsp;&nbsp;&nbsp;&nbsp; &nbsp;Zgod\u0119, dary Ducha \u015awi\u0119tego, Bo\u017ce b\u0142ogos\u0142awie\u0144stwo, opiek\u0119 NMP i \u015bw. Patron\u00f3w<\/p>\n\n\n\n<p><strong>12.3o \u2013 1) <\/strong>++ z rodziny J\u00f3zefiak\u00f3w, Blok\u00f3w, Fisiork\u00f3w i Bilewicz\u00f3w<\/p>\n\n\n\n<p><strong>&nbsp;&nbsp;&nbsp;&nbsp;&nbsp;&nbsp;&nbsp;&nbsp;&nbsp;&nbsp;&nbsp; &nbsp; 2)<\/strong> zaj. P. Ca\u0142a<\/p>\n\n\n\n<p><strong>18.oo <\/strong>+ Wies\u0142awa Ko\u0142acza \u2013 gregorianka 24<\/p>\n\n\n\n<p><strong><u>26.12<em>. \u2013 CZWARTEK <\/em><\/u><\/strong><em>&nbsp;<\/em><\/p>\n\n\n\n<p><strong>&nbsp;&nbsp;8.oo \u2013 1) <\/strong>++ Micha\u0142a i Albin\u0119 Pacur\u00f3w, Zofi\u0119 i Boles\u0142awa Borowskich oraz brata Mieczys\u0142awa Pacur\u0119<\/p>\n\n\n\n<p>&nbsp;&nbsp;&nbsp;&nbsp;&nbsp;&nbsp;&nbsp;&nbsp;&nbsp;&nbsp;&nbsp;&nbsp;&nbsp;&nbsp;&nbsp;&nbsp; \u2013 modli si\u0119 rodzina<\/p>\n\n\n\n<p><strong>&nbsp;&nbsp;&nbsp;&nbsp;&nbsp;&nbsp;&nbsp;&nbsp;&nbsp;&nbsp;&nbsp; &nbsp; 2)<\/strong> ++ J\u00f3zefa i Kazimier\u0119, W\u0142adys\u0142aw\u0119 i Stanis\u0142awa z rodziny Szymczak\u00f3w, Maryl\u0119 Sta\u0144czyk<\/p>\n\n\n\n<p>&nbsp;&nbsp;&nbsp;&nbsp;&nbsp;&nbsp;&nbsp;&nbsp;&nbsp;&nbsp;&nbsp;&nbsp;&nbsp;&nbsp; z domu Szymczak, ++ dziadk\u00f3w: Weronik\u0119 i Stanis\u0142awa Jakubowicz\u00f3w \u2013 modli si\u0119 rodzina<\/p>\n\n\n\n<p><strong>&nbsp; &nbsp;9.3o \u2013 <\/strong>&nbsp;++ J\u00f3zef\u0119 Dro\u0144 w 22 rocz. \u015bm., W\u0142adys\u0142aw\u0119 Laszczy\u0144sk\u0105 w 9 rocz. \u015bm. oraz ++ z rodziny<\/p>\n\n\n\n<p>&nbsp;&nbsp;&nbsp;&nbsp;&nbsp;&nbsp;&nbsp;&nbsp;&nbsp;&nbsp;&nbsp;&nbsp;&nbsp;&nbsp; Droni\u00f3w \u2013 modli si\u0119 c\u00f3rka i siostra Lucyna &nbsp;<\/p>\n\n\n\n<p><strong>11.oo \u2013 1) <\/strong>w rocz. urodzin El\u017cbiety dzi\u0119kczynna za otrzymane \u0142aski z pro\u015bb\u0105 o zdrowie, dary Ducha<\/p>\n\n\n\n<p>&nbsp;&nbsp;&nbsp;&nbsp;&nbsp;&nbsp;&nbsp;&nbsp;&nbsp;&nbsp;&nbsp;&nbsp;&nbsp;&nbsp;&nbsp;&nbsp;&nbsp; \u015awi\u0119tego, Bo\u017ce b\u0142ogos\u0142awie\u0144stwo, opiek\u0119 NMP i \u015bw. Patron\u00f3w \u2013 modli si\u0119 m\u0105\u017c z rodzin\u0105<\/p>\n\n\n\n<p><strong>&nbsp;&nbsp;&nbsp;&nbsp;&nbsp;&nbsp;&nbsp;&nbsp;&nbsp;&nbsp;&nbsp; &nbsp; 2) <\/strong>w 60 rocz. \u015blubu Krystyny i Kazimierza Malisz\u00f3w dzi\u0119kczynna za otrzymane \u0142aski z pro\u015bb\u0105<\/p>\n\n\n\n<p>&nbsp;&nbsp;&nbsp;&nbsp;&nbsp;&nbsp;&nbsp;&nbsp;&nbsp;&nbsp;&nbsp;&nbsp;&nbsp;&nbsp;&nbsp;&nbsp;&nbsp; o zdrowie, Bo\u017ce b\u0142ogos\u0142awie\u0144stwo, dary Ducha \u015awi\u0119tego, opiek\u0119 NMP i \u015bw. Patron\u00f3w na<\/p>\n\n\n\n<p>&nbsp;&nbsp;&nbsp;&nbsp;&nbsp;&nbsp;&nbsp;&nbsp;&nbsp;&nbsp;&nbsp;&nbsp;&nbsp;&nbsp;&nbsp;&nbsp;&nbsp;&nbsp; dalsze lata \u017cycia \u2013 modl\u0105 si\u0119 dzieci, wnuki i prawnuki<\/p>\n\n\n\n<p><strong>12.3o \u2013 1) <\/strong>+ Tadeusza Zielonego oraz ++ z rodziny Zielonych i Barabach\u00f3w<\/p>\n\n\n\n<p><strong>&nbsp;&nbsp;&nbsp;&nbsp;&nbsp;&nbsp;&nbsp;&nbsp;&nbsp;&nbsp;&nbsp; &nbsp; 2)<\/strong> ++ m\u0119\u017ca Edwarda, brata J\u00f3zefa, rodzic\u00f3w: Helen\u0119 i Teodora, te\u015bci\u00f3w: Mari\u0119 i Jana,<\/p>\n\n\n\n<p>&nbsp;&nbsp;&nbsp;&nbsp;&nbsp;&nbsp;&nbsp;&nbsp;&nbsp;&nbsp;&nbsp;&nbsp;&nbsp;&nbsp;&nbsp;&nbsp;&nbsp; ++ z rodziny Kole\u015bniak\u00f3w, Broniewicz\u00f3w, Bender\u00f3w, Gambal\u00f3w, Szadkowskich, Gitler\u00f3w<\/p>\n\n\n\n<p>&nbsp;&nbsp;&nbsp;&nbsp;&nbsp;&nbsp;&nbsp;&nbsp;&nbsp;&nbsp;&nbsp;&nbsp;&nbsp;&nbsp;&nbsp;&nbsp; i Ks. Zawadzkiego \u2013 modli si\u0119 rodzina oraz w rocz. Chrztu \u015bw. obojga dzieci dzi\u0119kczynna za<\/p>\n\n\n\n<p>&nbsp;&nbsp;&nbsp;&nbsp;&nbsp;&nbsp;&nbsp;&nbsp;&nbsp;&nbsp;&nbsp;&nbsp;&nbsp;&nbsp;&nbsp;&nbsp; otrzymane \u0142aski z pro\u015bb\u0105 o zdrowie, Bo\u017ce b\u0142ogos\u0142awie\u0144stwo, dary Ducha \u015awi\u0119tego, opiek\u0119<\/p>\n\n\n\n<p>&nbsp;&nbsp;&nbsp;&nbsp;&nbsp;&nbsp;&nbsp;&nbsp;&nbsp;&nbsp;&nbsp;&nbsp;&nbsp;&nbsp;&nbsp;&nbsp;&nbsp; NMP i \u015bw. Patron\u00f3w \u2013 modl\u0105 si\u0119 rodzice<\/p>\n\n\n\n<p><strong>18.oo \u2013 <\/strong>+ Wies\u0142awa Ko\u0142acza \u2013 gregorianka 25<strong> &nbsp;<\/strong><\/p>\n\n\n\n<p><strong><u>27.12<em>. \u2013 PI\u0104TEK<\/em><\/u><\/strong><\/p>\n\n\n\n<p><strong>&nbsp; &nbsp;&nbsp;7.oo \u2013<\/strong>&nbsp; + Wies\u0142awa Ko\u0142acza \u2013 gregorianka 26<\/p>\n\n\n\n<p><strong>18.oo \u2013 &nbsp;<\/strong>zaj. P. Podulka<\/p>\n\n\n\n<p><strong><em><u>28.12. \u2013 SOBOTA<\/u><\/em><\/strong><\/p>\n\n\n\n<p><strong>&nbsp; &nbsp;&nbsp;7.oo \u2013<\/strong> + Wies\u0142awa Ko\u0142acza \u2013 gregorianka 27<\/p>\n\n\n\n<p><strong>16.oo \u2013 1) <\/strong>\u015blub:<\/p>\n\n\n\n<p><strong>&nbsp;&nbsp;&nbsp;&nbsp;&nbsp;&nbsp;&nbsp;&nbsp;&nbsp;&nbsp;&nbsp; &nbsp; 2) <\/strong>w 50 rocz. \u015blubu Krystyny i Jerzego Pawlak\u00f3w dzi\u0119kczynna za otrzymane \u0142aski z pro\u015bb\u0105<\/p>\n\n\n\n<p>&nbsp;&nbsp;&nbsp;&nbsp;&nbsp;&nbsp;&nbsp;&nbsp;&nbsp;&nbsp;&nbsp;&nbsp;&nbsp;&nbsp;&nbsp;&nbsp;&nbsp; o zdrowie, Bo\u017ce b\u0142ogos\u0142awie\u0144stwo, dary Ducha \u015awi\u0119tego, opiek\u0119 NMP i \u015bw. Patron\u00f3w na<\/p>\n\n\n\n<p>&nbsp;&nbsp;&nbsp;&nbsp;&nbsp;&nbsp;&nbsp;&nbsp;&nbsp;&nbsp;&nbsp;&nbsp;&nbsp;&nbsp;&nbsp;&nbsp;&nbsp;&nbsp; dalsze lata \u017cycia \u2013 modli si\u0119 rodzina<strong><\/strong><\/p>\n\n\n\n<p><strong>18.oo \u2013 <\/strong>+ J\u00f3zefa Filarowskiego w 16 rocz. \u015bm., ++ z rodziny Filarowskich oraz<\/p>\n\n\n\n<p>&nbsp;&nbsp;&nbsp;&nbsp;&nbsp;&nbsp;&nbsp;&nbsp;&nbsp;&nbsp;&nbsp;&nbsp;&nbsp; + Adama Wajdzika w 3 rocz. \u015bm. \u017con\u0119 Kazimier\u0119 i mam\u0119 Mari\u0119 \u2013 modli si\u0119 rodzina<\/p>\n\n\n\n<p><strong><em><u>29.12. \u2013 NIEDZIELA&nbsp;<\/u><\/em><\/strong><\/p>\n\n\n\n<p><strong>&nbsp; 8.oo \u2013 1) <\/strong>+ brata Paw\u0142a Bry\u0142a, ++ dziadk\u00f3w: Janin\u0119 i Micha\u0142a Bry\u0142\u00f3w oraz Weronik\u0119 i Franciszka<\/p>\n\n\n\n<p>&nbsp;&nbsp;&nbsp;&nbsp;&nbsp;&nbsp;&nbsp;&nbsp;&nbsp;&nbsp;&nbsp;&nbsp;&nbsp;&nbsp;&nbsp;&nbsp;&nbsp; Zaj\u0105c\u00f3w \u2013 modli si\u0119 siostra i wnuczka<\/p>\n\n\n\n<p><strong>&nbsp;&nbsp;&nbsp;&nbsp;&nbsp;&nbsp;&nbsp;&nbsp;&nbsp;&nbsp;&nbsp; &nbsp; 2)<\/strong> w 50 rocz. \u015blubu Barbary i Andrzeja Bizoni\u00f3w dzi\u0119kczynna za otrzymane \u0142aski z pro\u015bb\u0105<\/p>\n\n\n\n<p>&nbsp;&nbsp;&nbsp;&nbsp;&nbsp;&nbsp;&nbsp;&nbsp;&nbsp;&nbsp;&nbsp;&nbsp;&nbsp;&nbsp;&nbsp;&nbsp;&nbsp; o zdrowie, Bo\u017ce b\u0142ogos\u0142awie\u0144stwo, dary Ducha \u015awi\u0119tego, opiek\u0119 NMP i \u015bw. Patron\u00f3w na<\/p>\n\n\n\n<p>&nbsp;&nbsp;&nbsp;&nbsp;&nbsp;&nbsp;&nbsp;&nbsp;&nbsp;&nbsp;&nbsp;&nbsp;&nbsp;&nbsp;&nbsp;&nbsp;&nbsp;&nbsp; dalsze lata \u017cycia \u2013 modl\u0105 si\u0119 synowie z rodzinami<\/p>\n\n\n\n<p><strong>&nbsp; 9.3o \u2013 <\/strong>&nbsp;&nbsp;+ Zofi\u0119 Kras \u2013 modli si\u0119 rodzina Braun\u00f3w z W\u0142oc\u0142awka<\/p>\n\n\n\n<p><strong>11.oo \u2013 1) <\/strong>+ m\u0119\u017ca Antoniego Huzarskiego w 5 rocz. \u015bm. &#8211; modli si\u0119 \u017cona z rodzin\u0105<\/p>\n\n\n\n<p><strong>&nbsp;&nbsp;&nbsp;&nbsp;&nbsp;&nbsp;&nbsp;&nbsp;&nbsp;&nbsp;&nbsp; &nbsp; 2) <\/strong>+ Piotra Kaczmarka oraz ++ rodzic\u00f3w z rodziny Kalinowskich \u2013 modli si\u0119 rodzina Kaczmark\u00f3w<\/p>\n\n\n\n<p><strong>12.3o \u2013 1) <\/strong>+ Wies\u0142awa Ko\u0142acza \u2013 gregorianka 28<\/p>\n\n\n\n<p><strong>&nbsp;&nbsp;&nbsp;&nbsp;&nbsp;&nbsp;&nbsp;&nbsp;&nbsp;&nbsp;&nbsp; &nbsp; 2)<\/strong> + Barbar\u0119 Kick\u0105 &#8211; 30 dzie\u0144 od pogrzebu &#8211; intencja od uczestnik\u00f3w Mszy pogrzebowej<\/p>\n\n\n\n<p><strong>18.oo \u2013 <\/strong>dzi\u0119kczynna za otrzymane \u0142aski w ko\u0144cz\u0105cym si\u0119 roku z pro\u015bb\u0105 o dalsz\u0105 opiek\u0119 Bo\u017c\u0105 i Pani<\/p>\n\n\n\n<p>&nbsp;&nbsp;&nbsp;&nbsp;&nbsp;&nbsp;&nbsp;&nbsp;&nbsp;&nbsp;&nbsp;&nbsp;&nbsp; Fatimskiej \u2013 modli si\u0119 rodzina<\/p>\n","protected":false},"excerpt":{"rendered":"<p>Sk\u0142adaj\u0105c Ofiar\u0119, kt\u00f3ra nam przypomina niezmierzon\u0105 mi\u0142o\u015b\u0107 Twojego Syna, pokornie prosimy Ci\u0119, Bo\u017ce, przyjmij intencje Twoich wiernych i spraw przez dzia\u0142anie Eucharystii, aby w naszych rodzinach wzrasta\u0142a prawdziwa wiara, \u015bwi\u0119to\u015b\u0107 \u017cycia, braterska mi\u0142o\u015b\u0107 i duch modlitwy. Niech Matka Naj\u015bwi\u0119tsza wyprosi \u0142aski, o kt\u00f3re modlili\u015bmy si\u0119 w tej Mszy \u015bw. dla&#8230; <a class=\"continue-reading-link\" href=\"http:\/\/parafia.scinawa.info\/index.php\/2024\/12\/21\/intencje-mszalne-22-12-29-12-2024\/\">Czytaj dalej <span class=\"meta-nav\">&rarr; <\/span><\/a><\/p>\n","protected":false},"author":2,"featured_media":0,"comment_status":"closed","ping_status":"closed","sticky":false,"template":"","format":"standard","meta":{"footnotes":""},"categories":[39],"tags":[],"class_list":["post-2804","post","type-post","status-publish","format-standard","hentry","category-intencje"],"_links":{"self":[{"href":"http:\/\/parafia.scinawa.info\/index.php\/wp-json\/wp\/v2\/posts\/2804","targetHints":{"allow":["GET"]}}],"collection":[{"href":"http:\/\/parafia.scinawa.info\/index.php\/wp-json\/wp\/v2\/posts"}],"about":[{"href":"http:\/\/parafia.scinawa.info\/index.php\/wp-json\/wp\/v2\/types\/post"}],"author":[{"embeddable":true,"href":"http:\/\/parafia.scinawa.info\/index.php\/wp-json\/wp\/v2\/users\/2"}],"replies":[{"embeddable":true,"href":"http:\/\/parafia.scinawa.info\/index.php\/wp-json\/wp\/v2\/comments?post=2804"}],"version-history":[{"count":1,"href":"http:\/\/parafia.scinawa.info\/index.php\/wp-json\/wp\/v2\/posts\/2804\/revisions"}],"predecessor-version":[{"id":2805,"href":"http:\/\/parafia.scinawa.info\/index.php\/wp-json\/wp\/v2\/posts\/2804\/revisions\/2805"}],"wp:attachment":[{"href":"http:\/\/parafia.scinawa.info\/index.php\/wp-json\/wp\/v2\/media?parent=2804"}],"wp:term":[{"taxonomy":"category","embeddable":true,"href":"http:\/\/parafia.scinawa.info\/index.php\/wp-json\/wp\/v2\/categories?post=2804"},{"taxonomy":"post_tag","embeddable":true,"href":"http:\/\/parafia.scinawa.info\/index.php\/wp-json\/wp\/v2\/tags?post=2804"}],"curies":[{"name":"wp","href":"https:\/\/api.w.org\/{rel}","templated":true}]}}