{"id":2812,"date":"2024-12-28T16:54:46","date_gmt":"2024-12-28T15:54:46","guid":{"rendered":"http:\/\/parafia.scinawa.info\/?p=2812"},"modified":"2024-12-28T16:54:46","modified_gmt":"2024-12-28T15:54:46","slug":"ogloszenia-duszpasterskie-niedziela-swietej-rodziny-29-12-2024","status":"publish","type":"post","link":"http:\/\/parafia.scinawa.info\/index.php\/2024\/12\/28\/ogloszenia-duszpasterskie-niedziela-swietej-rodziny-29-12-2024\/","title":{"rendered":"Og\u0142oszenia duszpasterskie &#8211; Niedziela \u015awi\u0119tej Rodziny \u2013 29.12. 2024"},"content":{"rendered":"\n<p><strong><u>1<\/u><\/strong><strong>. <\/strong>Dzisiaj prze\u017cywamy <strong><em>Niedziel\u0119 \u015awi\u0119tej Rodziny: Jezusa, Maryi i J\u00f3zefa.<\/em><\/strong> Msze \u015bw. wed\u0142ug porz\u0105dku niedzielnego. Dzi\u015b chcemy pami\u0119ta\u0107 w modlitwach o wszystkich rodzinach naszej parafii.<\/p>\n\n\n\n<p><strong><u>2.<\/u><\/strong> Msze \u015bw. w poniedzia\u0142ek i wtorek&nbsp; o <strong>7<sup>00<\/sup><\/strong> i <strong>18<sup>00<\/sup><\/strong>.<\/p>\n\n\n\n<p><strong><u>3.We wtorek <em>o godz. 17<sup>30<\/sup> nabo\u017ce\u0144stwo przeb\u0142agalno &#8211; dzi\u0119kczynne za miniony rok<\/em><\/u><\/strong><strong><em><\/em><\/strong><\/p>\n\n\n\n<p><strong><u>4<\/u><\/strong><strong>.<\/strong> W \u015brod\u0119, 1 stycznia, w Nowy Rok obchodzimy uroczysto\u015b\u0107 \u015awi\u0119tej Bo\u017cej Rodzicielki Maryi. Porz\u0105dek Mszy \u015bw. jest nast\u0119puj\u0105cy:<strong> 9<sup>30<\/sup><\/strong>;<strong> 11<sup>00<\/sup><\/strong>; <strong>12<sup>30 <\/sup><\/strong>i <strong>18<sup>00<\/sup><\/strong> w \u015acinawie,<strong> 9<sup>30<\/sup><\/strong> \u2013 w R\u0119szowie.<\/p>\n\n\n\n<p><strong><u>5<\/u><\/strong><strong>.<\/strong> Msze \u015bw. w czwartek o <strong>7<sup>00<\/sup><\/strong>, w pi\u0105tek i sobot\u0119 o <strong>7<sup>00<\/sup><\/strong> i <strong>18<sup>00<\/sup><\/strong>.&nbsp;<\/p>\n\n\n\n<p><strong><u>6<\/u><\/strong><strong>. <\/strong>W tym tygodniu obchodzimy:<\/p>\n\n\n\n<p>&#8211; <strong><em>w czwartek<\/em><\/strong> \u2013 wspomnienie \u015bw. Bazylego Wielkiego i Grzegorza z Nazjanzu, biskup\u00f3w i dK<\/p>\n\n\n\n<p><strong><u>7.<\/u><\/strong> W tym tygodniu obchodzimy I czwartek i I pi\u0105tek miesi\u0105ca i I sobot\u0119 miesi\u0105ca<\/p>\n\n\n\n<p><strong><u>8<\/u><\/strong><strong>.<\/strong> <strong><em>Odwiedziny chorych w pi\u0105tek od godz. 8.30.<\/em><\/strong><\/p>\n\n\n\n<p><strong><u>9<\/u><\/strong><strong>.<\/strong> W I sobot\u0119 miesi\u0105ca o godz. <strong>17<sup>00<\/sup><\/strong> <strong><em><u>nabo\u017ce\u0144stwo fatimskie<\/u><\/em><\/strong>.<\/p>\n\n\n\n<p><strong><u>10<\/u><\/strong><strong>. <\/strong>W przysz\u0142\u0105 niedziel\u0119 b\u0119dziemy prze\u017cywa\u0107 <strong><em><u>2 Niedziel\u0119<\/u><\/em><\/strong><strong><em><u> po Narodzeniu Pa\u0144skim.<\/u><\/em><\/strong> Msze \u015bw. wed\u0142ug porz\u0105dku niedzielnego. Zmiana tajemnic \u017bywego R\u00f3\u017ca\u0144ca o <strong>10<sup>30<\/sup>.<\/strong><\/p>\n\n\n\n<p><strong><u>11<\/u><\/strong><strong>.<\/strong> <strong><em>Kancelaria parafialna czynna w sobot\u0119 po Mszy \u015bw. wieczornej.<\/em><\/strong><\/p>\n\n\n\n<p><strong><u>12<\/u><\/strong><strong>. <\/strong>Do nabycia jest prasa katolicka: \u201eNiedziela\u201d,&nbsp; \u201eGo\u015b\u0107 Niedzielny\u201d Ma\u0142y GN i R\u00f3\u017caniec.<\/p>\n\n\n\n<p><strong><u>13<\/u><\/strong><strong>.<\/strong> Dzi\u0119kuj\u0119 wszystkim, kt\u00f3rzy w tym tygodniu sprz\u0105tali \u015bwi\u0105tyni\u0119 i przygotowali j\u0105 na nasze spotkanie eucharystyczne.<\/p>\n\n\n\n<p><strong><u>14<\/u><\/strong><strong>.<\/strong> Serdeczne B\u00f3g zap\u0142a\u0107 za ofiary sk\u0142adane na remonty w naszej parafii.<\/p>\n\n\n\n<p><strong><u>15<\/u><\/strong><strong>.<\/strong> Intencje mszalne, kalendarze parafialne.<\/p>\n\n\n\n<p><strong><u>16<\/u><\/strong><strong>.<\/strong> Od czwartku rozpoczynamy kol\u0119d\u0119, czyli wizyt\u0119 duszpastersk\u0105, b\u0142ogos\u0142awie\u0144stwo naszych rodzin i dom\u00f3w na Nowy Rok. <strong><u>W tygodniu kol\u0119da od 16.00, a w sobot\u0119 od 10.00. &nbsp;<\/u><\/strong><\/p>\n\n\n\n<p>Plan kol\u0119dy:<\/p>\n\n\n\n<p><strong><u>czwartek<\/u><\/strong> &nbsp;&nbsp;&nbsp;&nbsp; <strong>\u2013 <\/strong>02.01.2025 <strong>\u2013 <\/strong>&nbsp;<strong>Lipowa<\/strong><\/p>\n\n\n\n<p><strong><u>pi\u0105tek<\/u><\/strong> &nbsp;&nbsp;&nbsp;&nbsp;&nbsp;&nbsp;&nbsp;&nbsp; <strong>\u2013 <\/strong>03.02. 2025 <strong>\u2013 Ko\u015bcielna,&nbsp; Pl. Ko\u015bcielny, Szpitalna Szeroka,<\/strong><\/p>\n\n\n\n<p><strong>&nbsp;&nbsp;&nbsp;&nbsp;&nbsp;&nbsp;&nbsp;&nbsp;&nbsp;&nbsp;&nbsp;&nbsp;&nbsp;&nbsp;&nbsp;&nbsp;&nbsp;&nbsp;&nbsp;&nbsp;&nbsp;&nbsp;&nbsp;&nbsp;&nbsp;&nbsp;&nbsp;&nbsp;&nbsp;&nbsp;&nbsp;&nbsp;&nbsp;&nbsp;&nbsp;&nbsp;&nbsp;&nbsp;&nbsp;&nbsp;&nbsp;&nbsp;&nbsp;&nbsp;&nbsp;&nbsp; G\u0142ogowska, Szkolna, Zgody<u><\/u><\/strong><\/p>\n\n\n\n<p><strong><u>sobota <\/u><\/strong>&nbsp;&nbsp;&nbsp;&nbsp;&nbsp;&nbsp;&nbsp; <strong>\u2013 <\/strong>04. 01.2025<strong> \u2013 Mickiewicza, \u017bo\u0142nierska, \u0141\u0105kowa, Kwiatowa<\/strong><\/p>\n\n\n\n<p><em>\u017byczymy mi\u0142ego tygodnia i obfitych \u0142ask Bo\u017cych.<\/em><\/p>\n","protected":false},"excerpt":{"rendered":"<p>1. Dzisiaj prze\u017cywamy Niedziel\u0119 \u015awi\u0119tej Rodziny: Jezusa, Maryi i J\u00f3zefa. Msze \u015bw. wed\u0142ug porz\u0105dku niedzielnego. Dzi\u015b chcemy pami\u0119ta\u0107 w modlitwach o wszystkich rodzinach naszej parafii. 2. Msze \u015bw. w poniedzia\u0142ek i wtorek&nbsp; o 700 i 1800. 3.We wtorek o godz. 1730 nabo\u017ce\u0144stwo przeb\u0142agalno &#8211; dzi\u0119kczynne za miniony rok 4. W&#8230; <a class=\"continue-reading-link\" href=\"http:\/\/parafia.scinawa.info\/index.php\/2024\/12\/28\/ogloszenia-duszpasterskie-niedziela-swietej-rodziny-29-12-2024\/\">Czytaj dalej <span class=\"meta-nav\">&rarr; <\/span><\/a><\/p>\n","protected":false},"author":2,"featured_media":0,"comment_status":"closed","ping_status":"closed","sticky":false,"template":"","format":"standard","meta":{"footnotes":""},"categories":[40],"tags":[],"class_list":["post-2812","post","type-post","status-publish","format-standard","hentry","category-ogloszenia-duszpasterskie"],"_links":{"self":[{"href":"http:\/\/parafia.scinawa.info\/index.php\/wp-json\/wp\/v2\/posts\/2812","targetHints":{"allow":["GET"]}}],"collection":[{"href":"http:\/\/parafia.scinawa.info\/index.php\/wp-json\/wp\/v2\/posts"}],"about":[{"href":"http:\/\/parafia.scinawa.info\/index.php\/wp-json\/wp\/v2\/types\/post"}],"author":[{"embeddable":true,"href":"http:\/\/parafia.scinawa.info\/index.php\/wp-json\/wp\/v2\/users\/2"}],"replies":[{"embeddable":true,"href":"http:\/\/parafia.scinawa.info\/index.php\/wp-json\/wp\/v2\/comments?post=2812"}],"version-history":[{"count":1,"href":"http:\/\/parafia.scinawa.info\/index.php\/wp-json\/wp\/v2\/posts\/2812\/revisions"}],"predecessor-version":[{"id":2813,"href":"http:\/\/parafia.scinawa.info\/index.php\/wp-json\/wp\/v2\/posts\/2812\/revisions\/2813"}],"wp:attachment":[{"href":"http:\/\/parafia.scinawa.info\/index.php\/wp-json\/wp\/v2\/media?parent=2812"}],"wp:term":[{"taxonomy":"category","embeddable":true,"href":"http:\/\/parafia.scinawa.info\/index.php\/wp-json\/wp\/v2\/categories?post=2812"},{"taxonomy":"post_tag","embeddable":true,"href":"http:\/\/parafia.scinawa.info\/index.php\/wp-json\/wp\/v2\/tags?post=2812"}],"curies":[{"name":"wp","href":"https:\/\/api.w.org\/{rel}","templated":true}]}}