{"id":2816,"date":"2025-01-04T16:13:34","date_gmt":"2025-01-04T15:13:34","guid":{"rendered":"http:\/\/parafia.scinawa.info\/?p=2816"},"modified":"2025-01-04T16:13:34","modified_gmt":"2025-01-04T15:13:34","slug":"ogloszenia-duszpasterskie-2-niedziela-po-bozym-narodzeniu-05-01-2025","status":"publish","type":"post","link":"http:\/\/parafia.scinawa.info\/index.php\/2025\/01\/04\/ogloszenia-duszpasterskie-2-niedziela-po-bozym-narodzeniu-05-01-2025\/","title":{"rendered":"Og\u0142oszenia duszpasterskie &#8211; 2 Niedziela po Bo\u017cym Narodzeniu \u2013 05.01.2025"},"content":{"rendered":"\n<p><strong><u>1<\/u><\/strong><strong>.<\/strong> Dzi\u015b prze\u017cywamy <strong>2 Niedziel\u0119 po Bo\u017cym Narodzeniu<\/strong>.&nbsp; Msze \u015bw. wed\u0142ug porz\u0105dku niedzielnego. Zmiana tajemnic \u017bywego R\u00f3\u017ca\u0144ca o <strong>10<sup>30<\/sup>.<\/strong><\/p>\n\n\n\n<p><strong><u>2<\/u><\/strong><strong>.<\/strong> Msze \u015bw. w tygodniu&nbsp; o <strong>7<sup>00<\/sup><\/strong> , a w sobot\u0119 o <strong>7<sup>00<\/sup><\/strong> i <strong>18<sup>00<\/sup><\/strong>.&nbsp;<\/p>\n\n\n\n<p><strong><u>3<\/u><\/strong><strong>. W poniedzia\u0142ek <\/strong>prze\u017cywamy<strong> <em><u>Uroczysto\u015b\u0107 Objawienia Pa\u0144skiego (Trzech Kr\u00f3li). Msze \u015bw. wed\u0142ug porz\u0105dku niedzielnego.<\/u><\/em> <\/strong>W tym dniu \u015bwi\u0119cimy wod\u0119, kred\u0119 i kadzid\u0142o, a nasze ofiary przeznaczone s\u0105 na cele misyjne Ko\u015bcio\u0142a.<\/p>\n\n\n\n<p><strong><u>4<\/u><\/strong><strong>. <\/strong>W przysz\u0142\u0105 niedziel\u0119 b\u0119dziemy prze\u017cywa\u0107 <strong><em><u>Niedziel\u0119 Chrztu Pa\u0144skiego<\/u><\/em><\/strong> Msze \u015bw. wed\u0142ug porz\u0105dku niedzielnego. Na ka\u017cdej Mszy \u015bw. odnowienie przyrzecze\u0144 chrzcielnych.<\/p>\n\n\n\n<p><strong><u>5<\/u><\/strong><strong>.<\/strong> Kancelaria czynna w sobot\u0119 po Mszy \u015bw. wieczornej.<\/p>\n\n\n\n<p><strong><u>6<\/u><\/strong><strong>.<\/strong> Do nabycia jest prasa katolicka: Niedziela, Go\u015b\u0107 Niedzielny, Ma\u0142y GN i R\u00f3\u017caniec.<\/p>\n\n\n\n<p><strong><u>7<\/u><\/strong><strong>.<\/strong> Dzi\u0119kuj\u0119 wszystkim, kt\u00f3rzy w tym tygodniu sprz\u0105tali \u015bwi\u0105tyni\u0119 i przygotowali j\u0105 na nasze spotkanie eucharystyczne.<\/p>\n\n\n\n<p><strong><u>8<\/u><\/strong><strong>.<\/strong> Serdeczne B\u00f3g zap\u0142a\u0107 za ofiary sk\u0142adane na remonty w naszej parafii.<\/p>\n\n\n\n<p><strong><u>9<\/u><\/strong><strong>.<\/strong> Intencje mszalne, obrazki \u2013 pami\u0105tki odprawionej Mszy \u015bw.<\/p>\n\n\n\n<p><strong><u>10<\/u><\/strong><strong>.<\/strong> Kol\u0119da, czyli wizyta duszpasterska, b\u0142ogos\u0142awie\u0144stwo naszych rodzin i dom\u00f3w na Nowy Rok. <strong><u>W tygodniu kol\u0119da od 16.00, a w sobot\u0119 od 10.00.&nbsp;<\/u><\/strong><\/p>\n\n\n\n<p>Plan kol\u0119dy:<\/p>\n\n\n\n<p><strong><u>wtorek <\/u><\/strong><strong>\u2013 <\/strong>07. 01. 2025<strong> \u2013 <\/strong><strong>Reymonta, S\u0142owackiego, Sienkiewicza, Kili\u0144skiego,<\/strong><\/p>\n\n\n\n<p><strong>&nbsp;&nbsp;&nbsp;&nbsp;&nbsp;&nbsp;&nbsp;&nbsp;&nbsp;&nbsp;&nbsp;&nbsp;&nbsp;&nbsp;&nbsp;&nbsp;&nbsp;&nbsp;&nbsp;&nbsp;&nbsp;&nbsp;&nbsp;&nbsp;&nbsp;&nbsp;&nbsp;&nbsp;&nbsp;&nbsp;&nbsp;&nbsp;&nbsp;&nbsp;&nbsp;&nbsp;&nbsp; &nbsp;Spacerowa, Legnicka, Wita Stwosza, Witosa<\/strong><\/p>\n\n\n\n<p><strong><u>\u015broda<\/u><\/strong> &#8211; 08. 01. 2025<strong> \u2013 &nbsp;&nbsp;Wo\u0142owska nieparzyste 3 &#8211; 45, Bonifracka,<\/strong> <strong>Klasztorna,<\/strong><\/p>\n\n\n\n<p><strong>&nbsp;&nbsp;&nbsp;&nbsp;&nbsp;&nbsp;&nbsp;&nbsp;&nbsp;&nbsp;&nbsp;&nbsp;&nbsp;&nbsp;&nbsp;&nbsp;&nbsp;&nbsp;&nbsp;&nbsp;&nbsp;&nbsp;&nbsp;&nbsp;&nbsp;&nbsp;&nbsp;&nbsp;&nbsp;&nbsp;&nbsp;&nbsp;&nbsp;&nbsp;&nbsp; &nbsp;&nbsp;&nbsp;Salezja\u0144ska, Cysterska, Dominika\u0144ska, Franciszka\u0144ska,<\/strong><\/p>\n\n\n\n<p><strong>&nbsp;&nbsp;&nbsp;&nbsp;&nbsp;&nbsp;&nbsp;&nbsp;&nbsp;&nbsp;&nbsp;&nbsp;&nbsp;&nbsp;&nbsp;&nbsp;&nbsp;&nbsp;&nbsp;&nbsp;&nbsp;&nbsp;&nbsp;&nbsp;&nbsp;&nbsp;&nbsp;&nbsp;&nbsp;&nbsp;&nbsp;&nbsp;&nbsp;&nbsp;&nbsp;&nbsp; &nbsp;&nbsp;Jezuicka, Karmelicka, Benedykty\u0144ska<\/strong><\/p>\n\n\n\n<p><strong><u>czwartek<\/u><\/strong>\u2013 09. 01.2025 <strong>\u2013 Wo\u0142owska parzyste 2 &#8211; 12<u><\/u><\/strong><\/p>\n\n\n\n<p><strong><u>pi\u0105tek<\/u><\/strong> <strong>\u2013 <\/strong>10.01. 2025 <strong>\u2013 &nbsp;&nbsp;Wo\u0142owska parzyste 16 \u2013 40, Sportowa<u><\/u><\/strong><\/p>\n\n\n\n<p><strong><u>sobota <\/u><\/strong><strong>&#8211; <\/strong>11 01. 2025&nbsp; <strong>\u2013 Tur\u00f3w, Wiosenna, Ja\u015bminowa, Lawendowa, Chabrowa,<\/strong><\/p>\n\n\n\n<p><strong>&nbsp;&nbsp;&nbsp;&nbsp;&nbsp;&nbsp;&nbsp;&nbsp;&nbsp;&nbsp;&nbsp;&nbsp;&nbsp;&nbsp;&nbsp;&nbsp;&nbsp;&nbsp;&nbsp;&nbsp;&nbsp;&nbsp;&nbsp;&nbsp;&nbsp;&nbsp;&nbsp;&nbsp;&nbsp;&nbsp;&nbsp;&nbsp;&nbsp;&nbsp;&nbsp;&nbsp;&nbsp;&nbsp; &nbsp;Azaliowa, Wrzosowa Zes\u0142a\u0144c\u00f3w Sybiru, Kombatant\u00f3w<\/strong><\/p>\n\n\n\n<p><strong>\u00a0\u00a0\u00a0\u00a0\u00a0\u00a0\u00a0\u00a0\u00a0\u00a0\u00a0\u00a0\u00a0\u00a0\u00a0\u00a0\u00a0\u00a0\u00a0\u00a0\u00a0\u00a0\u00a0\u00a0\u00a0\u00a0\u00a0\u00a0\u00a0\u00a0\u00a0\u00a0\u00a0\u00a0\u00a0\u00a0\u00a0\u00a0 \u00a0Rzeczypospolitej Polskiej,<\/strong><strong> Plac Zjednoczenia<\/strong><\/p>\n\n\n\n<p>                                <em>\u017byczymy mi\u0142ego tygodnia i obfitych \u0142ask Bo\u017cych.<\/em><\/p>\n","protected":false},"excerpt":{"rendered":"<p>1. Dzi\u015b prze\u017cywamy 2 Niedziel\u0119 po Bo\u017cym Narodzeniu.&nbsp; Msze \u015bw. wed\u0142ug porz\u0105dku niedzielnego. Zmiana tajemnic \u017bywego R\u00f3\u017ca\u0144ca o 1030. 2. Msze \u015bw. w tygodniu&nbsp; o 700 , a w sobot\u0119 o 700 i 1800.&nbsp; 3. W poniedzia\u0142ek prze\u017cywamy Uroczysto\u015b\u0107 Objawienia Pa\u0144skiego (Trzech Kr\u00f3li). Msze \u015bw. wed\u0142ug porz\u0105dku niedzielnego. W tym&#8230; <a class=\"continue-reading-link\" href=\"http:\/\/parafia.scinawa.info\/index.php\/2025\/01\/04\/ogloszenia-duszpasterskie-2-niedziela-po-bozym-narodzeniu-05-01-2025\/\">Czytaj dalej <span class=\"meta-nav\">&rarr; <\/span><\/a><\/p>\n","protected":false},"author":2,"featured_media":0,"comment_status":"closed","ping_status":"closed","sticky":false,"template":"","format":"standard","meta":{"footnotes":""},"categories":[40],"tags":[],"class_list":["post-2816","post","type-post","status-publish","format-standard","hentry","category-ogloszenia-duszpasterskie"],"_links":{"self":[{"href":"http:\/\/parafia.scinawa.info\/index.php\/wp-json\/wp\/v2\/posts\/2816","targetHints":{"allow":["GET"]}}],"collection":[{"href":"http:\/\/parafia.scinawa.info\/index.php\/wp-json\/wp\/v2\/posts"}],"about":[{"href":"http:\/\/parafia.scinawa.info\/index.php\/wp-json\/wp\/v2\/types\/post"}],"author":[{"embeddable":true,"href":"http:\/\/parafia.scinawa.info\/index.php\/wp-json\/wp\/v2\/users\/2"}],"replies":[{"embeddable":true,"href":"http:\/\/parafia.scinawa.info\/index.php\/wp-json\/wp\/v2\/comments?post=2816"}],"version-history":[{"count":1,"href":"http:\/\/parafia.scinawa.info\/index.php\/wp-json\/wp\/v2\/posts\/2816\/revisions"}],"predecessor-version":[{"id":2817,"href":"http:\/\/parafia.scinawa.info\/index.php\/wp-json\/wp\/v2\/posts\/2816\/revisions\/2817"}],"wp:attachment":[{"href":"http:\/\/parafia.scinawa.info\/index.php\/wp-json\/wp\/v2\/media?parent=2816"}],"wp:term":[{"taxonomy":"category","embeddable":true,"href":"http:\/\/parafia.scinawa.info\/index.php\/wp-json\/wp\/v2\/categories?post=2816"},{"taxonomy":"post_tag","embeddable":true,"href":"http:\/\/parafia.scinawa.info\/index.php\/wp-json\/wp\/v2\/tags?post=2816"}],"curies":[{"name":"wp","href":"https:\/\/api.w.org\/{rel}","templated":true}]}}