{"id":2825,"date":"2025-01-11T21:51:19","date_gmt":"2025-01-11T20:51:19","guid":{"rendered":"http:\/\/parafia.scinawa.info\/?p=2825"},"modified":"2025-01-11T21:51:19","modified_gmt":"2025-01-11T20:51:19","slug":"ogloszenia-duszpasterskie-niedziela-chrztu-panskiego-12-01-2025","status":"publish","type":"post","link":"http:\/\/parafia.scinawa.info\/index.php\/2025\/01\/11\/ogloszenia-duszpasterskie-niedziela-chrztu-panskiego-12-01-2025\/","title":{"rendered":"Og\u0142oszenia duszpasterskie &#8211; Niedziela Chrztu Pa\u0144skiego \u2013 12. 01. 2025"},"content":{"rendered":"\n<p><strong><u>1<\/u><\/strong><strong>.<\/strong> Dzi\u015b prze\u017cywamy <strong><em>Niedziel\u0119 Chrztu Pa\u0144skiego. <\/em><\/strong><strong><em>&nbsp;<\/em><\/strong>Msze \u015bw. wed\u0142ug porz\u0105dku niedzielnego. Na ka\u017cdej Mszy \u015bw. odnowienie przyrzecze\u0144 chrzcielnych.<strong><em> O godz. 12<sup>30<\/sup> <\/em><\/strong><strong><em>&nbsp;<\/em><\/strong><strong><em>spotkanie dla rodzic\u00f3w i dzieci klas II.<\/em><\/strong><\/p>\n\n\n\n<p><strong><u>2<\/u><\/strong><strong>.<\/strong> Msze \u015bw. w tygodniu&nbsp; o <strong>7<sup>00<\/sup><\/strong>, w sobot\u0119 o <strong>7<sup>00<\/sup><\/strong> i <strong>18<sup>00<\/sup><\/strong>.&nbsp;<\/p>\n\n\n\n<p><strong><u>3<\/u><\/strong><strong>. <\/strong>W przysz\u0142\u0105 niedziel\u0119 b\u0119dziemy prze\u017cywa\u0107 <strong><em>2<\/em><\/strong><em> <strong>Niedziel\u0119 zwyk\u0142\u0105<\/strong><\/em><strong><em><u>.<\/u><\/em><\/strong> Msze \u015bw. wed\u0142ug porz\u0105dku niedzielnego. <strong><em><u>19.01 2025 odb\u0119dzie si\u0119 w naszej parafii o <\/u><\/em>12<sup>30<\/sup><em><u> Msza za Mysliwych z Okregu Legnickiego i potem w Centrum Kultury \u015bpiewanie kol\u0119d<\/u><\/em><\/strong>.<\/p>\n\n\n\n<p><strong><u>4<\/u><\/strong><strong>.<\/strong> <strong><em>Kancelaria parafialna czynna w sobot\u0119 po Mszy \u015bw. wieczornej.<\/em><\/strong><\/p>\n\n\n\n<p><strong><u>5<\/u><\/strong><strong>. <\/strong>Do nabycia jest prasa katolicka: \u201eNiedziela\u201d,&nbsp; \u201eGo\u015b\u0107 Niedzielny\u201d Ma\u0142y GN i R\u00f3\u017caniec.<\/p>\n\n\n\n<p><strong><u>6<\/u><\/strong><strong>.<\/strong> Dzi\u0119kuj\u0119 wszystkim, kt\u00f3rzy w tym tygodniu sprz\u0105tali \u015bwi\u0105tyni\u0119 i przygotowali j\u0105 na nasze spotkanie eucharystyczne.<\/p>\n\n\n\n<p><strong><u>7<\/u><\/strong><strong>.<\/strong> Serdeczne B\u00f3g zap\u0142a\u0107 za ofiary sk\u0142adane na remonty w naszej parafii.<\/p>\n\n\n\n<p><strong><u>8<\/u><\/strong><strong>.<\/strong> Intencje mszalne, kalendarze parafialne.<\/p>\n\n\n\n<p><strong><u>9.<\/u><\/strong> <strong><u>26.01 2025 o 12<sup>30 <\/sup>spotkanie dla rodzic\u00f3w i dzieci klas III i IV.<\/u><\/strong><\/p>\n\n\n\n<p><strong><u>10<\/u><\/strong><strong>.<\/strong> W sobot\u0119, <strong><em>18 stycznia<\/em><\/strong> o godz. <strong><em>15.00<\/em><\/strong> w salce katechetycznej odb\u0119dzie si\u0119 spotkanie <strong><em>op\u0142atkowe wsp\u00f3lnoty \u017bywego R\u00f3\u017ca\u0144ca<\/em><\/strong>. Zapraszamy wszystkich ch\u0119tnych cz\u0142onk\u00f3w na spotkanie.<\/p>\n\n\n\n<p><strong><u>10<\/u><\/strong><strong>.<\/strong> Kol\u0119da <strong><u>w tygodniu kol\u0119da od <\/u>16<sup>00<\/sup><u>, a w sobot\u0119 od <\/u>10<sup>00<\/sup><u>&nbsp;<\/u><\/strong><\/p>\n\n\n\n<p>Plan kol\u0119dy:<\/p>\n\n\n\n<p><strong><u>poniedzia\u0142ek<\/u><\/strong><strong>&nbsp; <\/strong>\u201313.01.2025 <strong>\u2013 Ko\u015bciuszki<u><\/u><\/strong><\/p>\n\n\n\n<p><strong><u>wtorek<\/u><\/strong><strong> &nbsp;&nbsp;&nbsp;&nbsp;&nbsp;&nbsp; &nbsp;&nbsp;&nbsp;<\/strong>\u201314. 01.2025<strong> \u2013 <\/strong><strong>Paderewskiego,<\/strong><\/p>\n\n\n\n<p><strong>&nbsp;&nbsp;&nbsp;&nbsp;&nbsp;&nbsp;&nbsp; &nbsp;Jagie\u0142\u0142y parzyste&nbsp; oraz nieparzyste 17, 19, 21,23,25 <u><\/u><\/strong><\/p>\n\n\n\n<p><strong><u>\u015aroda<\/u><\/strong><strong> &nbsp;&nbsp;&nbsp;&nbsp;&nbsp;&nbsp;&nbsp;&nbsp;&nbsp;&nbsp;<\/strong>\u2013 15. 01. 2025 <strong>\u2013 Jagie\u0142\u0142y, 27, 29, 31, 33, 35, 37, 39, 41 &#8211; 67<\/strong><\/p>\n\n\n\n<p><strong><u>czwartek<\/u><\/strong><strong> &nbsp;&nbsp;&nbsp;&nbsp;&nbsp;<\/strong>\u2013 16. 01. 2025<strong> \u2013 Chopina, Jana Paw\u0142a II, Kr\u00f3lowej Jadwigi<u><\/u><\/strong><\/p>\n\n\n\n<p><strong><u>pi\u0105tek<\/u><\/strong> &nbsp;&nbsp;&nbsp;&nbsp;&nbsp;&nbsp;&nbsp;&nbsp;&nbsp;&nbsp;\u2013 17. 01. 2025 <strong>\u2013<\/strong> <strong>Przyjaci\u00f3\u0142 \u017bo\u0142nierza,<\/strong><strong> Rybna, Wroc\u0142awska, Polna<u><\/u><\/strong><\/p>\n\n\n\n<p><strong><u>sobota<\/u><\/strong><strong> \u00a0\u00a0\u00a0\u00a0\u00a0\u00a0\u00a0\u00a0\u2013 <\/strong>18. 01. 2025<strong> \u2013 Lasowice, D\u0119biec<\/strong><\/p>\n\n\n\n<p><em>\u017byczymy mi\u0142ego tygodnia i obfitych \u0142ask Bo\u017cych.<\/em><\/p>\n","protected":false},"excerpt":{"rendered":"<p>1. Dzi\u015b prze\u017cywamy Niedziel\u0119 Chrztu Pa\u0144skiego. &nbsp;Msze \u015bw. wed\u0142ug porz\u0105dku niedzielnego. Na ka\u017cdej Mszy \u015bw. odnowienie przyrzecze\u0144 chrzcielnych. O godz. 1230 &nbsp;spotkanie dla rodzic\u00f3w i dzieci klas II. 2. Msze \u015bw. w tygodniu&nbsp; o 700, w sobot\u0119 o 700 i 1800.&nbsp; 3. W przysz\u0142\u0105 niedziel\u0119 b\u0119dziemy prze\u017cywa\u0107 2 Niedziel\u0119 zwyk\u0142\u0105&#8230;. <a class=\"continue-reading-link\" href=\"http:\/\/parafia.scinawa.info\/index.php\/2025\/01\/11\/ogloszenia-duszpasterskie-niedziela-chrztu-panskiego-12-01-2025\/\">Czytaj dalej <span class=\"meta-nav\">&rarr; <\/span><\/a><\/p>\n","protected":false},"author":2,"featured_media":0,"comment_status":"closed","ping_status":"closed","sticky":false,"template":"","format":"standard","meta":{"footnotes":""},"categories":[40],"tags":[],"class_list":["post-2825","post","type-post","status-publish","format-standard","hentry","category-ogloszenia-duszpasterskie"],"_links":{"self":[{"href":"http:\/\/parafia.scinawa.info\/index.php\/wp-json\/wp\/v2\/posts\/2825","targetHints":{"allow":["GET"]}}],"collection":[{"href":"http:\/\/parafia.scinawa.info\/index.php\/wp-json\/wp\/v2\/posts"}],"about":[{"href":"http:\/\/parafia.scinawa.info\/index.php\/wp-json\/wp\/v2\/types\/post"}],"author":[{"embeddable":true,"href":"http:\/\/parafia.scinawa.info\/index.php\/wp-json\/wp\/v2\/users\/2"}],"replies":[{"embeddable":true,"href":"http:\/\/parafia.scinawa.info\/index.php\/wp-json\/wp\/v2\/comments?post=2825"}],"version-history":[{"count":1,"href":"http:\/\/parafia.scinawa.info\/index.php\/wp-json\/wp\/v2\/posts\/2825\/revisions"}],"predecessor-version":[{"id":2826,"href":"http:\/\/parafia.scinawa.info\/index.php\/wp-json\/wp\/v2\/posts\/2825\/revisions\/2826"}],"wp:attachment":[{"href":"http:\/\/parafia.scinawa.info\/index.php\/wp-json\/wp\/v2\/media?parent=2825"}],"wp:term":[{"taxonomy":"category","embeddable":true,"href":"http:\/\/parafia.scinawa.info\/index.php\/wp-json\/wp\/v2\/categories?post=2825"},{"taxonomy":"post_tag","embeddable":true,"href":"http:\/\/parafia.scinawa.info\/index.php\/wp-json\/wp\/v2\/tags?post=2825"}],"curies":[{"name":"wp","href":"https:\/\/api.w.org\/{rel}","templated":true}]}}