{"id":2832,"date":"2025-01-25T18:58:28","date_gmt":"2025-01-25T17:58:28","guid":{"rendered":"http:\/\/parafia.scinawa.info\/?p=2832"},"modified":"2025-01-25T18:58:28","modified_gmt":"2025-01-25T17:58:28","slug":"ogloszenia-duszpasterskie-3-niedziela-zwykla-26-01-2025","status":"publish","type":"post","link":"http:\/\/parafia.scinawa.info\/index.php\/2025\/01\/25\/ogloszenia-duszpasterskie-3-niedziela-zwykla-26-01-2025\/","title":{"rendered":"Og\u0142oszenia duszpasterskie &#8211; 3 Niedziela zwyk\u0142a \u2013 26. 01. 2025"},"content":{"rendered":"\n<p><strong><u>1<\/u><\/strong><strong>.<\/strong> Dzi\u015b prze\u017cywamy <strong><em>3 Niedziel\u0119 zwyk\u0142\u0105. <\/em><\/strong><strong><em>&nbsp;<\/em><\/strong>Msze \u015bw. wed\u0142ug porz\u0105dku niedzielnego.<strong><u> O 12<sup>30 <\/sup>spotkanie dla rodzic\u00f3w i dzieci klas III i IV.<\/u><\/strong> <strong>Dzieci przygotowuj\u0105ce si\u0119 do I Komunii \u015bw. Otrzymaj\u0105 dzisiaj po\u015bwi\u0119cone \u015bwiece. <\/strong>&nbsp;<\/p>\n\n\n\n<p><strong><u>2<\/u><\/strong><strong>.<\/strong> Msze \u015bw. w tygodniu&nbsp; o <strong>7<sup>00<\/sup><\/strong> i <strong>18<sup>00<\/sup><\/strong>.&nbsp;<\/p>\n\n\n\n<p><strong><u>5<\/u><\/strong><strong>.&nbsp; <\/strong>W tym tygodniu obchodzimy:<strong><\/strong><\/p>\n\n\n\n<p><strong>&#8211; <u>we wtorek <\/u>\u2013 <\/strong>wspomnienie \u015bw. Tomasza z Akwinu, prezbitera i doktora Ko\u015bcio\u0142a<\/p>\n\n\n\n<p><strong>&#8211; <u>w pi\u0105tek <\/u>\u2013 <\/strong>wspomnienie \u015bw. Jana Bosko, prezbitera<strong><\/strong><\/p>\n\n\n\n<p><strong>6.<\/strong> W I sobot\u0119 miesi\u0105ca o godz. <strong>17<sup>00<\/sup><\/strong> <strong><em><u>nabo\u017ce\u0144stwo fatimskie<\/u><\/em><\/strong>.<strong><u><\/u><\/strong><\/p>\n\n\n\n<p><strong><u>3<\/u><\/strong><strong>. <\/strong>W przysz\u0142\u0105 niedziel\u0119 b\u0119dziemy prze\u017cywa\u0107 <strong><em>4<\/em><\/strong><em> <strong>Niedziel\u0119 zwyk\u0142\u0105<\/strong><\/em><strong><em> i zarazem \u015bwi\u0119to Ofiarowania Pa\u0144skiego &#8211; Matki Bo\u017cej Gromnicznej.<\/em><\/strong> Jest to r\u00f3wnie\u017c \u015awiatowy dzie\u0144 \u017bycia Konsekrowanego. Taca z tego dnia przeznaczona jest na potrzeby zakon\u00f3w kontemplacyjnych. Msze \u015bw. wed\u0142ug porz\u0105dku niedzielnego. Zmiana tajemnic \u017bywego R\u00f3\u017ca\u0144ca o <strong>10<sup>30<\/sup>.<\/strong><\/p>\n\n\n\n<p><strong><u>4<\/u><\/strong><strong>.<\/strong> <strong><em>Kancelaria parafialna czynna codziennie po Mszy \u015bw. wieczornej.<\/em><\/strong><\/p>\n\n\n\n<p><strong><u>6.<\/u><\/strong> Do nabycia jest prasa katolicka: \u201eNiedziela\u201d,&nbsp; \u201eGo\u015b\u0107 Niedzielny\u201d Ma\u0142y GN i R\u00f3\u017caniec.<\/p>\n\n\n\n<p><strong><u>7<\/u><\/strong><strong>.<\/strong> Dzi\u0119kuj\u0119 wszystkim, kt\u00f3rzy w tym tygodniu sprz\u0105tali \u015bwi\u0105tyni\u0119 i przygotowali j\u0105 na nasze spotkanie eucharystyczne.<\/p>\n\n\n\n<p><strong><u>8<\/u><\/strong><strong>.<\/strong> Serdeczne B\u00f3g zap\u0142a\u0107 za ofiary sk\u0142adane na remonty w naszej parafii.<\/p>\n\n\n\n<p><strong><u>9<\/u><\/strong><strong>.<\/strong> Intencje mszalne, kalendarze parafialne.<\/p>\n\n\n\n<p><strong><u>10<\/u><\/strong><strong>.<\/strong> <strong>Mo\u017cna r\u00f3wnie\u017c zg\u0142asza\u0107&nbsp; w zakrystii miejsca, gdzie nie by\u0142o kol\u0119dy z r\u00f3\u017cnych przyczyn (np. nieobecno\u015b\u0107, praca itd.) do indywidualnego ustalenia terminu wizyty kol\u0119dowej<\/strong><\/p>\n\n\n\n<p><strong><u>11.<\/u><\/strong> W zakrystii mo\u017cna nabywa\u0107 \u015bwiece \u2013 gromnice du\u017ce w cenie <strong>12.00<\/strong> z\u0142,\u00a0 mniejsze \u2013 <strong>8.00<\/strong> z\u0142 oraz os\u0142ony na \u015bwiece ma\u0142e po <strong>1.00<\/strong> z\u0142<\/p>\n\n\n\n<p><em>\u017byczymy mi\u0142ego tygodnia i obfitych \u0142ask Bo\u017cych.<\/em><\/p>\n","protected":false},"excerpt":{"rendered":"<p>1. Dzi\u015b prze\u017cywamy 3 Niedziel\u0119 zwyk\u0142\u0105. &nbsp;Msze \u015bw. wed\u0142ug porz\u0105dku niedzielnego. O 1230 spotkanie dla rodzic\u00f3w i dzieci klas III i IV. Dzieci przygotowuj\u0105ce si\u0119 do I Komunii \u015bw. Otrzymaj\u0105 dzisiaj po\u015bwi\u0119cone \u015bwiece. &nbsp; 2. Msze \u015bw. w tygodniu&nbsp; o 700 i 1800.&nbsp; 5.&nbsp; W tym tygodniu obchodzimy: &#8211; we&#8230; <a class=\"continue-reading-link\" href=\"http:\/\/parafia.scinawa.info\/index.php\/2025\/01\/25\/ogloszenia-duszpasterskie-3-niedziela-zwykla-26-01-2025\/\">Czytaj dalej <span class=\"meta-nav\">&rarr; <\/span><\/a><\/p>\n","protected":false},"author":2,"featured_media":0,"comment_status":"closed","ping_status":"closed","sticky":false,"template":"","format":"standard","meta":{"footnotes":""},"categories":[40],"tags":[],"class_list":["post-2832","post","type-post","status-publish","format-standard","hentry","category-ogloszenia-duszpasterskie"],"_links":{"self":[{"href":"http:\/\/parafia.scinawa.info\/index.php\/wp-json\/wp\/v2\/posts\/2832","targetHints":{"allow":["GET"]}}],"collection":[{"href":"http:\/\/parafia.scinawa.info\/index.php\/wp-json\/wp\/v2\/posts"}],"about":[{"href":"http:\/\/parafia.scinawa.info\/index.php\/wp-json\/wp\/v2\/types\/post"}],"author":[{"embeddable":true,"href":"http:\/\/parafia.scinawa.info\/index.php\/wp-json\/wp\/v2\/users\/2"}],"replies":[{"embeddable":true,"href":"http:\/\/parafia.scinawa.info\/index.php\/wp-json\/wp\/v2\/comments?post=2832"}],"version-history":[{"count":1,"href":"http:\/\/parafia.scinawa.info\/index.php\/wp-json\/wp\/v2\/posts\/2832\/revisions"}],"predecessor-version":[{"id":2833,"href":"http:\/\/parafia.scinawa.info\/index.php\/wp-json\/wp\/v2\/posts\/2832\/revisions\/2833"}],"wp:attachment":[{"href":"http:\/\/parafia.scinawa.info\/index.php\/wp-json\/wp\/v2\/media?parent=2832"}],"wp:term":[{"taxonomy":"category","embeddable":true,"href":"http:\/\/parafia.scinawa.info\/index.php\/wp-json\/wp\/v2\/categories?post=2832"},{"taxonomy":"post_tag","embeddable":true,"href":"http:\/\/parafia.scinawa.info\/index.php\/wp-json\/wp\/v2\/tags?post=2832"}],"curies":[{"name":"wp","href":"https:\/\/api.w.org\/{rel}","templated":true}]}}