{"id":2849,"date":"2025-02-15T13:22:38","date_gmt":"2025-02-15T12:22:38","guid":{"rendered":"http:\/\/parafia.scinawa.info\/?p=2849"},"modified":"2025-02-15T13:22:38","modified_gmt":"2025-02-15T12:22:38","slug":"ogloszenia-duszpasterskie-6-niedziela-zwykla-16-02-2025","status":"publish","type":"post","link":"http:\/\/parafia.scinawa.info\/index.php\/2025\/02\/15\/ogloszenia-duszpasterskie-6-niedziela-zwykla-16-02-2025\/","title":{"rendered":"Og\u0142oszenia duszpasterskie &#8211; 6 Niedziela zwyk\u0142a \u2013 16. 02. 2025"},"content":{"rendered":"\n<p><strong><u>1<\/u><\/strong><strong>.<\/strong> Dzi\u015b prze\u017cywamy <strong><em>6 Niedziel\u0119 zwyk\u0142\u0105. <\/em><\/strong><strong><em>&nbsp;<\/em><\/strong>Msze \u015bw. wed\u0142ug porz\u0105dku niedzielnego. Z racji<strong><em> \u015awiatowego Dnia Chorego &#8211;<\/em><\/strong> wspomnienie NMP z Lourdes<strong><em>, <\/em><\/strong>w naszej parafii dzisiaj <strong><em>modlimy si\u0119 za chorych i udzielamy Sakramentu Namaszczenia Chorych osobom chorym i starszym podczas ka\u017cdej Mszy \u015bw.<\/em><\/strong><\/p>\n\n\n\n<p><strong><u>2<\/u><\/strong><strong>.<\/strong> Msze \u015bw. w tygodniu&nbsp; o <strong>7<sup>00<\/sup><\/strong> i <strong>18<sup>00<\/sup><\/strong>.&nbsp;<\/p>\n\n\n\n<p><strong><u>3<\/u><\/strong><strong>. <\/strong>Codziennie spowied\u017a i adoracja Naj\u015bwi\u0119tszego Sakramentu o godz. <strong>17<sup>00<\/sup>.<\/strong><\/p>\n\n\n\n<p><strong><u>4. <\/u><\/strong><strong>W tym tygodniu nabo\u017ce\u0144stwa:<\/strong><\/p>\n\n\n\n<p><strong>&#8211; <u>w niedziel\u0119<\/u> &nbsp;&nbsp;&nbsp;&nbsp;&nbsp;&nbsp;&nbsp;&nbsp; &#8211; <\/strong>nabo\u017ce\u0144stwo<strong><em> do \u015bw. Jana Paw\u0142a II o godz. <\/em><\/strong><strong>17<sup>30<\/sup><\/strong><\/p>\n\n\n\n<p><strong>&#8211; <u>w poniedzia\u0142ek<\/u>&nbsp; &nbsp; &#8211; <\/strong>nabo\u017ce\u0144stwo<strong> <em>do Bo\u017cego Mi\u0142osierdzia<\/em> <\/strong>o godz. <strong>17<sup>30<\/sup><\/strong><\/p>\n\n\n\n<p><strong>&#8211;<\/strong> <strong><u>w \u015brod\u0119<\/u><\/strong> <strong>&#8211; <\/strong>Nowenna do <strong><em>NMP Nieustaj\u0105cej Pomocy i modlitwy do \u015bw. J\u00f3zefa<\/em><\/strong> o godz. <strong>17<sup>30<\/sup><\/strong><\/p>\n\n\n\n<p><strong>&#8211; <u>w sobot\u0119<\/u> &nbsp; &nbsp;&nbsp;&nbsp;&nbsp;&nbsp;&nbsp;&nbsp;&nbsp;&nbsp; &#8211; <\/strong>nabo\u017ce\u0144stwo<strong><em> do \u015bw. Rity o godz. <\/em><\/strong><strong>17<sup>30<\/sup><\/strong><\/p>\n\n\n\n<p><strong>&#8211; <u>w niedziel\u0119<\/u> &nbsp;&nbsp;&nbsp;&nbsp;&nbsp;&nbsp;&nbsp;&nbsp; &#8211; <\/strong>nabo\u017ce\u0144stwo<strong><em> do \u015bw. Ojca Pio o godz. <\/em><\/strong><strong>17<sup>30<\/sup><\/strong><\/p>\n\n\n\n<p><strong><u>5.<\/u><\/strong><strong> <\/strong>W <strong><u>sobot\u0119<\/u><\/strong> \u2013 \u015bwi\u0119to Katedry \u015bw. Piotra, Aposto\u0142a<\/p>\n\n\n\n<p><strong><u>6<\/u><\/strong><strong>. <\/strong>W przysz\u0142\u0105 niedziel\u0119 b\u0119dziemy prze\u017cywa\u0107 <strong><em>7<\/em><\/strong><em> <strong>Niedziel\u0119 zwyk\u0142\u0105<\/strong><\/em><strong><em>.<\/em><\/strong> Msze \u015bw. wed\u0142ug porz\u0105dku niedzielnego.<\/p>\n\n\n\n<p><strong><u>7<\/u><\/strong><strong>.<\/strong> Kancelaria czynna codziennie po Mszy \u015bw. wieczornej z wyj\u0105tkiem niedziel, uroczysto\u015bci i \u015bwi\u0105t.<\/p>\n\n\n\n<p><strong><u>8<\/u><\/strong><strong>.<\/strong> Do nabycia jest prasa katolicka: Niedziela, Go\u015b\u0107 Niedzielny i R\u00f3\u017caniec.<\/p>\n\n\n\n<p><strong><u>9<\/u><\/strong><strong>.<\/strong> Dzi\u0119kuj\u0119 wszystkim, kt\u00f3rzy w tym tygodniu sprz\u0105tali \u015bwi\u0105tyni\u0119 i przygotowali j\u0105 na nasze spotkanie eucharystyczne.<\/p>\n\n\n\n<p><strong><u>10<\/u><\/strong><strong>.<\/strong> Serdeczne B\u00f3g zap\u0142a\u0107 za ofiary sk\u0142adane na remonty w naszej parafii.<\/p>\n\n\n\n<p><strong><u>11.<\/u><\/strong> Intencje mszalne, obrazki \u2013 pami\u0105tki odprawionej Mszy \u015bw.<\/p>\n\n\n\n<p><strong><u>12. <\/u><\/strong>Ministranci i lektorzy z cz\u0119\u015bci ofiar zebranych podczas wizyty duszpasterskiej na cele liturgicznej s\u0142u\u017cby o\u0142tarza, zakupili <strong>nowe dzwonki<\/strong> oraz <strong>ampu\u0142ki liturgiczne<\/strong> u\u017cywane podczas Mszy \u015awi\u0119tej. Za ten dar o\u0142tarza serdecznie dzi\u0119kujemy.<\/p>\n\n\n\n<p><strong><u>13.<\/u><\/strong> W poniedzia\u0142ek po Mszy \u015awi\u0119tej&nbsp; wieczornej na salce parafialnej odb\u0119dzie si\u0119 spotkanie liturgicznej s\u0142u\u017cby o\u0142tarza.<\/p>\n\n\n\n<p><strong><u>14.<\/u><\/strong>W <strong>czwartek tj. 20.02.2025r.<\/strong> o godzinie <strong>19.00 w salce parafialnej<\/strong> odb\u0119dzie si\u0119 spotkanie <strong>klas 7 i 8<\/strong> przygotowuj\u0105cych si\u0119 do bierzmowania. Na spotkanie obowi\u0105zkowo zabieramy ze sob\u0105 ksi\u0105\u017ceczki.<\/p>\n\n\n\n<p><em>\u017byczymy mi\u0142ego tygodnia i obfitych \u0142ask Bo\u017cych.<\/em><\/p>\n","protected":false},"excerpt":{"rendered":"<p>1. Dzi\u015b prze\u017cywamy 6 Niedziel\u0119 zwyk\u0142\u0105. &nbsp;Msze \u015bw. wed\u0142ug porz\u0105dku niedzielnego. Z racji \u015awiatowego Dnia Chorego &#8211; wspomnienie NMP z Lourdes, w naszej parafii dzisiaj modlimy si\u0119 za chorych i udzielamy Sakramentu Namaszczenia Chorych osobom chorym i starszym podczas ka\u017cdej Mszy \u015bw. 2. Msze \u015bw. w tygodniu&nbsp; o 700 i&#8230; <a class=\"continue-reading-link\" href=\"http:\/\/parafia.scinawa.info\/index.php\/2025\/02\/15\/ogloszenia-duszpasterskie-6-niedziela-zwykla-16-02-2025\/\">Czytaj dalej <span class=\"meta-nav\">&rarr; <\/span><\/a><\/p>\n","protected":false},"author":2,"featured_media":0,"comment_status":"closed","ping_status":"closed","sticky":false,"template":"","format":"standard","meta":{"footnotes":""},"categories":[40],"tags":[],"class_list":["post-2849","post","type-post","status-publish","format-standard","hentry","category-ogloszenia-duszpasterskie"],"_links":{"self":[{"href":"http:\/\/parafia.scinawa.info\/index.php\/wp-json\/wp\/v2\/posts\/2849","targetHints":{"allow":["GET"]}}],"collection":[{"href":"http:\/\/parafia.scinawa.info\/index.php\/wp-json\/wp\/v2\/posts"}],"about":[{"href":"http:\/\/parafia.scinawa.info\/index.php\/wp-json\/wp\/v2\/types\/post"}],"author":[{"embeddable":true,"href":"http:\/\/parafia.scinawa.info\/index.php\/wp-json\/wp\/v2\/users\/2"}],"replies":[{"embeddable":true,"href":"http:\/\/parafia.scinawa.info\/index.php\/wp-json\/wp\/v2\/comments?post=2849"}],"version-history":[{"count":1,"href":"http:\/\/parafia.scinawa.info\/index.php\/wp-json\/wp\/v2\/posts\/2849\/revisions"}],"predecessor-version":[{"id":2850,"href":"http:\/\/parafia.scinawa.info\/index.php\/wp-json\/wp\/v2\/posts\/2849\/revisions\/2850"}],"wp:attachment":[{"href":"http:\/\/parafia.scinawa.info\/index.php\/wp-json\/wp\/v2\/media?parent=2849"}],"wp:term":[{"taxonomy":"category","embeddable":true,"href":"http:\/\/parafia.scinawa.info\/index.php\/wp-json\/wp\/v2\/categories?post=2849"},{"taxonomy":"post_tag","embeddable":true,"href":"http:\/\/parafia.scinawa.info\/index.php\/wp-json\/wp\/v2\/tags?post=2849"}],"curies":[{"name":"wp","href":"https:\/\/api.w.org\/{rel}","templated":true}]}}