{"id":2880,"date":"2025-03-22T12:16:32","date_gmt":"2025-03-22T11:16:32","guid":{"rendered":"http:\/\/parafia.scinawa.info\/?p=2880"},"modified":"2025-03-22T12:16:32","modified_gmt":"2025-03-22T11:16:32","slug":"24-godziny-dla-pana-dekanat-scinawa-28-29-03-2025","status":"publish","type":"post","link":"http:\/\/parafia.scinawa.info\/index.php\/2025\/03\/22\/24-godziny-dla-pana-dekanat-scinawa-28-29-03-2025\/","title":{"rendered":"24 GODZINY DLA PANA &#8211; DEKANAT \u015aCINAWA \u2013 28 \u2013 29.03. 2025"},"content":{"rendered":"\n<p class=\"has-medium-font-size\"><strong><em>KO\u015aCI\u00d3\u0141 PODWY\u017bSZENIA KRZY\u017bA \u015aWI\u0118TEGO \u015aCINAWA<\/em><\/strong><\/p>\n\n\n\n<p class=\"has-large-font-size\"><strong>PI\u0104TEK 28.03<\/strong><\/p>\n\n\n\n<p>15.00 \u2013 KORONKA DO BO\u017bEGO MI\u0141OSIERDZIA<\/p>\n\n\n\n<p>16.00 \u2013 DROGA KRZY\u017bOWA DLA DZIECI<\/p>\n\n\n\n<p>17.30 \u2013 DROGA KRZY\u017bOWA DLA DOROS\u0141YCH<\/p>\n\n\n\n<p>18.00 \u2013 MSZA \u015aWI\u0118TA<\/p>\n\n\n\n<p><strong>SAKRAMENT POKUTY<\/strong><\/p>\n\n\n\n<p>19.00 \u2013 20.00 \u2013 D\u0141U\u017bYCE<\/p>\n\n\n\n<p>20.00 \u2013 21.00 \u2013 WIELOWIE\u015a<\/p>\n\n\n\n<p>21.00 \u2013 APEL JASNOG\u00d3RSKI<\/p>\n\n\n\n<p><strong>21.00 \u2013 7.00 \u2013 ADORACJA NAJ\u015aWI\u0118TSZEGO SAKRAMENTU<\/strong><strong><\/strong><\/p>\n\n\n\n<p class=\"has-large-font-size\"><strong>SOBOTA 29.03<\/strong><\/p>\n\n\n\n<p>7.00 \u2013 MSZA \u015aWI\u0118TA<\/p>\n\n\n\n<p class=\"has-medium-font-size\"><strong>SAKRAMENT POKUTY<\/strong><\/p>\n\n\n\n<p>8.00 \u2013 9.00 \u2013 \u015aCINAWA<\/p>\n\n\n\n<p>9.00 \u2013 10.00 \u2013 WIELOWIE\u015a<\/p>\n\n\n\n<p>10.00 \u2013 11.00 \u2013 D\u0141U\u017bYCE<\/p>\n\n\n\n<p>11.00 \u2013 12.00 \u2013 TYMOWA<\/p>\n\n\n\n<p>12.00 \u2013 13.00 \u2013 OLSZANY<\/p>\n\n\n\n<p>13.00 \u2013 14.00 \u2013 CHOBIENIA<\/p>\n\n\n\n<p class=\"has-medium-font-size\"><strong>ADORACJA \u2013 SOBOTA \u2013 29.03.2025<\/strong><\/p>\n\n\n\n<p><strong>\u00a0<\/strong> 8.00 \u2013 \u00a0\u00a09.00 \u2013 I R\u00d3\u017bA \u017bE\u0143SKA<\/p>\n\n\n\n<p><strong>\u00a0 <\/strong>9.00 \u2013 10.00 \u2013 II R\u00d3\u017bA \u017bE\u0143SKA<\/p>\n\n\n\n<p>10.00 \u2013 11.00 \u2013 III R\u00d3\u017bA \u017bE\u0143SKA<\/p>\n\n\n\n<p>11.00 \u2013 12.00 \u2013 IV R\u00d3\u017bA \u017bE\u0143SKA<\/p>\n\n\n\n<p>12.00 \u2013 13.00 \u2013 V R\u00d3\u017bA \u017bE\u0143SKA<\/p>\n\n\n\n<p>13.00 \u2013 14.00 \u2013 VI R\u00d3\u017bA \u017bE\u0143SKA, M\u0118SKA, R\u00d3\u017bE R\u00d3\u017bA\u0143CA ZA DZIECI<\/p>\n\n\n\n<p class=\"has-medium-font-size\"><strong>14.00 \u2013 MSZA \u015aWI\u0118TA KONCELEBROWANA KAP\u0141AN\u00d3W DEKANATU<\/strong><\/p>\n","protected":false},"excerpt":{"rendered":"<p>KO\u015aCI\u00d3\u0141 PODWY\u017bSZENIA KRZY\u017bA \u015aWI\u0118TEGO \u015aCINAWA PI\u0104TEK 28.03 15.00 \u2013 KORONKA DO BO\u017bEGO MI\u0141OSIERDZIA 16.00 \u2013 DROGA KRZY\u017bOWA DLA DZIECI 17.30 \u2013 DROGA KRZY\u017bOWA DLA DOROS\u0141YCH 18.00 \u2013 MSZA \u015aWI\u0118TA SAKRAMENT POKUTY 19.00 \u2013 20.00 \u2013 D\u0141U\u017bYCE 20.00 \u2013 21.00 \u2013 WIELOWIE\u015a 21.00 \u2013 APEL JASNOG\u00d3RSKI 21.00 \u2013 7.00 \u2013 ADORACJA&#8230; <a class=\"continue-reading-link\" href=\"http:\/\/parafia.scinawa.info\/index.php\/2025\/03\/22\/24-godziny-dla-pana-dekanat-scinawa-28-29-03-2025\/\">Czytaj dalej <span class=\"meta-nav\">&rarr; <\/span><\/a><\/p>\n","protected":false},"author":2,"featured_media":0,"comment_status":"closed","ping_status":"closed","sticky":false,"template":"","format":"standard","meta":{"footnotes":""},"categories":[1],"tags":[],"class_list":["post-2880","post","type-post","status-publish","format-standard","hentry","category-bez-kategorii"],"_links":{"self":[{"href":"http:\/\/parafia.scinawa.info\/index.php\/wp-json\/wp\/v2\/posts\/2880","targetHints":{"allow":["GET"]}}],"collection":[{"href":"http:\/\/parafia.scinawa.info\/index.php\/wp-json\/wp\/v2\/posts"}],"about":[{"href":"http:\/\/parafia.scinawa.info\/index.php\/wp-json\/wp\/v2\/types\/post"}],"author":[{"embeddable":true,"href":"http:\/\/parafia.scinawa.info\/index.php\/wp-json\/wp\/v2\/users\/2"}],"replies":[{"embeddable":true,"href":"http:\/\/parafia.scinawa.info\/index.php\/wp-json\/wp\/v2\/comments?post=2880"}],"version-history":[{"count":1,"href":"http:\/\/parafia.scinawa.info\/index.php\/wp-json\/wp\/v2\/posts\/2880\/revisions"}],"predecessor-version":[{"id":2881,"href":"http:\/\/parafia.scinawa.info\/index.php\/wp-json\/wp\/v2\/posts\/2880\/revisions\/2881"}],"wp:attachment":[{"href":"http:\/\/parafia.scinawa.info\/index.php\/wp-json\/wp\/v2\/media?parent=2880"}],"wp:term":[{"taxonomy":"category","embeddable":true,"href":"http:\/\/parafia.scinawa.info\/index.php\/wp-json\/wp\/v2\/categories?post=2880"},{"taxonomy":"post_tag","embeddable":true,"href":"http:\/\/parafia.scinawa.info\/index.php\/wp-json\/wp\/v2\/tags?post=2880"}],"curies":[{"name":"wp","href":"https:\/\/api.w.org\/{rel}","templated":true}]}}