{"id":2888,"date":"2025-04-05T10:23:25","date_gmt":"2025-04-05T08:23:25","guid":{"rendered":"http:\/\/parafia.scinawa.info\/?p=2888"},"modified":"2025-04-05T10:23:25","modified_gmt":"2025-04-05T08:23:25","slug":"intencje-mszalne-06-04-13-04-2025","status":"publish","type":"post","link":"http:\/\/parafia.scinawa.info\/index.php\/2025\/04\/05\/intencje-mszalne-06-04-13-04-2025\/","title":{"rendered":"INTENCJE MSZALNE 06.04. \u00a0\u2013 13.04. 2025"},"content":{"rendered":"\n<p><strong><em>Sk\u0142adaj\u0105c Ofiar\u0119, kt\u00f3ra nam przypomina niezmierzon\u0105 mi\u0142o\u015b\u0107 Twojego Syna, pokornie prosimy Ci\u0119, Bo\u017ce, przyjmij intencje Twoich wiernych i spraw przez dzia\u0142anie Eucharystii, aby w naszych rodzinach wzrasta\u0142a prawdziwa wiara, \u015bwi\u0119to\u015b\u0107 \u017cycia, braterska mi\u0142o\u015b\u0107 i duch modlitwy. <\/em><\/strong><strong>Niech Matka Naj\u015bwi\u0119tsza wyprosi \u0142aski, o kt\u00f3re modlili\u015bmy si\u0119 w tej Mszy \u015bw. dla \u2026 Za\u015b zmar\u0142ym \u2026 za kt\u00f3rych odprawiali\u015bmy Msz\u0119 \u015bw.: <u>wieczny odpoczynek racz im da\u0107 Panie<\/u> (\u2026); niech odpoczywaj\u0105 w pokoju wiecznym. Amen<\/strong><\/p>\n\n\n\n<p><strong><u>06.04<em>. &#8211; NIEDZIELA&nbsp; <\/em><\/u><\/strong><em><\/em><\/p>\n\n\n\n<p><strong>8.oo \u2013 1) <\/strong>&nbsp;w 47 rocz. urodzin Jaros\u0142awa i&nbsp; w 74 rocz. urodzin J\u00f3zefa dzi\u0119kczynna za otrzymane \u0142aski<\/p>\n\n\n\n<p>&nbsp;&nbsp;&nbsp;&nbsp;&nbsp;&nbsp;&nbsp;&nbsp;&nbsp;&nbsp;&nbsp;&nbsp;&nbsp;&nbsp;&nbsp;&nbsp; z pro\u015bb\u0105 o zdrowie, dary Ducha \u015awi\u0119tego, Bo\u017ce b\u0142ogos\u0142awie\u0144stwo, opiek\u0119 NMP i \u015bw. Patron\u00f3w<\/p>\n\n\n\n<p><strong>&nbsp;&nbsp;&nbsp;&nbsp;&nbsp;&nbsp;&nbsp;&nbsp;&nbsp;&nbsp;&nbsp;&nbsp;&nbsp; 2)<\/strong> ++ dziadk\u00f3w: Juli\u0119 i Karola, chrzestnych: Jadwig\u0119 i Edwarda oraz ++ z rodziny \u2013 modli si\u0119<\/p>\n\n\n\n<p>&nbsp;&nbsp;&nbsp;&nbsp;&nbsp;&nbsp;&nbsp;&nbsp;&nbsp;&nbsp;&nbsp;&nbsp;&nbsp;&nbsp;&nbsp;&nbsp;&nbsp;&nbsp; rodzina<\/p>\n\n\n\n<p><strong>&nbsp; 9.3o \u2013 <\/strong>+ Mariann\u0119 Kresk\u0119 w 4 rocz. \u015bm. \u2013 modli si\u0119 Renata z rodzin\u0105&nbsp;<\/p>\n\n\n\n<p><strong>11.oo \u2013 1)<\/strong> + Alfreda Skoczylasa w 12 rocz. \u015bm. oraz ++ te\u015bci\u00f3w z rodziny Hawrylczak\u00f3w<strong><\/strong><\/p>\n\n\n\n<p><strong>&nbsp;&nbsp;&nbsp;&nbsp;&nbsp;&nbsp;&nbsp;&nbsp;&nbsp;&nbsp;&nbsp;&nbsp;&nbsp; 2) <\/strong>++ Filomen\u0119 i Franciszka Trubickich, El\u017cbiet\u0119 Demczak oraz ++ z rodziny Trubickich,<\/p>\n\n\n\n<p>&nbsp;&nbsp;&nbsp;&nbsp;&nbsp;&nbsp;&nbsp;&nbsp;&nbsp;&nbsp;&nbsp;&nbsp;&nbsp;&nbsp;&nbsp;&nbsp;&nbsp; Koz\u0142owskich, Kulczyckich i Serafin\u00f3w<\/p>\n\n\n\n<p><strong>12.3o \u2013 1) <\/strong>+ m\u0119\u017ca Tadeusza Nowickiego w 4 rocz. \u015bm. \u2013 modli si\u0119 \u017cona z rodzin\u0105<\/p>\n\n\n\n<p><strong>&nbsp;&nbsp;&nbsp;&nbsp;&nbsp;&nbsp;&nbsp;&nbsp;&nbsp;&nbsp;&nbsp; &nbsp; 2)<\/strong> + Barbar\u0119 Kulak w 4 rocz. \u015bm. \u2013 modl\u0105 si\u0119 dzieci i wnuki<\/p>\n\n\n\n<p>&nbsp;&nbsp;&nbsp;&nbsp;&nbsp;&nbsp;&nbsp;&nbsp;&nbsp;&nbsp;&nbsp;&nbsp;&nbsp;&nbsp;&nbsp;&nbsp;&nbsp;&nbsp;&nbsp;&nbsp;&nbsp;&nbsp;&nbsp;&nbsp;&nbsp;&nbsp;&nbsp;&nbsp;&nbsp;&nbsp;&nbsp;&nbsp;&nbsp;&nbsp; <strong><em>Chrzest po Mszy: Leon Usak<\/em><\/strong><\/p>\n\n\n\n<p><strong>18.oo \u2013 <\/strong>++ Feliksa Adamczyka, \u017con\u0119 Waleri\u0119 oraz ++ z rodziny Adamczyk\u00f3w, Chodorowskich, Matus\u00f3w,<\/p>\n\n\n\n<p>&nbsp;&nbsp;&nbsp;&nbsp;&nbsp;&nbsp;&nbsp;&nbsp;&nbsp;&nbsp;&nbsp;&nbsp;&nbsp;&nbsp;&nbsp; Bronowickich i dusze w czy\u015b\u0107cu cierpi\u0105ce \u2013 modli si\u0119 rodzina<strong>&nbsp; &nbsp;<\/strong>&nbsp;<\/p>\n\n\n\n<p><strong><u>07.04<em>. \u2013 PONIEDZIA\u0141EK<\/em><\/u><\/strong><\/p>\n\n\n\n<p><strong>&nbsp; &nbsp;&nbsp;7.oo \u2013 <\/strong>&nbsp;+ Bogus\u0142awa w 3 miesi\u0105ce po \u015bm.<\/p>\n\n\n\n<p><strong>18.oo \u2013 1) <\/strong>&nbsp;+ Nikol\u0119 Wielg\u00f3rk\u0119 w 2 rocz. \u015bm. \u2013 modl\u0105 si\u0119 rodzice z dzie\u0107mi i wnukami<\/p>\n\n\n\n<p><strong>&nbsp;&nbsp;&nbsp;&nbsp;&nbsp;&nbsp;&nbsp;&nbsp;&nbsp;&nbsp;&nbsp; &nbsp; 2)<\/strong> ++ Albin\u0119, Henryka, Wojciecha i Janin\u0119 Miko\u0142ajuk\u00f3w, ++ z rodziny Rodziewicz\u00f3w<\/p>\n\n\n\n<p>&nbsp;&nbsp;&nbsp;&nbsp;&nbsp;&nbsp;&nbsp;&nbsp;&nbsp;&nbsp;&nbsp;&nbsp;&nbsp;&nbsp;&nbsp;&nbsp; oraz ++ Czes\u0142awa i Antonin\u0119 Stanis\u0142awskich i ++ z rodziny Idkowiak\u00f3w<\/p>\n\n\n\n<p><strong><u>08.04<em>. &#8211; WTOREK<\/em><\/u><\/strong><em><\/em><\/p>\n\n\n\n<p><strong>7.oo \u2013<\/strong><\/p>\n\n\n\n<p><strong>14.oo \u2013<\/strong> + Jana Szpularza &#8211; pogrzebowa<\/p>\n\n\n\n<p><strong>18.oo \u2013 <\/strong>w intencji Ignacego z okazji 14 rocz. urodzin dzi\u0119kczynna za otrzymane \u0142aski z pro\u015bb\u0105 o zdrowie,<\/p>\n\n\n\n<p>&nbsp;&nbsp;&nbsp;&nbsp;&nbsp;&nbsp;&nbsp;&nbsp;&nbsp;&nbsp;&nbsp;&nbsp;&nbsp; dary Ducha \u015awi\u0119tego, Bo\u017ce b\u0142ogos\u0142awie\u0144stwo, opiek\u0119 NMP i \u015bw. Patron\u00f3w \u2013 modli si\u0119 rodzina<\/p>\n\n\n\n<p><strong><u>09.04<em>. \u2013 \u015aRODA<\/em><\/u><\/strong><\/p>\n\n\n\n<p><strong>&nbsp; 7.oo \u2013 <\/strong>+ syna Ryszarda<strong><\/strong><\/p>\n\n\n\n<p><strong>18.oo \u2013&nbsp; intencja zbiorowa nowennowa:<\/strong><\/p>\n\n\n\n<p><strong>1)<\/strong> + Stefana Miedzi\u0144skiego w 2 rocz. \u015bm. \u2013 modl\u0105 si\u0119 synowie z rodzin\u0105<\/p>\n\n\n\n<p><strong>2)<\/strong> + Stanis\u0142awa Pieniak\u0119 i ++ z rodziny Pieniak\u00f3w i Pa\u0142ac\u00f3w<\/p>\n\n\n\n<p><strong>3)<\/strong><\/p>\n\n\n\n<p><strong>4)<\/strong><\/p>\n\n\n\n<p><strong><u>10.04<em>. \u2013 CZWARTEK <\/em><\/u><\/strong><em>&nbsp;<\/em><\/p>\n\n\n\n<p><strong>&nbsp; 8.oo \u2013<\/strong>&nbsp;<\/p>\n\n\n\n<p><strong>16.oo \u2013<\/strong> + Mari\u0119 Urba\u0144sk\u0105 &#8211; 30 dzie\u0144 od pogrzebu &#8211; intencja od uczestnik\u00f3w Mszy pogrzebowej<\/p>\n\n\n\n<p><strong>18.oo \u2013 1) <\/strong>+ Bronis\u0142aw\u0119 Olek \u2013 modli si\u0119 kuzyn Robert z rodzin\u0105<\/p>\n\n\n\n<p><strong>&nbsp;&nbsp;&nbsp;&nbsp;&nbsp;&nbsp;&nbsp;&nbsp;&nbsp;&nbsp;&nbsp; &nbsp; 2) <\/strong>++ rodzic\u00f3w: Franciszk\u0119 i W\u0142adys\u0142awa Garli\u0144skich, Genowef\u0119 Wysocza\u0144sk\u0105, Mari\u0119 Do\u0142\u0119g\u0119<\/p>\n\n\n\n<p>&nbsp;&nbsp;&nbsp;&nbsp;&nbsp;&nbsp;&nbsp;&nbsp;&nbsp;&nbsp;&nbsp;&nbsp;&nbsp;&nbsp;&nbsp;&nbsp;&nbsp; oraz Ludwika i Albin\u0119 Garli\u0144skich \u2013 modli si\u0119 rodzina<\/p>\n\n\n\n<p><strong><u>11.04<em>. \u2013 PI\u0104TEK<\/em><\/u><\/strong><\/p>\n\n\n\n<p><strong>8.oo \u2013<\/strong>&nbsp; + Stanis\u0142awa w 23 rocz. \u015bm.<\/p>\n\n\n\n<p><strong>16.oo \u2013<\/strong> ++ z rodziny Troci\u0144skich \u2013 modl\u0105 si\u0119 Tadeusz i Barbara<\/p>\n\n\n\n<p><strong>18.oo \u2013 1) <\/strong>++ z rodzic\u00f3w: Katarzyn\u0119 i Miko\u0142aja oraz Bronis\u0142aw\u0119 i Ryszarda \u2013 modli si\u0119 rodzina<\/p>\n\n\n\n<p><strong>&nbsp;&nbsp;&nbsp;&nbsp;&nbsp;&nbsp;&nbsp;&nbsp;&nbsp;&nbsp;&nbsp; &nbsp; 2)<\/strong> w intencji Kamili, Bogdana i Adriana dzi\u0119kczynna za otrzymane \u0142aski z pro\u015bb\u0105 o zdrowie, dary<\/p>\n\n\n\n<p>&nbsp;&nbsp;&nbsp;&nbsp;&nbsp;&nbsp;&nbsp;&nbsp;&nbsp;&nbsp;&nbsp;&nbsp;&nbsp;&nbsp;&nbsp;&nbsp; Ducha \u015awi\u0119tego, Bo\u017ce b\u0142ogos\u0142awie\u0144stwo, opiek\u0119 NMP i \u015bw. Patron\u00f3w \u2013 modli si\u0119 mama<\/p>\n\n\n\n<p><strong><em><u>12.04. \u2013 SOBOTA<\/u><\/em><\/strong><\/p>\n\n\n\n<p><strong>&nbsp; 9.oo \u2013<\/strong>&nbsp; + W\u0142adys\u0142aw\u0119 Skoczylas &#8211; 30 dzie\u0144 od pogrzebu &#8211; intencja od uczestnik\u00f3w Mszy pogrzebowej<\/p>\n\n\n\n<p><strong>16.oo \u2013<\/strong> zaj. P. Bilewicz<\/p>\n\n\n\n<p><strong>18.oo \u2013 1) <\/strong>+ Sylwestra Chudzichowskiego w 12 rocz. \u015bm. \u2013 modli si\u0119 \u017cona z rodzin\u0105<\/p>\n\n\n\n<p><strong>&nbsp;&nbsp;&nbsp;&nbsp;&nbsp;&nbsp;&nbsp;&nbsp;&nbsp;&nbsp;&nbsp; &nbsp; 2) <\/strong>+ Alicj\u0119 Chmielowsk\u0105 \u2013 modli si\u0119 rodzina Huzar\u00f3w &nbsp;<\/p>\n\n\n\n<p><strong><em><u>13.04. \u2013 NIEDZIELA&nbsp;<\/u><\/em><\/strong><\/p>\n\n\n\n<p><strong>&nbsp; 8.oo \u2013 1) <\/strong>+ m\u0119\u017ca Henryka Pleskacza \u2013 modli si\u0119 \u017cona z dzie\u0107mi<\/p>\n\n\n\n<p><strong>&nbsp;&nbsp;&nbsp;&nbsp;&nbsp;&nbsp;&nbsp;&nbsp;&nbsp;&nbsp;&nbsp; &nbsp; 2)<\/strong> ++ Kazimier\u0119 w 8 rocz. \u015bm., J\u00f3zefa, W\u0142adys\u0142aw\u0119 i Stanis\u0142awa Szymczak\u00f3w oraz Maryl\u0119<\/p>\n\n\n\n<p>&nbsp;&nbsp;&nbsp;&nbsp;&nbsp;&nbsp;&nbsp;&nbsp;&nbsp;&nbsp;&nbsp;&nbsp;&nbsp;&nbsp;&nbsp;&nbsp;&nbsp; Sta\u0144czyk z domu Szymczak \u2013 modli si\u0119 rodzina<\/p>\n\n\n\n<p><strong>&nbsp; 9.3o \u2013 <\/strong>&nbsp;++ Feliks\u0119, Katarzyn\u0119, Danut\u0119 i J\u00f3zefa z rodziny Skowron\u00f3w oraz Wincent\u0119, Kazimier\u0119<\/p>\n\n\n\n<p>&nbsp;&nbsp;&nbsp;&nbsp;&nbsp;&nbsp;&nbsp;&nbsp;&nbsp;&nbsp;&nbsp;&nbsp;&nbsp;&nbsp;&nbsp;&nbsp; i Stanis\u0142awa z rodziny Berdzik\u00f3w<\/p>\n\n\n\n<p><strong>11.oo \u2013 1) <\/strong>w 50 rocz. \u015blubu Danuty i Krzysztofa Cichut\u00f3w dzi\u0119kczynna za otrzymane \u0142aski z pro\u015bb\u0105<\/p>\n\n\n\n<p>&nbsp;&nbsp;&nbsp;&nbsp;&nbsp;&nbsp;&nbsp;&nbsp;&nbsp;&nbsp;&nbsp;&nbsp;&nbsp;&nbsp;&nbsp;&nbsp;&nbsp; o zdrowie, dary Ducha \u015awi\u0119tego, Bo\u017ce b\u0142ogos\u0142awie\u0144stwo, opiek\u0119 NMP i \u015bw. Patron\u00f3w na<\/p>\n\n\n\n<p>&nbsp;&nbsp;&nbsp;&nbsp;&nbsp;&nbsp;&nbsp;&nbsp;&nbsp;&nbsp;&nbsp;&nbsp;&nbsp;&nbsp;&nbsp;&nbsp;&nbsp;&nbsp; dalsze lata \u017cycia \u2013 modl\u0105 si\u0119 dzieci z rodzinami<\/p>\n\n\n\n<p><strong>&nbsp;&nbsp;&nbsp;&nbsp;&nbsp;&nbsp;&nbsp;&nbsp;&nbsp;&nbsp;&nbsp; &nbsp; 2) <\/strong>+ Janin\u0119 Parkasiewicz w 23 rocz. \u015bm. \u2013 modli si\u0119 c\u00f3rka z m\u0119\u017cem<\/p>\n\n\n\n<p><strong>12.3o \u2013 1) <\/strong>w 1 rocz. urodzin Jasia dzi\u0119kczynna za otrzymane \u0142aski z pro\u015bb\u0105 o zdrowie, dary Ducha \u015awi\u0119tego,<\/p>\n\n\n\n<p>&nbsp;&nbsp;&nbsp;&nbsp;&nbsp;&nbsp;&nbsp;&nbsp;&nbsp;&nbsp;&nbsp;&nbsp;&nbsp;&nbsp;&nbsp;&nbsp;&nbsp;&nbsp; Bo\u017ce b\u0142ogos\u0142awie\u0144stwo, opiek\u0119 NMP i \u015bw. Patron\u00f3w \u2013 modl\u0105 si\u0119 rodzice, siostra i dziadkowie<\/p>\n\n\n\n<p><strong>&nbsp;&nbsp;&nbsp;&nbsp;&nbsp;&nbsp;&nbsp;&nbsp;&nbsp;&nbsp;&nbsp; &nbsp; 2)<\/strong> w rocz. urodzin Urszuli dzi\u0119kczynna za otrzymane \u0142aski z pro\u015bb\u0105 o zdrowie, dary Ducha<\/p>\n\n\n\n<p>&nbsp;&nbsp;&nbsp;&nbsp;&nbsp;&nbsp;&nbsp;&nbsp;&nbsp;&nbsp;&nbsp;&nbsp;&nbsp;&nbsp;&nbsp;&nbsp; \u015awi\u0119tego, Bo\u017ce b\u0142ogos\u0142awie\u0144stwo, opiek\u0119 NMP i \u015bw. Patron\u00f3w \u2013 modli si\u0119 rodzina<\/p>\n\n\n\n<p><strong>18.oo \u2013 1) <\/strong>&nbsp;+ Janin\u0119 Hebrycz w 32 rocz. \u015bm. \u2013 modli si\u0119 zi\u0119\u0107 Jan ze szwagierk\u0105 z W\u0105sosza<\/p>\n\n\n\n<p><strong>&nbsp;&nbsp;&nbsp;&nbsp;&nbsp;&nbsp;&nbsp;&nbsp;&nbsp;&nbsp;&nbsp; &nbsp; 2) <\/strong>+ Andrzeja Chodorowskiego, \u017con\u0119 Teofil\u0119 oraz ++ z rodziny Chodorowskich, Adamczyk\u00f3w,<\/p>\n\n\n\n<p>&nbsp;&nbsp;&nbsp;&nbsp;&nbsp;&nbsp;&nbsp;&nbsp;&nbsp;&nbsp;&nbsp;&nbsp;&nbsp;&nbsp;&nbsp;&nbsp;&nbsp; Bronowickich, Matus\u00f3w \u2013 modli si\u0119 rodzina<\/p>\n","protected":false},"excerpt":{"rendered":"<p>Sk\u0142adaj\u0105c Ofiar\u0119, kt\u00f3ra nam przypomina niezmierzon\u0105 mi\u0142o\u015b\u0107 Twojego Syna, pokornie prosimy Ci\u0119, Bo\u017ce, przyjmij intencje Twoich wiernych i spraw przez dzia\u0142anie Eucharystii, aby w naszych rodzinach wzrasta\u0142a prawdziwa wiara, \u015bwi\u0119to\u015b\u0107 \u017cycia, braterska mi\u0142o\u015b\u0107 i duch modlitwy. Niech Matka Naj\u015bwi\u0119tsza wyprosi \u0142aski, o kt\u00f3re modlili\u015bmy si\u0119 w tej Mszy \u015bw. dla&#8230; <a class=\"continue-reading-link\" href=\"http:\/\/parafia.scinawa.info\/index.php\/2025\/04\/05\/intencje-mszalne-06-04-13-04-2025\/\">Czytaj dalej <span class=\"meta-nav\">&rarr; <\/span><\/a><\/p>\n","protected":false},"author":2,"featured_media":0,"comment_status":"closed","ping_status":"closed","sticky":false,"template":"","format":"standard","meta":{"footnotes":""},"categories":[39],"tags":[],"class_list":["post-2888","post","type-post","status-publish","format-standard","hentry","category-intencje"],"_links":{"self":[{"href":"http:\/\/parafia.scinawa.info\/index.php\/wp-json\/wp\/v2\/posts\/2888","targetHints":{"allow":["GET"]}}],"collection":[{"href":"http:\/\/parafia.scinawa.info\/index.php\/wp-json\/wp\/v2\/posts"}],"about":[{"href":"http:\/\/parafia.scinawa.info\/index.php\/wp-json\/wp\/v2\/types\/post"}],"author":[{"embeddable":true,"href":"http:\/\/parafia.scinawa.info\/index.php\/wp-json\/wp\/v2\/users\/2"}],"replies":[{"embeddable":true,"href":"http:\/\/parafia.scinawa.info\/index.php\/wp-json\/wp\/v2\/comments?post=2888"}],"version-history":[{"count":1,"href":"http:\/\/parafia.scinawa.info\/index.php\/wp-json\/wp\/v2\/posts\/2888\/revisions"}],"predecessor-version":[{"id":2889,"href":"http:\/\/parafia.scinawa.info\/index.php\/wp-json\/wp\/v2\/posts\/2888\/revisions\/2889"}],"wp:attachment":[{"href":"http:\/\/parafia.scinawa.info\/index.php\/wp-json\/wp\/v2\/media?parent=2888"}],"wp:term":[{"taxonomy":"category","embeddable":true,"href":"http:\/\/parafia.scinawa.info\/index.php\/wp-json\/wp\/v2\/categories?post=2888"},{"taxonomy":"post_tag","embeddable":true,"href":"http:\/\/parafia.scinawa.info\/index.php\/wp-json\/wp\/v2\/tags?post=2888"}],"curies":[{"name":"wp","href":"https:\/\/api.w.org\/{rel}","templated":true}]}}