{"id":2904,"date":"2025-04-19T13:02:38","date_gmt":"2025-04-19T11:02:38","guid":{"rendered":"http:\/\/parafia.scinawa.info\/?p=2904"},"modified":"2025-04-19T13:02:38","modified_gmt":"2025-04-19T11:02:38","slug":"intencje-mszalne-20-04-27-04-2025","status":"publish","type":"post","link":"http:\/\/parafia.scinawa.info\/index.php\/2025\/04\/19\/intencje-mszalne-20-04-27-04-2025\/","title":{"rendered":"INTENCJE MSZALNE 20.04. \u00a0\u2013 27.04. 2025"},"content":{"rendered":"\n<p><strong><em>Sk\u0142adaj\u0105c Ofiar\u0119, kt\u00f3ra nam przypomina niezmierzon\u0105 mi\u0142o\u015b\u0107 Twojego Syna, pokornie prosimy Ci\u0119, Bo\u017ce, przyjmij intencje Twoich wiernych i spraw przez dzia\u0142anie Eucharystii, aby w naszych rodzinach wzrasta\u0142a prawdziwa wiara, \u015bwi\u0119to\u015b\u0107 \u017cycia, braterska mi\u0142o\u015b\u0107 i duch modlitwy. <\/em><\/strong><strong>Niech Matka Naj\u015bwi\u0119tsza wyprosi \u0142aski, o kt\u00f3re modlili\u015bmy si\u0119 w tej Mszy \u015bw. dla \u2026 Za\u015b zmar\u0142ym \u2026 za kt\u00f3rych odprawiali\u015bmy Msz\u0119 \u015bw.: <u>wieczny odpoczynek racz im da\u0107 Panie<\/u> (\u2026); niech odpoczywaj\u0105 w pokoju wiecznym. Amen<\/strong><\/p>\n\n\n\n<p><strong><em><u>20.04. \u2013 NIEDZIELA WIELKANOCNA&nbsp;<\/u><\/em><\/strong><\/p>\n\n\n\n<p><strong>&nbsp; 7.oo \u2013 1) <\/strong>+ J\u00f3zefa Ciroga w 24 rocz. \u015bm. \u2013 modli si\u0119 rodzina<\/p>\n\n\n\n<p><strong>&nbsp;&nbsp;&nbsp;&nbsp;&nbsp;&nbsp;&nbsp;&nbsp;&nbsp;&nbsp;&nbsp; &nbsp; 2)<\/strong> + Jana Budzana w 4 rocz. \u015bm. i ++ z rodziny \u2013 modli si\u0119 rodzina<\/p>\n\n\n\n<p><strong>11.oo \u2013 1) <\/strong>w rocz. urodzin Jana Demczaka dzi\u0119kczynna za otrzymane \u0142aski z pro\u015bb\u0105 o zdrowie, dary<\/p>\n\n\n\n<p>&nbsp;&nbsp;&nbsp;&nbsp;&nbsp;&nbsp;&nbsp;&nbsp;&nbsp;&nbsp;&nbsp;&nbsp;&nbsp;&nbsp;&nbsp;&nbsp;&nbsp; Ducha \u015awi\u0119tego, Bo\u017ce b\u0142ogos\u0142awie\u0144stwo, opiek\u0119 NMP i \u015bw. Patron\u00f3w<\/p>\n\n\n\n<p><strong>&nbsp;&nbsp;&nbsp;&nbsp;&nbsp;&nbsp;&nbsp;&nbsp;&nbsp;&nbsp;&nbsp; &nbsp;2) <\/strong>&nbsp;w rocz. urodzin mamy Lucyny dzi\u0119kczynna za otrzymane \u0142aski z pro\u015bb\u0105 o zdrowie, dary Ducha<\/p>\n\n\n\n<p>&nbsp;&nbsp;&nbsp;&nbsp;&nbsp;&nbsp;&nbsp;&nbsp;&nbsp;&nbsp;&nbsp;&nbsp;&nbsp;&nbsp;&nbsp;&nbsp; \u015awi\u0119tego, Bo\u017ce b\u0142ogos\u0142awie\u0144stwo, opiek\u0119 NMP i \u015bw. Patron\u00f3w \u2013 modl\u0105 si\u0119 c\u00f3rki z rodzinami<\/p>\n\n\n\n<p><strong>12.3o \u2013 1) <\/strong>w intencji ca\u0142ej rodziny z podzi\u0119kowaniem za otrzymane \u0142aski z pro\u015bb\u0105 aby dobry B\u00f3g<\/p>\n\n\n\n<p>&nbsp;&nbsp;&nbsp;&nbsp;&nbsp;&nbsp;&nbsp;&nbsp;&nbsp;&nbsp;&nbsp;&nbsp;&nbsp;&nbsp;&nbsp;&nbsp;&nbsp; wspiera\u0142 swoimi \u0142askami i darzy\u0142 moc\u0105 na drodze realizacji zamierzonych plan\u00f3w \u017cyciowych<\/p>\n\n\n\n<p><strong>&nbsp;&nbsp;&nbsp;&nbsp;&nbsp;&nbsp;&nbsp;&nbsp;&nbsp;&nbsp;&nbsp; &nbsp; 2)<\/strong> w 65 rocz. \u015blubu Stanis\u0142awy i W\u0142adys\u0142awa Nowak\u00f3w dzi\u0119kczynna za otrzymane \u0142aski z pro\u015bb\u0105<\/p>\n\n\n\n<p>&nbsp;&nbsp;&nbsp;&nbsp;&nbsp;&nbsp;&nbsp;&nbsp;&nbsp;&nbsp;&nbsp;&nbsp;&nbsp;&nbsp;&nbsp;&nbsp;&nbsp; o zdrowie, dary Ducha \u015awi\u0119tego, Bo\u017ce b\u0142ogos\u0142awie\u0144stwo, opiek\u0119 NMP i \u015bw. Patron\u00f3w na<\/p>\n\n\n\n<p>&nbsp;&nbsp;&nbsp;&nbsp;&nbsp;&nbsp;&nbsp;&nbsp;&nbsp;&nbsp;&nbsp;&nbsp;&nbsp;&nbsp;&nbsp;&nbsp;&nbsp;&nbsp; dalsze lata \u017cycia \u2013 modl\u0105 si\u0119 c\u00f3rki i syn z rodzinami, 8 wnucz\u0105t i 9 prawnucz\u0105t<\/p>\n\n\n\n<p>&nbsp;&nbsp;&nbsp;&nbsp;&nbsp;&nbsp;&nbsp;&nbsp;&nbsp;&nbsp;&nbsp;&nbsp;&nbsp;&nbsp;&nbsp;&nbsp;&nbsp;&nbsp;&nbsp;&nbsp;&nbsp;&nbsp;&nbsp; <strong><em>Chrzest po Mszy: Michalina Barbara Szeliga<\/em><\/strong><\/p>\n\n\n\n<p><strong>18.oo \u2013 <\/strong>++ rodzic\u00f3w: Mart\u0119 i Antoniego Zagrodnych oraz brata Stefana<\/p>\n\n\n\n<p><strong><em><u>21.04. \u2013 PONIEDZIA\u0141EK WIELKANOCNY&nbsp;<\/u><\/em><\/strong><\/p>\n\n\n\n<p><strong>&nbsp; 8.oo \u2013 1) <\/strong>w 12 rocz. urodzin Fabiana dzi\u0119kczynna za otrzymane \u0142aski z pro\u015bb\u0105 o zdrowie, dary Ducha<\/p>\n\n\n\n<p>&nbsp;&nbsp;&nbsp;&nbsp;&nbsp;&nbsp;&nbsp;&nbsp;&nbsp;&nbsp;&nbsp;&nbsp;&nbsp;&nbsp;&nbsp;&nbsp; \u015awi\u0119tego, Bo\u017ce b\u0142ogos\u0142awie\u0144stwo, opiek\u0119 NMP i \u015bw. Patron\u00f3w \u2013 modl\u0105 si\u0119 rodzice z bratem<\/p>\n\n\n\n<p><strong>&nbsp;&nbsp;&nbsp;&nbsp;&nbsp;&nbsp;&nbsp;&nbsp;&nbsp;&nbsp;&nbsp; &nbsp; 2)<\/strong> ++ rodzic\u00f3w: Zofi\u0119 i Jana Ca\u0142ych, dziadk\u00f3w: Rozali\u0119 i Franciszka Ca\u0142ych, Mari\u0119 i Franciszka<\/p>\n\n\n\n<p>&nbsp;&nbsp;&nbsp;&nbsp;&nbsp;&nbsp;&nbsp;&nbsp;&nbsp;&nbsp;&nbsp;&nbsp;&nbsp;&nbsp;&nbsp;&nbsp; Krawczyszyn\u00f3w, Jana Mo\u0144czy\u0144skiego oraz ++ z rodziny \u2013 modli si\u0119 rodzina<\/p>\n\n\n\n<p><strong>&nbsp; 9.3o \u2013 <\/strong>&nbsp;++ Romana Rozkowi\u0144skiego w 10 rocz. \u015bm., ++ rodzic\u00f3w: Ann\u0119 i Franciszka So\u015bnickich, brata<\/p>\n\n\n\n<p>&nbsp;&nbsp;&nbsp;&nbsp;&nbsp;&nbsp;&nbsp;&nbsp;&nbsp;&nbsp;&nbsp;&nbsp;&nbsp;&nbsp;&nbsp; Zbigniewa, te\u015bci\u00f3w: J\u00f3zef\u0119 i Jana oraz Helen\u0119 i Jana Mazur\u00f3w<\/p>\n\n\n\n<p><strong>11.oo \u2013 1) <\/strong>++ rodzic\u00f3w: Henryk\u0119 w 25 rocz. \u015bm. i Mieczys\u0142awa w 20 rocz. \u015bm. oraz siostry Danut\u0119<\/p>\n\n\n\n<p>&nbsp;&nbsp;&nbsp;&nbsp;&nbsp;&nbsp;&nbsp;&nbsp;&nbsp;&nbsp;&nbsp;&nbsp;&nbsp;&nbsp;&nbsp;&nbsp;&nbsp; i Krystyn\u0119 \u2013 modli si\u0119 rodzina<\/p>\n\n\n\n<p><strong>&nbsp;&nbsp;&nbsp;&nbsp;&nbsp;&nbsp; 2) <\/strong>w 50 rocz. \u015blubu Emilii i Henryka Paw\u0142owskich dzi\u0119kczynna za otrzymane \u0142aski z pro\u015bb\u0105 o zdrowie,<\/p>\n\n\n\n<p>&nbsp;&nbsp;&nbsp;&nbsp;&nbsp;&nbsp;&nbsp;&nbsp;&nbsp;&nbsp;&nbsp;&nbsp;&nbsp;&nbsp;&nbsp; dary Ducha \u015awi\u0119tego, Bo\u017ce b\u0142ogos\u0142awie\u0144stwo, opiek\u0119 NMP i \u015bw. Patron\u00f3w na dalsze lata \u017cycia<\/p>\n\n\n\n<p><strong>12.3o \u2013 1) <\/strong>+ Zofi\u0119, Antoniego, Zbigniewa, Stanis\u0142awa oraz ++ z rodziny Kobl\u00f3w, Chabraszewskich<\/p>\n\n\n\n<p>&nbsp;&nbsp;&nbsp;&nbsp;&nbsp;&nbsp;&nbsp;&nbsp;&nbsp;&nbsp;&nbsp;&nbsp;&nbsp;&nbsp;&nbsp;&nbsp;&nbsp; i Ha\u0142ys\u00f3w \u2013 modli si\u0119 rodzina<\/p>\n\n\n\n<p><strong>&nbsp;&nbsp;&nbsp;&nbsp;&nbsp;&nbsp;&nbsp;&nbsp;&nbsp;&nbsp;&nbsp; &nbsp; 2)<\/strong> w intencji Mariusza i Ma\u0142gorzaty dzi\u0119kczynna za otrzymane \u0142aski z pro\u015bb\u0105 o zdrowie,<\/p>\n\n\n\n<p>&nbsp;&nbsp;&nbsp;&nbsp;&nbsp;&nbsp;&nbsp;&nbsp;&nbsp;&nbsp;&nbsp;&nbsp;&nbsp;&nbsp;&nbsp; dary Ducha \u015awi\u0119tego, Bo\u017ce b\u0142ogos\u0142awie\u0144stwo, opiek\u0119 NMP i \u015bw. Patron\u00f3w \u2013 modli si\u0119 mama<\/p>\n\n\n\n<p>&nbsp;&nbsp;&nbsp;&nbsp;&nbsp;&nbsp;&nbsp;&nbsp;&nbsp;&nbsp;&nbsp;&nbsp;&nbsp;&nbsp;&nbsp;&nbsp;&nbsp;&nbsp;&nbsp;&nbsp;&nbsp;&nbsp;&nbsp;&nbsp;&nbsp;&nbsp;&nbsp;&nbsp;&nbsp;&nbsp;&nbsp;&nbsp;&nbsp;&nbsp; <strong><em>Chrzest na Mszy: Julia Chudzichowska, Antonina Starostka<\/em><\/strong><\/p>\n\n\n\n<p><strong>18.oo \u2013 <\/strong>+ Stanis\u0142awa Ksi\u0105\u017cka w 20 rocz. \u015bm. \u2013 modli si\u0119 \u017cona z rodzin\u0105<\/p>\n\n\n\n<p><strong><u>22.04<em>. &#8211; WTOREK<\/em><\/u><\/strong><em><\/em><\/p>\n\n\n\n<p><strong>7.oo \u2013<\/strong><\/p>\n\n\n\n<p><strong>18.oo \u2013 <\/strong>w intencji Bogus\u0142awy z racji imienin dzi\u0119kczynna za otrzymane \u0142aski z pro\u015bb\u0105 o zdrowie, dary<\/p>\n\n\n\n<p>&nbsp;&nbsp;&nbsp;&nbsp;&nbsp;&nbsp; Ducha \u015awi\u0119tego, Bo\u017ce b\u0142ogos\u0142awie\u0144stwo, opiek\u0119 NMP i \u015bw. Patron\u00f3w \u2013 modl\u0105 si\u0119 siostry Jadwi\u017canki<\/p>\n\n\n\n<p><strong><u>23.04<em>. \u2013 \u015aRODA<\/em><\/u><\/strong><\/p>\n\n\n\n<p><strong>&nbsp; 7.oo \u2013 <\/strong>++ Jerzego i jego rodzic\u00f3w oraz dusze w czy\u015b\u0107cu cierpi\u0105ce<\/p>\n\n\n\n<p><strong>18.oo \u2013&nbsp; intencja zbiorowa nowennowa:<\/strong><\/p>\n\n\n\n<p><strong>1)<\/strong> + Franciszka Lewandowskiego &#8211; 30 dzie\u0144 od pogrzebu &#8211; intencja od uczestnik\u00f3w Mszy pogrzebowej<\/p>\n\n\n\n<p><strong>2)<\/strong> ++ z rodziny Bilewicz\u00f3w, Mi\u0119dzyrzeckich, Pa\u0142ac\u00f3w, Mi\u015bk\u00f3w oraz + Tomasza \u0141odeja \u2013 modli si\u0119 rodzina<\/p>\n\n\n\n<p><strong>3)<\/strong> ++ Zenona i Mari\u0119 Fibik\u00f3w \u2013 modli si\u0119 syn z rodzin\u0105<\/p>\n\n\n\n<p><strong>4)<\/strong><\/p>\n\n\n\n<p><strong>5)<\/strong><\/p>\n\n\n\n<p><strong><u>24.04<em>. \u2013 CZWARTEK <\/em><\/u><\/strong><em>&nbsp;<\/em><\/p>\n\n\n\n<p><strong>&nbsp; 7.oo \u2013<\/strong> w rocz. \u015blubu Dariusza i Ma\u0142gorzaty, Rafa\u0142a i Anety, Adama i Ma\u0142gorzaty dzi\u0119kczynna za<\/p>\n\n\n\n<p>&nbsp;&nbsp;&nbsp;&nbsp;&nbsp;&nbsp;&nbsp;&nbsp;&nbsp;&nbsp;&nbsp;&nbsp;&nbsp; otrzymane \u0142aski z pro\u015bb\u0105 o zdrowie, dary Ducha \u015awi\u0119tego, Bo\u017ce b\u0142ogos\u0142awie\u0144stwo, opiek\u0119 NMP<\/p>\n\n\n\n<p>&nbsp;&nbsp;&nbsp;&nbsp;&nbsp;&nbsp;&nbsp;&nbsp;&nbsp;&nbsp;&nbsp;&nbsp;&nbsp;&nbsp; i \u015bw. Patron\u00f3w \u2013 modl\u0105 si\u0119 rodzice<\/p>\n\n\n\n<p><strong>18.oo \u2013 1) <\/strong>+ Halin\u0119 Bilewicz w 15 rocz. \u015bm., ++ z rodziny Bilewicz\u00f3w i Miniewskich \u2013 modli si\u0119 rodzina<\/p>\n\n\n\n<p><strong>&nbsp;&nbsp;&nbsp;&nbsp;&nbsp;&nbsp;&nbsp;&nbsp;&nbsp; 2) <\/strong>+ Mieczys\u0142awa Lewi\u0144skiego &#8211; 30 dzie\u0144 od pogrzebu &#8211; intencja od uczestnik\u00f3w Mszy pogrzebowej<\/p>\n\n\n\n<p><strong><u>25.04<em>. \u2013 PI\u0104TEK<\/em><\/u><\/strong><\/p>\n\n\n\n<p><strong>&nbsp; 7.oo \u2013<\/strong> + syna Grzegorza w 6 rocz. \u015bm. i dusze w czy\u015b\u0107cu cierpi\u0105ce<\/p>\n\n\n\n<p><strong>18.oo \u2013 <\/strong>+ Gra\u017cyn\u0119 Nowak w 25 rocz. \u015bm.<\/p>\n\n\n\n<p><strong><em><u>26.04. \u2013 SOBOTA<\/u><\/em><\/strong><\/p>\n\n\n\n<p><strong>&nbsp; &nbsp;&nbsp;7.oo \u2013<\/strong><\/p>\n\n\n\n<p><strong>18.oo \u2013 1) <\/strong>&nbsp;+ m\u0119\u017ca Bogdana Uchro\u0144skiego w 3 rocz. \u015bm \u2013 modli si\u0119 \u017cona z dzie\u0107mi i wnukami<\/p>\n\n\n\n<p><strong>&nbsp;&nbsp;&nbsp;&nbsp;&nbsp;&nbsp;&nbsp;&nbsp;&nbsp;&nbsp;&nbsp; &nbsp; 2)<\/strong> + Ludwik\u0119 Szmigielsk\u0105 \u2013 modli si\u0119 rodzina<\/p>\n\n\n\n<p><strong><em><u>27.04. \u2013 NIEDZIELA&nbsp;<\/u><\/em><\/strong><\/p>\n\n\n\n<p><strong>&nbsp; 8.oo \u2013 1) <\/strong>++ rodzic\u00f3w: Adel\u0119 i Jaros\u0142awa Olejarnik\u00f3w oraz brata Henryka \u2013 modli si\u0119 rodzina<\/p>\n\n\n\n<p><strong>&nbsp;&nbsp;&nbsp;&nbsp;&nbsp;&nbsp;&nbsp;&nbsp;&nbsp;&nbsp;&nbsp; &nbsp; 2)<\/strong> ++ Stanis\u0142awa w 18 rocz. \u015bm., Wiktora i Mari\u0119 z rodziny Smola\u0144skich \u2013 modli si\u0119 rodzina<\/p>\n\n\n\n<p><strong>&nbsp; 9.3o \u2013 <\/strong>w 50 rocz. urodzin Dariusza Filarowskiego dzi\u0119kczynna za otrzymane \u0142aski z pro\u015bb\u0105 o zdrowie,<\/p>\n\n\n\n<p>&nbsp;&nbsp;&nbsp;&nbsp;&nbsp;&nbsp;&nbsp;&nbsp;&nbsp;&nbsp;&nbsp;&nbsp;&nbsp; dary Ducha \u015awi\u0119tego, Bo\u017ce b\u0142ogos\u0142awie\u0144stwo, opiek\u0119 NMP i \u015bw. Patron\u00f3w \u2013 &nbsp;modli si\u0119 rodzina<\/p>\n\n\n\n<p>&nbsp;&nbsp;&nbsp;&nbsp;&nbsp;&nbsp;&nbsp;&nbsp;&nbsp;&nbsp;&nbsp;&nbsp;&nbsp;&nbsp; i rodze\u0144stwo<strong> <\/strong>&nbsp;&nbsp;<\/p>\n\n\n\n<p><strong>11.oo \u2013 1) <\/strong>w intencji cz\u0142onk\u00f3w Stowarzyszenia R\u00f3wne Szanse w \u015acinawie, podopiecznych i ich rodzin<\/p>\n\n\n\n<p>&nbsp;&nbsp;&nbsp;&nbsp;&nbsp;&nbsp;&nbsp;&nbsp;&nbsp;&nbsp; &nbsp;dzi\u0119kczynna za otrzymane \u0142aski z pro\u015bb\u0105 o Bo\u017ce b\u0142ogos\u0142awie\u0144stwo, opiek\u0119 NMP i \u015bw. Patron\u00f3w<\/p>\n\n\n\n<p><strong>&nbsp;&nbsp;&nbsp;&nbsp;&nbsp;&nbsp;&nbsp;&nbsp;&nbsp;&nbsp;&nbsp; &nbsp; 2) <\/strong>zaj. P. Wolnik<\/p>\n\n\n\n<p><strong>12.3o \u2013 1) <\/strong>w 70 rocz. \u015blubu Otolii i Edwarda Tomaszkiewicz\u00f3w dzi\u0119kczynna za otrzymane \u0142aski z pro\u015bb\u0105<\/p>\n\n\n\n<p>&nbsp;&nbsp;&nbsp;&nbsp;&nbsp;&nbsp;&nbsp;&nbsp;&nbsp;&nbsp;&nbsp;&nbsp;&nbsp;&nbsp;&nbsp;&nbsp;&nbsp; o zdrowie, dary Ducha \u015awi\u0119tego, Bo\u017ce b\u0142ogos\u0142awie\u0144stwo, opiek\u0119 NMP i \u015bw. Patron\u00f3w na<\/p>\n\n\n\n<p>&nbsp;&nbsp;&nbsp;&nbsp;&nbsp;&nbsp;&nbsp;&nbsp;&nbsp;&nbsp;&nbsp;&nbsp;&nbsp;&nbsp;&nbsp;&nbsp;&nbsp;&nbsp; dalsze lata \u017cycia \u2013 modli si\u0119 rodzina<\/p>\n\n\n\n<p><strong>&nbsp;&nbsp;&nbsp;&nbsp;&nbsp;&nbsp;&nbsp;&nbsp;&nbsp;&nbsp;&nbsp; &nbsp; 2)<\/strong> + Wies\u0142awa Ko\u0142acza i ++ z rodziny Ko\u0142acz\u00f3w \u2013 modli si\u0119 rodzina<\/p>\n\n\n\n<p><strong>15.oo \u2013&nbsp; Nabo\u017ce\u0144stwo do Bo\u017cego Mi\u0142osierdzia<\/strong><\/p>\n\n\n\n<p><strong>18.oo \u2013 <\/strong>w intencji Janiny dzi\u0119kczynna za otrzymane \u0142aski z pro\u015bb\u0105 o zdrowie, dary Ducha \u015awi\u0119tego, Bo\u017ce<\/p>\n\n\n\n<p>&nbsp;&nbsp;&nbsp;&nbsp;&nbsp;&nbsp;&nbsp;&nbsp;&nbsp;&nbsp;&nbsp;&nbsp; &nbsp;b\u0142ogos\u0142awie\u0144stwo, opiek\u0119 NMP i \u015bw. Patron\u00f3w<\/p>\n","protected":false},"excerpt":{"rendered":"<p>Sk\u0142adaj\u0105c Ofiar\u0119, kt\u00f3ra nam przypomina niezmierzon\u0105 mi\u0142o\u015b\u0107 Twojego Syna, pokornie prosimy Ci\u0119, Bo\u017ce, przyjmij intencje Twoich wiernych i spraw przez dzia\u0142anie Eucharystii, aby w naszych rodzinach wzrasta\u0142a prawdziwa wiara, \u015bwi\u0119to\u015b\u0107 \u017cycia, braterska mi\u0142o\u015b\u0107 i duch modlitwy. Niech Matka Naj\u015bwi\u0119tsza wyprosi \u0142aski, o kt\u00f3re modlili\u015bmy si\u0119 w tej Mszy \u015bw. dla&#8230; <a class=\"continue-reading-link\" href=\"http:\/\/parafia.scinawa.info\/index.php\/2025\/04\/19\/intencje-mszalne-20-04-27-04-2025\/\">Czytaj dalej <span class=\"meta-nav\">&rarr; <\/span><\/a><\/p>\n","protected":false},"author":2,"featured_media":0,"comment_status":"closed","ping_status":"closed","sticky":false,"template":"","format":"standard","meta":{"footnotes":""},"categories":[39],"tags":[],"class_list":["post-2904","post","type-post","status-publish","format-standard","hentry","category-intencje"],"_links":{"self":[{"href":"http:\/\/parafia.scinawa.info\/index.php\/wp-json\/wp\/v2\/posts\/2904","targetHints":{"allow":["GET"]}}],"collection":[{"href":"http:\/\/parafia.scinawa.info\/index.php\/wp-json\/wp\/v2\/posts"}],"about":[{"href":"http:\/\/parafia.scinawa.info\/index.php\/wp-json\/wp\/v2\/types\/post"}],"author":[{"embeddable":true,"href":"http:\/\/parafia.scinawa.info\/index.php\/wp-json\/wp\/v2\/users\/2"}],"replies":[{"embeddable":true,"href":"http:\/\/parafia.scinawa.info\/index.php\/wp-json\/wp\/v2\/comments?post=2904"}],"version-history":[{"count":1,"href":"http:\/\/parafia.scinawa.info\/index.php\/wp-json\/wp\/v2\/posts\/2904\/revisions"}],"predecessor-version":[{"id":2905,"href":"http:\/\/parafia.scinawa.info\/index.php\/wp-json\/wp\/v2\/posts\/2904\/revisions\/2905"}],"wp:attachment":[{"href":"http:\/\/parafia.scinawa.info\/index.php\/wp-json\/wp\/v2\/media?parent=2904"}],"wp:term":[{"taxonomy":"category","embeddable":true,"href":"http:\/\/parafia.scinawa.info\/index.php\/wp-json\/wp\/v2\/categories?post=2904"},{"taxonomy":"post_tag","embeddable":true,"href":"http:\/\/parafia.scinawa.info\/index.php\/wp-json\/wp\/v2\/tags?post=2904"}],"curies":[{"name":"wp","href":"https:\/\/api.w.org\/{rel}","templated":true}]}}