{"id":2913,"date":"2025-05-03T20:51:23","date_gmt":"2025-05-03T18:51:23","guid":{"rendered":"http:\/\/parafia.scinawa.info\/?p=2913"},"modified":"2025-05-03T20:51:23","modified_gmt":"2025-05-03T18:51:23","slug":"ogloszenia-duszpasterskie-3-niedziela-wielkanocna-04-05-2025","status":"publish","type":"post","link":"http:\/\/parafia.scinawa.info\/index.php\/2025\/05\/03\/ogloszenia-duszpasterskie-3-niedziela-wielkanocna-04-05-2025\/","title":{"rendered":"Og\u0142oszenia duszpasterskie &#8211; 3 Niedziela Wielkanocna \u2013 04.05. 2025"},"content":{"rendered":"\n<p><strong>1.<\/strong> Dzi\u015b prze\u017cywamy 3 Niedziel\u0119 Wielkanocn\u0105 i zarazem rozpoczynamy Tydzie\u0144 Biblijny. Msze \u015bw. wed\u0142ug porz\u0105dku niedzielnego. Zmiana tajemnic \u017bywego R\u00f3\u017ca\u0144ca o <strong>10<sup>30<\/sup>.<\/strong> &nbsp;<strong><\/strong><\/p>\n\n\n\n<p><strong><u>2<\/u><\/strong><strong>.<\/strong> Msze \u015bw. w tygodniu&nbsp; o <strong>7<sup>00<\/sup><\/strong> i <strong>18<sup>00<\/sup><\/strong>.&nbsp;<\/p>\n\n\n\n<p><strong><u>3<\/u><\/strong><strong>. <\/strong>Codziennie spowied\u017a i adoracja Naj\u015bwi\u0119tszego Sakramentu o godz. <strong>17<sup>00<\/sup>, <\/strong>a nabo\u017ce\u0144stwa majowe o <strong>17<sup>30<\/sup>.<\/strong><\/p>\n\n\n\n<p><strong><u>4.<\/u><\/strong><strong> <\/strong>W tym tygodniu obchodzimy:<strong><\/strong><\/p>\n\n\n\n<p>&#8211; <strong><u>we wtorek<\/u><\/strong> \u2013 \u015bwi\u0119to \u015bw. Aposto\u0142\u00f3w Filipa i Jakuba<\/p>\n\n\n\n<p>&#8211; <strong><u>w&nbsp; czwartek<\/u><\/strong> \u2013 uroczysto\u015b\u0107 \u015aw. Stanis\u0142awa, biskupa i m\u0119czennika, g\u0142\u00f3wnego patrona Polski<strong><u><\/u><\/strong><\/p>\n\n\n\n<p><strong><u>5<\/u><\/strong><strong>. <\/strong>W przysz\u0142\u0105 niedziel\u0119 obchodzimy 4 Niedziel\u0119 Wielkanocn\u0105 i zarazem rozpoczynamy Tydzie\u0144 modlitw o powo\u0142ania do s\u0142u\u017cby Bo\u017cej w Ko\u015bciele.<strong> <\/strong>Msze \u015bw. wed\u0142ug porz\u0105dku niedzielnego. <strong><u><\/u><\/strong><\/p>\n\n\n\n<p><strong><u>6.<\/u><\/strong> <strong><em><u>Pr\u00f3by dzieci<\/u><\/em><\/strong> przygotowuj\u0105cych si\u0119 do Pierwszej Komunii \u015bw.w \u015brody i czwartkio godz. <strong>15<sup>30<\/sup><\/strong>.<\/p>\n\n\n\n<p><strong><u>7<\/u><\/strong><strong>.<\/strong> Kancelaria czynna codziennie po Mszy \u015bw. wieczornej z wyj\u0105tkiem niedziel i \u015bwi\u0105t.<\/p>\n\n\n\n<p><strong><u>8<\/u><\/strong><strong>.<\/strong> Do nabycia jest prasa katolicka: Niedziela, Go\u015b\u0107 Niedzielny, Ma\u0142y Go\u015b\u0107 Niedzielny i R\u00f3\u017caniec.<\/p>\n\n\n\n<p><strong><u>9<\/u><\/strong><strong>.<\/strong> Dzi\u0119kuj\u0119 wszystkim, kt\u00f3rzy w tym tygodniu sprz\u0105tali \u015bwi\u0105tyni\u0119 i przygotowali j\u0105 na nasze spotkanie eucharystyczne.<\/p>\n\n\n\n<p><strong><u>10<\/u><\/strong><strong>.<\/strong> Serdeczne B\u00f3g zap\u0142a\u0107 za ofiary sk\u0142adane na remonty w naszej parafii.<\/p>\n\n\n\n<p><strong><u>11<\/u><\/strong><strong>.<\/strong> Intencje mszalne \u2013 obrazki <strong><em><\/em><\/strong><\/p>\n\n\n\n<p><strong><u>12.<\/u><\/strong><strong> <em>10 maja, w sobot\u0119 zapraszamy rodzic\u00f3w dzieci pierwszo-komunijnych do sprz\u0105tania ko\u015bcio\u0142a od godz.9.00. <\/em><\/strong>( Zabieramy ze sob\u0105 sprz\u0119t do sprz\u0105tania \u2013 wiadro, szczotka, \u015bcierka itd.)<\/p>\n\n\n\n<p><em>\u017byczymy mi\u0142ego tygodnia i obfitych \u0142ask Bo\u017cych.<\/em><\/p>\n","protected":false},"excerpt":{"rendered":"<p>1. Dzi\u015b prze\u017cywamy 3 Niedziel\u0119 Wielkanocn\u0105 i zarazem rozpoczynamy Tydzie\u0144 Biblijny. Msze \u015bw. wed\u0142ug porz\u0105dku niedzielnego. Zmiana tajemnic \u017bywego R\u00f3\u017ca\u0144ca o 1030. &nbsp; 2. Msze \u015bw. w tygodniu&nbsp; o 700 i 1800.&nbsp; 3. Codziennie spowied\u017a i adoracja Naj\u015bwi\u0119tszego Sakramentu o godz. 1700, a nabo\u017ce\u0144stwa majowe o 1730. 4. W tym&#8230; <a class=\"continue-reading-link\" href=\"http:\/\/parafia.scinawa.info\/index.php\/2025\/05\/03\/ogloszenia-duszpasterskie-3-niedziela-wielkanocna-04-05-2025\/\">Czytaj dalej <span class=\"meta-nav\">&rarr; <\/span><\/a><\/p>\n","protected":false},"author":2,"featured_media":0,"comment_status":"closed","ping_status":"closed","sticky":false,"template":"","format":"standard","meta":{"footnotes":""},"categories":[40],"tags":[],"class_list":["post-2913","post","type-post","status-publish","format-standard","hentry","category-ogloszenia-duszpasterskie"],"_links":{"self":[{"href":"http:\/\/parafia.scinawa.info\/index.php\/wp-json\/wp\/v2\/posts\/2913","targetHints":{"allow":["GET"]}}],"collection":[{"href":"http:\/\/parafia.scinawa.info\/index.php\/wp-json\/wp\/v2\/posts"}],"about":[{"href":"http:\/\/parafia.scinawa.info\/index.php\/wp-json\/wp\/v2\/types\/post"}],"author":[{"embeddable":true,"href":"http:\/\/parafia.scinawa.info\/index.php\/wp-json\/wp\/v2\/users\/2"}],"replies":[{"embeddable":true,"href":"http:\/\/parafia.scinawa.info\/index.php\/wp-json\/wp\/v2\/comments?post=2913"}],"version-history":[{"count":1,"href":"http:\/\/parafia.scinawa.info\/index.php\/wp-json\/wp\/v2\/posts\/2913\/revisions"}],"predecessor-version":[{"id":2914,"href":"http:\/\/parafia.scinawa.info\/index.php\/wp-json\/wp\/v2\/posts\/2913\/revisions\/2914"}],"wp:attachment":[{"href":"http:\/\/parafia.scinawa.info\/index.php\/wp-json\/wp\/v2\/media?parent=2913"}],"wp:term":[{"taxonomy":"category","embeddable":true,"href":"http:\/\/parafia.scinawa.info\/index.php\/wp-json\/wp\/v2\/categories?post=2913"},{"taxonomy":"post_tag","embeddable":true,"href":"http:\/\/parafia.scinawa.info\/index.php\/wp-json\/wp\/v2\/tags?post=2913"}],"curies":[{"name":"wp","href":"https:\/\/api.w.org\/{rel}","templated":true}]}}