{"id":2921,"date":"2025-05-10T13:51:46","date_gmt":"2025-05-10T11:51:46","guid":{"rendered":"http:\/\/parafia.scinawa.info\/?p=2921"},"modified":"2025-05-10T13:51:46","modified_gmt":"2025-05-10T11:51:46","slug":"ogloszenia-duszpasterskie-4-niedziela-wielkanocna-11-05-2025","status":"publish","type":"post","link":"http:\/\/parafia.scinawa.info\/index.php\/2025\/05\/10\/ogloszenia-duszpasterskie-4-niedziela-wielkanocna-11-05-2025\/","title":{"rendered":"Og\u0142oszenia duszpasterskie &#8211; 4 Niedziela Wielkanocna \u2013 11.05. 2025"},"content":{"rendered":"\n<p><strong>1.<\/strong> Dzi\u015b prze\u017cywamy 4 Niedziel\u0119 Wielkanocn\u0105 i zarazem rozpoczynamy Tydzie\u0144 modlitw o powo\u0142ania do s\u0142u\u017cby Bo\u017cej w Ko\u015bciele.<strong> <\/strong>&nbsp;Msze \u015bw. wed\u0142ug porz\u0105dku niedzielnego. <strong><\/strong><\/p>\n\n\n\n<p><strong><u>2<\/u><\/strong><strong>.<\/strong> Msze \u015bw. w tygodniu&nbsp; o <strong>7<sup>00<\/sup><\/strong> i <strong>18<sup>00<\/sup><\/strong>.&nbsp;<\/p>\n\n\n\n<p><strong><u>3<\/u><\/strong><strong>. <\/strong>Codziennie spowied\u017a i adoracja Naj\u015bwi\u0119tszego Sakramentu o godz. <strong>17<sup>00<\/sup>, <\/strong>a nabo\u017ce\u0144stwa majowe o <strong>17<sup>30<\/sup>.<\/strong><\/p>\n\n\n\n<p><strong><u>4.<\/u><\/strong><strong> <\/strong>W tym tygodniu obchodzimy:<strong><\/strong><\/p>\n\n\n\n<p>&#8211; <strong><u>we&nbsp; wtorek <\/u><\/strong>&nbsp;&nbsp;&nbsp;\u2013 <strong><em><u>Po Mszy wieczornej&nbsp; nabo\u017ce\u0144stwo fatimskie<\/u><\/em><\/strong> \u2013 13 maja<\/p>\n\n\n\n<p>&#8211; <strong><u>w&nbsp; \u015brod\u0119 <\/u><\/strong>&nbsp;&nbsp;&nbsp;&nbsp;\u2013 \u015bwi\u0119to \u015bw. Macieja, Aposto\u0142a<\/p>\n\n\n\n<p>&#8211; <strong><u>w&nbsp; pi\u0105tek<\/u><\/strong><strong>&nbsp; <\/strong>\u2013 \u015bwi\u0119to \u015bw. Andrzeja Boboli, prezbitera i&nbsp; m\u0119czennika, patrona Polski<\/p>\n\n\n\n<p><strong><u>5<\/u><\/strong><strong>. <\/strong>W przysz\u0142\u0105 niedziel\u0119 obchodzimy 5 Niedziel\u0119 Wielkanocn\u0105. <strong><u>Porz\u0105dek <\/u><\/strong><strong><u>Mszy \u015bw.&nbsp; z racji I Komunii \u015bw. jest nast\u0119puj\u0105cy<\/u><\/strong>:<\/p>\n\n\n\n<p><strong>&#8211; dla wszystkich &#8211; 8<sup>00<\/sup><\/strong>, <strong>9<sup>30<\/sup><\/strong> i <strong>18<sup>00<\/sup>, R\u0119sz\u00f3w &#8211; 9<sup>30<\/sup><\/strong><\/p>\n\n\n\n<p><strong>&#8211; dla rodzin i dzieci I komunijnych: 11<sup>00<\/sup><\/strong> <strong><u><\/u><\/strong><\/p>\n\n\n\n<p><strong><u>6.<\/u><\/strong> <strong><em><u>Pr\u00f3by dzieci<\/u><\/em><\/strong> przygotowuj\u0105cych si\u0119 do Pierwszej Komunii \u015bw.w \u015brody i czwartkio godz. <strong>15<sup>30<\/sup><\/strong>.<\/p>\n\n\n\n<p><strong><u>7.<\/u><\/strong><strong><em> Spowied\u017a dzieci do I Komunii i ich rodzin w sobot\u0119 <\/em><\/strong><strong>&#8211; 9<sup>00<\/sup><\/strong><strong><u><\/u><\/strong><\/p>\n\n\n\n<p><strong><u>8<\/u><\/strong><strong>.<\/strong> Kancelaria czynna codziennie po Mszy \u015bw. wieczornej z wyj\u0105tkiem niedziel i \u015bwi\u0105t.<\/p>\n\n\n\n<p><strong><u>9<\/u><\/strong><strong>.<\/strong> Do nabycia jest prasa katolicka: Niedziela, Go\u015b\u0107 Niedzielny, Ma\u0142y Go\u015b\u0107 Niedzielny i R\u00f3\u017caniec.<\/p>\n\n\n\n<p><strong><u>10<\/u><\/strong><strong>.<\/strong> Dzi\u0119kuj\u0119 wszystkim, kt\u00f3rzy w tym tygodniu sprz\u0105tali \u015bwi\u0105tyni\u0119 i przygotowali j\u0105 na nasze spotkanie eucharystyczne.<\/p>\n\n\n\n<p><strong><u>11<\/u><\/strong><strong>.<\/strong> Serdeczne B\u00f3g zap\u0142a\u0107 za ofiary sk\u0142adane na remonty w naszej parafii.<\/p>\n\n\n\n<p><strong><u>12<\/u><\/strong><strong>.<\/strong> Intencje mszalne \u2013 obrazki<\/p>\n\n\n\n<p><strong><u>13.<\/u><\/strong> Od pi\u0105tku, 9 maja do soboty 17 maja trwa nowenna w intencji Ojczyzny<\/p>\n\n\n\n<p><strong><u>14.<\/u><\/strong> Spotkanie ministrant\u00f3w i lektor\u00f3w odb\u0119dzie si\u0119 w poniedzia\u0142ek <strong><em>o godzinie 18<sup>45<\/sup><\/em><\/strong> w salce parafialnej.<\/p>\n\n\n\n<p><strong><u>15.<\/u><\/strong><strong> <\/strong>Spotkanie <strong><em>klas 7<\/em><\/strong> przygotowuj\u0105cych si\u0119 do bierzmowania odb\u0119dzie si\u0119 <strong><em>w poniedzia\u0142ek o 16<sup>00<\/sup><\/em><\/strong> w salce parafialnej. Na spotkanie zabieramy ze sob\u0105 ksi\u0105\u017ceczki.<\/p>\n\n\n\n<p><em>\u017byczymy mi\u0142ego tygodnia i obfitych \u0142ask Bo\u017cych.<\/em><\/p>\n","protected":false},"excerpt":{"rendered":"<p>1. Dzi\u015b prze\u017cywamy 4 Niedziel\u0119 Wielkanocn\u0105 i zarazem rozpoczynamy Tydzie\u0144 modlitw o powo\u0142ania do s\u0142u\u017cby Bo\u017cej w Ko\u015bciele. &nbsp;Msze \u015bw. wed\u0142ug porz\u0105dku niedzielnego. 2. Msze \u015bw. w tygodniu&nbsp; o 700 i 1800.&nbsp; 3. Codziennie spowied\u017a i adoracja Naj\u015bwi\u0119tszego Sakramentu o godz. 1700, a nabo\u017ce\u0144stwa majowe o 1730. 4. W tym&#8230; <a class=\"continue-reading-link\" href=\"http:\/\/parafia.scinawa.info\/index.php\/2025\/05\/10\/ogloszenia-duszpasterskie-4-niedziela-wielkanocna-11-05-2025\/\">Czytaj dalej <span class=\"meta-nav\">&rarr; <\/span><\/a><\/p>\n","protected":false},"author":2,"featured_media":0,"comment_status":"closed","ping_status":"closed","sticky":false,"template":"","format":"standard","meta":{"footnotes":""},"categories":[40],"tags":[],"class_list":["post-2921","post","type-post","status-publish","format-standard","hentry","category-ogloszenia-duszpasterskie"],"_links":{"self":[{"href":"http:\/\/parafia.scinawa.info\/index.php\/wp-json\/wp\/v2\/posts\/2921","targetHints":{"allow":["GET"]}}],"collection":[{"href":"http:\/\/parafia.scinawa.info\/index.php\/wp-json\/wp\/v2\/posts"}],"about":[{"href":"http:\/\/parafia.scinawa.info\/index.php\/wp-json\/wp\/v2\/types\/post"}],"author":[{"embeddable":true,"href":"http:\/\/parafia.scinawa.info\/index.php\/wp-json\/wp\/v2\/users\/2"}],"replies":[{"embeddable":true,"href":"http:\/\/parafia.scinawa.info\/index.php\/wp-json\/wp\/v2\/comments?post=2921"}],"version-history":[{"count":1,"href":"http:\/\/parafia.scinawa.info\/index.php\/wp-json\/wp\/v2\/posts\/2921\/revisions"}],"predecessor-version":[{"id":2922,"href":"http:\/\/parafia.scinawa.info\/index.php\/wp-json\/wp\/v2\/posts\/2921\/revisions\/2922"}],"wp:attachment":[{"href":"http:\/\/parafia.scinawa.info\/index.php\/wp-json\/wp\/v2\/media?parent=2921"}],"wp:term":[{"taxonomy":"category","embeddable":true,"href":"http:\/\/parafia.scinawa.info\/index.php\/wp-json\/wp\/v2\/categories?post=2921"},{"taxonomy":"post_tag","embeddable":true,"href":"http:\/\/parafia.scinawa.info\/index.php\/wp-json\/wp\/v2\/tags?post=2921"}],"curies":[{"name":"wp","href":"https:\/\/api.w.org\/{rel}","templated":true}]}}