{"id":2925,"date":"2025-05-17T12:32:47","date_gmt":"2025-05-17T10:32:47","guid":{"rendered":"http:\/\/parafia.scinawa.info\/?p=2925"},"modified":"2025-05-17T12:32:47","modified_gmt":"2025-05-17T10:32:47","slug":"ogloszenia-duszpasterskie-5-niedziela-wielkanocna-18-05-2025","status":"publish","type":"post","link":"http:\/\/parafia.scinawa.info\/index.php\/2025\/05\/17\/ogloszenia-duszpasterskie-5-niedziela-wielkanocna-18-05-2025\/","title":{"rendered":"Og\u0142oszenia duszpasterskie &#8211; 5 Niedziela Wielkanocna \u2013 18.05. 2025"},"content":{"rendered":"\n<p><strong>1.<\/strong> Dzi\u015b prze\u017cywamy 5 Niedziel\u0119 Wielkanocn\u0105 <strong><u>Porz\u0105dek <\/u><\/strong><strong><u>Mszy \u015bw.&nbsp; z racji I Komunii \u015bw. jest nast\u0119puj\u0105cy<\/u><\/strong>:<\/p>\n\n\n\n<p><strong>&#8211; dla wszystkich &#8211; 8<sup>00<\/sup><\/strong>, <strong>9<sup>30<\/sup><\/strong> i <strong>18<sup>00<\/sup>, R\u0119sz\u00f3w &#8211; 9<sup>30<\/sup><\/strong><\/p>\n\n\n\n<p><strong>&#8211; dla rodzin i dzieci I komunijnych: 11<sup>00<\/sup><\/strong><\/p>\n\n\n\n<p><strong><u>2<\/u><\/strong><strong>.<\/strong> Msze \u015bw. w tygodniu&nbsp; o <strong>7<sup>00<\/sup><\/strong> i <strong>18<sup>00<\/sup><\/strong>. Dzieci I \u2013 komunijne prze\u017cywaj\u0105 Bia\u0142y Tydzie\u0144.<\/p>\n\n\n\n<p><strong><u>3<\/u><\/strong><strong>. <\/strong>Codziennie spowied\u017a i adoracja Naj\u015bwi\u0119tszego Sakramentu o godz. <strong>17<sup>00<\/sup>, <\/strong>a nabo\u017ce\u0144stwa majowe o <strong>17<sup>30<\/sup><\/strong><\/p>\n\n\n\n<p><strong><u>4.<\/u><\/strong> <strong><em><u>Pr\u00f3by dzieci<\/u><\/em><\/strong> przygotowuj\u0105cych si\u0119 do <strong><em>Rocznicy Pierwszej Komunii<\/em><\/strong> \u015bw.w \u015brody i czwartkio godz. <strong>15<sup>30<\/sup><\/strong>.<\/p>\n\n\n\n<p><strong><u>5.<\/u><\/strong><strong> <\/strong>W<strong><u> sobot\u0119<\/u><\/strong><strong> \u2013 <\/strong>wspomnienie NMP Wspomo\u017cycielki Wiernych &#8211; \u015awiatowy Dzie\u0144 Modlitw za Ko\u015bci\u00f3\u0142 w Chinach<\/p>\n\n\n\n<p><strong><u>6<\/u><\/strong><strong>.<\/strong> W sobot\u0119 o godz. <strong>16<sup>00<\/sup><\/strong> spowied\u017a dzieci do <strong><em>Rocznicy I Komunii \u015bw. i ich rodzin<\/em><\/strong>.<\/p>\n\n\n\n<p><strong><u>7.<\/u><\/strong><strong><em> <\/em><\/strong>W przysz\u0142\u0105 niedziel\u0119 obchodzimy 6 Niedziel\u0119 Wielkanocn\u0105 Msze \u015bw. wed\u0142ug porz\u0105dku niedzielnego. Na Mszy o <strong>12<sup>30<\/sup> Rocznica I Komunii \u015bwi\u0119tej.<\/strong><strong><u><\/u><\/strong><\/p>\n\n\n\n<p><strong><u>8<\/u><\/strong><strong>.<\/strong> Kancelaria czynna codziennie po Mszy \u015bw. wieczornej z wyj\u0105tkiem niedziel i \u015bwi\u0105t.<\/p>\n\n\n\n<p><strong><u>9<\/u><\/strong><strong>.<\/strong> Do nabycia jest prasa katolicka: Niedziela, Go\u015b\u0107 Niedzielny, Ma\u0142y Go\u015b\u0107 Niedzielny i R\u00f3\u017caniec.<\/p>\n\n\n\n<p><strong><u>10<\/u><\/strong><strong>.<\/strong> Dzi\u0119kuj\u0119 wszystkim, kt\u00f3rzy w tym tygodniu sprz\u0105tali \u015bwi\u0105tyni\u0119 i przygotowali j\u0105 na nasze spotkanie eucharystyczne.<\/p>\n\n\n\n<p><strong><u>11<\/u><\/strong><strong>.<\/strong> Serdeczne B\u00f3g zap\u0142a\u0107 za ofiary sk\u0142adane na remonty w naszej parafii.<\/p>\n\n\n\n<p><strong><u>12<\/u><\/strong><strong>.<\/strong> Intencje mszalne \u2013 obrazki<\/p>\n\n\n\n<p><strong><u>13.<\/u><\/strong> <strong>W czwartek, 22 maja \u2013 dzie\u0144 wspomnienia \u015bw. Rity<\/strong> o godz. \u00a0<strong><em>17<sup>00<\/sup><\/em><\/strong> uroczyste wprowadzenie relikwii \u015bw. Rity do naszej wsp\u00f3lnoty parafialnej i wsp\u00f3lne modlitwy po\u0142\u0105czone z nabo\u017ce\u0144stwem majowym.<\/p>\n\n\n\n<p><em>\u017byczymy mi\u0142ego tygodnia i obfitych \u0142ask Bo\u017cych.<\/em><\/p>\n","protected":false},"excerpt":{"rendered":"<p>1. Dzi\u015b prze\u017cywamy 5 Niedziel\u0119 Wielkanocn\u0105 Porz\u0105dek Mszy \u015bw.&nbsp; z racji I Komunii \u015bw. jest nast\u0119puj\u0105cy: &#8211; dla wszystkich &#8211; 800, 930 i 1800, R\u0119sz\u00f3w &#8211; 930 &#8211; dla rodzin i dzieci I komunijnych: 1100 2. Msze \u015bw. w tygodniu&nbsp; o 700 i 1800. Dzieci I \u2013 komunijne prze\u017cywaj\u0105 Bia\u0142y&#8230; <a class=\"continue-reading-link\" href=\"http:\/\/parafia.scinawa.info\/index.php\/2025\/05\/17\/ogloszenia-duszpasterskie-5-niedziela-wielkanocna-18-05-2025\/\">Czytaj dalej <span class=\"meta-nav\">&rarr; <\/span><\/a><\/p>\n","protected":false},"author":2,"featured_media":0,"comment_status":"closed","ping_status":"closed","sticky":false,"template":"","format":"standard","meta":{"footnotes":""},"categories":[40],"tags":[],"class_list":["post-2925","post","type-post","status-publish","format-standard","hentry","category-ogloszenia-duszpasterskie"],"_links":{"self":[{"href":"http:\/\/parafia.scinawa.info\/index.php\/wp-json\/wp\/v2\/posts\/2925","targetHints":{"allow":["GET"]}}],"collection":[{"href":"http:\/\/parafia.scinawa.info\/index.php\/wp-json\/wp\/v2\/posts"}],"about":[{"href":"http:\/\/parafia.scinawa.info\/index.php\/wp-json\/wp\/v2\/types\/post"}],"author":[{"embeddable":true,"href":"http:\/\/parafia.scinawa.info\/index.php\/wp-json\/wp\/v2\/users\/2"}],"replies":[{"embeddable":true,"href":"http:\/\/parafia.scinawa.info\/index.php\/wp-json\/wp\/v2\/comments?post=2925"}],"version-history":[{"count":1,"href":"http:\/\/parafia.scinawa.info\/index.php\/wp-json\/wp\/v2\/posts\/2925\/revisions"}],"predecessor-version":[{"id":2926,"href":"http:\/\/parafia.scinawa.info\/index.php\/wp-json\/wp\/v2\/posts\/2925\/revisions\/2926"}],"wp:attachment":[{"href":"http:\/\/parafia.scinawa.info\/index.php\/wp-json\/wp\/v2\/media?parent=2925"}],"wp:term":[{"taxonomy":"category","embeddable":true,"href":"http:\/\/parafia.scinawa.info\/index.php\/wp-json\/wp\/v2\/categories?post=2925"},{"taxonomy":"post_tag","embeddable":true,"href":"http:\/\/parafia.scinawa.info\/index.php\/wp-json\/wp\/v2\/tags?post=2925"}],"curies":[{"name":"wp","href":"https:\/\/api.w.org\/{rel}","templated":true}]}}