{"id":2928,"date":"2025-05-24T11:07:32","date_gmt":"2025-05-24T09:07:32","guid":{"rendered":"http:\/\/parafia.scinawa.info\/?p=2928"},"modified":"2025-05-24T11:07:32","modified_gmt":"2025-05-24T09:07:32","slug":"ogloszenia-duszpasterskie-6-niedziela-wielkanocna-25-05-2025","status":"publish","type":"post","link":"http:\/\/parafia.scinawa.info\/index.php\/2025\/05\/24\/ogloszenia-duszpasterskie-6-niedziela-wielkanocna-25-05-2025\/","title":{"rendered":"Og\u0142oszenia duszpasterskie &#8211; 6 Niedziela Wielkanocna \u2013 25.05. 2025"},"content":{"rendered":"\n<p><strong>1.<\/strong> Dzi\u015b prze\u017cywamy 6 Niedziel\u0119 Wielkanocn\u0105. Msze \u015bw. wed\u0142ug porz\u0105dku niedzielnego. Na Mszy o <strong>12<sup>30<\/sup> Rocznica I Komunii \u015bwi\u0119tej.<\/strong><\/p>\n\n\n\n<p><strong><u>2<\/u><\/strong><strong>.<\/strong> Msze \u015bw. w tygodniu&nbsp; o <strong>7<sup>00<\/sup><\/strong> i <strong>18<sup>00<\/sup><\/strong>.<\/p>\n\n\n\n<p><strong><u>3<\/u><\/strong><strong>. <\/strong>Codziennie spowied\u017a i adoracja Naj\u015bwi\u0119tszego Sakramentu o godz. <strong>17<sup>00<\/sup>, <\/strong>a nabo\u017ce\u0144stwa majowe o <strong>17<sup>30<\/sup><\/strong><\/p>\n\n\n\n<p><strong><u>4.<\/u><\/strong><strong> <\/strong>W tym tygodniu obchodzimy:<strong><\/strong><\/p>\n\n\n\n<p><strong>&#8211; <u>w poniedzia\u0142ek<\/u><\/strong> \u2013 wspomnienie \u015bw. Filipa Nereusza, prezbitera, Dzie\u0144 Matki<\/p>\n\n\n\n<p><strong>&#8211; <u>w czwartek<\/u> \u2013 <\/strong>wspomnienie \u015bw. Urszuli Led\u00f3chowskiej, dziewicy<\/p>\n\n\n\n<p>&#8211; <strong><u>w sobot\u0119<\/u><\/strong> \u2013 \u015bwi\u0119to Nawiedzenia NMP<\/p>\n\n\n\n<p><strong><u>5.<\/u><\/strong><strong><em> <\/em><\/strong>W przysz\u0142\u0105 niedziel\u0119 obchodzimy <strong><em>Uroczysto\u015b\u0107 Wniebowst\u0105pienia Pa\u0144skiego.<\/em><\/strong> Msze \u015bw. wed\u0142ug porz\u0105dku niedzielnego. Zmiana tajemnic \u017bywego R\u00f3\u017ca\u0144ca o <strong>10<sup>30<\/sup>.<\/strong><\/p>\n\n\n\n<p><strong><u>6<\/u><\/strong><strong>.<\/strong> Kancelaria czynna codziennie po Mszy \u015bw. wieczornej z wyj\u0105tkiem niedziel i \u015bwi\u0105t.<\/p>\n\n\n\n<p><strong><u>7<\/u><\/strong><strong>.<\/strong> Do nabycia jest prasa katolicka: Niedziela, Go\u015b\u0107 Niedzielny, Ma\u0142y Go\u015b\u0107 Niedzielny i R\u00f3\u017caniec.<\/p>\n\n\n\n<p><strong><u>8<\/u><\/strong><strong>.<\/strong> Dzi\u0119kuj\u0119 wszystkim, kt\u00f3rzy w tym tygodniu sprz\u0105tali \u015bwi\u0105tyni\u0119 i przygotowali j\u0105 na nasze spotkanie eucharystyczne.<\/p>\n\n\n\n<p><strong><u>9<\/u><\/strong><strong>.<\/strong> Serdeczne B\u00f3g zap\u0142a\u0107 za ofiary sk\u0142adane na remonty w naszej parafii.<\/p>\n\n\n\n<p><strong><u>10<\/u><\/strong><strong>.<\/strong> Intencje mszalne \u2013 obrazki<\/p>\n\n\n\n<p><strong><u>11.<\/u><\/strong> <strong><u>Bierzmowanie &#8211; informacje<\/u><\/strong><\/p>\n\n\n\n<p>&#8211; Pr\u00f3by kandydat\u00f3w przygotowuj\u0105cych si\u0119 do bierzmowania <strong><em>w poniedzia\u0142ek i czwartek o godzinie <\/em>18<sup>45<\/sup><em> w ko\u015bciele<\/em><\/strong>.<\/p>\n\n\n\n<p>&#8211; Spowied\u017a kandydat\u00f3w do bierzmowania i ich rodzin <strong><em>w czwartek o godzinie 17<sup>00<\/sup><\/em><\/strong><\/p>\n\n\n\n<p>&#8211; Bierzmowanie w naszej parafii odb\u0119dzie si\u0119 <strong><em>w poniedzia\u0142ek 2 czerwca o godzinie 18<sup>00<\/sup>.<\/em><\/strong> Sakramentu udzieli Ksi\u0105dz Pra\u0142at Leopold Rzodkiewicz.<\/p>\n\n\n\n<p><em>\u017byczymy mi\u0142ego tygodnia i obfitych \u0142ask Bo\u017cych.<\/em><\/p>\n","protected":false},"excerpt":{"rendered":"<p>1. Dzi\u015b prze\u017cywamy 6 Niedziel\u0119 Wielkanocn\u0105. Msze \u015bw. wed\u0142ug porz\u0105dku niedzielnego. Na Mszy o 1230 Rocznica I Komunii \u015bwi\u0119tej. 2. Msze \u015bw. w tygodniu&nbsp; o 700 i 1800. 3. Codziennie spowied\u017a i adoracja Naj\u015bwi\u0119tszego Sakramentu o godz. 1700, a nabo\u017ce\u0144stwa majowe o 1730 4. W tym tygodniu obchodzimy: &#8211; w&#8230; <a class=\"continue-reading-link\" href=\"http:\/\/parafia.scinawa.info\/index.php\/2025\/05\/24\/ogloszenia-duszpasterskie-6-niedziela-wielkanocna-25-05-2025\/\">Czytaj dalej <span class=\"meta-nav\">&rarr; <\/span><\/a><\/p>\n","protected":false},"author":2,"featured_media":0,"comment_status":"closed","ping_status":"closed","sticky":false,"template":"","format":"standard","meta":{"footnotes":""},"categories":[40],"tags":[],"class_list":["post-2928","post","type-post","status-publish","format-standard","hentry","category-ogloszenia-duszpasterskie"],"_links":{"self":[{"href":"http:\/\/parafia.scinawa.info\/index.php\/wp-json\/wp\/v2\/posts\/2928","targetHints":{"allow":["GET"]}}],"collection":[{"href":"http:\/\/parafia.scinawa.info\/index.php\/wp-json\/wp\/v2\/posts"}],"about":[{"href":"http:\/\/parafia.scinawa.info\/index.php\/wp-json\/wp\/v2\/types\/post"}],"author":[{"embeddable":true,"href":"http:\/\/parafia.scinawa.info\/index.php\/wp-json\/wp\/v2\/users\/2"}],"replies":[{"embeddable":true,"href":"http:\/\/parafia.scinawa.info\/index.php\/wp-json\/wp\/v2\/comments?post=2928"}],"version-history":[{"count":1,"href":"http:\/\/parafia.scinawa.info\/index.php\/wp-json\/wp\/v2\/posts\/2928\/revisions"}],"predecessor-version":[{"id":2929,"href":"http:\/\/parafia.scinawa.info\/index.php\/wp-json\/wp\/v2\/posts\/2928\/revisions\/2929"}],"wp:attachment":[{"href":"http:\/\/parafia.scinawa.info\/index.php\/wp-json\/wp\/v2\/media?parent=2928"}],"wp:term":[{"taxonomy":"category","embeddable":true,"href":"http:\/\/parafia.scinawa.info\/index.php\/wp-json\/wp\/v2\/categories?post=2928"},{"taxonomy":"post_tag","embeddable":true,"href":"http:\/\/parafia.scinawa.info\/index.php\/wp-json\/wp\/v2\/tags?post=2928"}],"curies":[{"name":"wp","href":"https:\/\/api.w.org\/{rel}","templated":true}]}}