{"id":2930,"date":"2025-05-24T11:08:36","date_gmt":"2025-05-24T09:08:36","guid":{"rendered":"http:\/\/parafia.scinawa.info\/?p=2930"},"modified":"2025-05-24T11:08:36","modified_gmt":"2025-05-24T09:08:36","slug":"intencje-mszalne-25-05-01-06-2025","status":"publish","type":"post","link":"http:\/\/parafia.scinawa.info\/index.php\/2025\/05\/24\/intencje-mszalne-25-05-01-06-2025\/","title":{"rendered":"INTENCJE MSZALNE 25.05. \u00a0\u2013 01.06. 2025"},"content":{"rendered":"\n<p><strong><em>Sk\u0142adaj\u0105c Ofiar\u0119, kt\u00f3ra nam przypomina niezmierzon\u0105 mi\u0142o\u015b\u0107 Twojego Syna, pokornie prosimy Ci\u0119, Bo\u017ce, przyjmij intencje Twoich wiernych i spraw przez dzia\u0142anie Eucharystii, aby w naszych rodzinach wzrasta\u0142a prawdziwa wiara, \u015bwi\u0119to\u015b\u0107 \u017cycia, braterska mi\u0142o\u015b\u0107 i duch modlitwy. <\/em><\/strong><strong>Niech Matka Naj\u015bwi\u0119tsza wyprosi \u0142aski, o kt\u00f3re modlili\u015bmy si\u0119 w tej Mszy \u015bw. dla \u2026 Za\u015b zmar\u0142ym \u2026 za kt\u00f3rych odprawiali\u015bmy Msz\u0119 \u015bw.: <u>wieczny odpoczynek racz im da\u0107 Panie<\/u> (\u2026); niech odpoczywaj\u0105 w pokoju wiecznym. Amen<\/strong><\/p>\n\n\n\n<p><strong><u>25.05<em>. &#8211; NIEDZIELA&nbsp; <\/em><\/u><\/strong><em><\/em><\/p>\n\n\n\n<p><strong>8.oo \u2013 1) <\/strong>&nbsp;w 10 rocz. \u015blubu Pauliny i Paw\u0142a Czy\u017cowicz\u00f3w dzi\u0119kczynna za otrzymane \u0142aski z pro\u015bb\u0105<\/p>\n\n\n\n<p>&nbsp;&nbsp;&nbsp;&nbsp;&nbsp;&nbsp;&nbsp;&nbsp;&nbsp;&nbsp;&nbsp;&nbsp;&nbsp;&nbsp;&nbsp;&nbsp;&nbsp; o zdrowie, dary Ducha \u015awi\u0119tego, Bo\u017ce b\u0142ogos\u0142awie\u0144stwo, opiek\u0119 NMP i \u015bw. Patron\u00f3w na<\/p>\n\n\n\n<p>&nbsp;&nbsp;&nbsp;&nbsp;&nbsp;&nbsp;&nbsp;&nbsp;&nbsp;&nbsp;&nbsp;&nbsp;&nbsp;&nbsp;&nbsp;&nbsp;&nbsp;&nbsp; dalsze lata \u017cycia \u2013 modl\u0105 si\u0119 rodzice<\/p>\n\n\n\n<p><strong>&nbsp;&nbsp;&nbsp;&nbsp;&nbsp;&nbsp;&nbsp;&nbsp;&nbsp;&nbsp;&nbsp; &nbsp; 2)<\/strong> ++ Franciszk\u0119 i J\u00f3zefa P\u0119pkowskich \u2013 modli si\u0119 rodzina<\/p>\n\n\n\n<p><strong>&nbsp; 9.3o \u2013 <\/strong>&nbsp;&nbsp;++ rodzic\u00f3w: Zofi\u0119 i Stanis\u0142awa Stefan\u00f3w, ++ z rodziny oraz Lucyn\u0119 Jaroszewsk\u0105 \u2013 modli si\u0119<\/p>\n\n\n\n<p>&nbsp;&nbsp;&nbsp;&nbsp;&nbsp;&nbsp;&nbsp;&nbsp;&nbsp;&nbsp;&nbsp;&nbsp;&nbsp;&nbsp;&nbsp; syn z rodzin\u0105<\/p>\n\n\n\n<p><strong>11.oo \u2013 1) <\/strong>w intencji mamy Danuty z racji Dnia Matki dzi\u0119kczynna za otrzymane \u0142aski z pro\u015bb\u0105 o zdrowie,<\/p>\n\n\n\n<p>&nbsp;&nbsp;&nbsp; &nbsp;&nbsp;&nbsp;&nbsp;&nbsp;&nbsp;&nbsp;&nbsp;&nbsp;&nbsp;&nbsp;&nbsp;&nbsp;&nbsp;dary Ducha \u015awi\u0119tego, Bo\u017ce b\u0142ogos\u0142awie\u0144stwo, opiek\u0119 NMP i \u015bw. Patron\u00f3w oraz o powr\u00f3t do<\/p>\n\n\n\n<p>&nbsp;&nbsp;&nbsp;&nbsp;&nbsp;&nbsp;&nbsp;&nbsp;&nbsp;&nbsp;&nbsp;&nbsp;&nbsp;&nbsp;&nbsp;&nbsp;&nbsp; zdrowia dla taty Czes\u0142awa<\/p>\n\n\n\n<p><strong>&nbsp;&nbsp;&nbsp;&nbsp;&nbsp;&nbsp;&nbsp;&nbsp;&nbsp;&nbsp;&nbsp; &nbsp; 2) <\/strong>+ Katarzyn\u0119 Koszty\u0142\u0119 w rocz. \u015bm., + Damiana, ++ dziadk\u00f3w: Piotra i Magdalen\u0119<\/p>\n\n\n\n<p>&nbsp;&nbsp;&nbsp;&nbsp;&nbsp;&nbsp;&nbsp;&nbsp;&nbsp;&nbsp;&nbsp;&nbsp;&nbsp;&nbsp;&nbsp;&nbsp; oraz ++ z rodziny \u2013 modli si\u0119 m\u0105\u017c z rodzin\u0105<\/p>\n\n\n\n<p><strong>12.3o \u2013 1) <\/strong>za dzieci: Dominik\u0119, Paw\u0142a, Kamil\u0119, Bartosza i wnuki: Micha\u0142a, Juli\u0119, Laur\u0119 dzi\u0119kczynna za<\/p>\n\n\n\n<p>&nbsp;&nbsp;&nbsp;&nbsp;&nbsp;&nbsp;&nbsp;&nbsp;&nbsp;&nbsp;&nbsp;&nbsp;&nbsp;&nbsp;&nbsp;&nbsp; otrzymane \u0142aski z pro\u015bb\u0105 o zdrowie, dary Ducha \u015awi\u0119tego, Bo\u017ce b\u0142ogos\u0142awie\u0144stwo, opiek\u0119<\/p>\n\n\n\n<p>&nbsp;&nbsp;&nbsp;&nbsp;&nbsp;&nbsp;&nbsp;&nbsp;&nbsp;&nbsp;&nbsp;&nbsp;&nbsp;&nbsp;&nbsp;&nbsp;&nbsp;&nbsp; &nbsp;NMP i \u015bw. Patron\u00f3w<\/p>\n\n\n\n<p><strong>&nbsp;&nbsp;&nbsp;&nbsp;&nbsp;&nbsp;&nbsp;&nbsp;&nbsp;&nbsp;&nbsp; &nbsp; 2)<\/strong> <strong><em>Rocznica I Komunii \u015bw. &#8211; <\/em><\/strong><strong>w intencji dzieci Rocznicowych i ich rodzin<\/strong><\/p>\n\n\n\n<p><strong>18.oo \u2013&nbsp; <\/strong>+ Grzegorza Kapa\u0142\u0119 w 1 rocz. \u015bm.<strong>&nbsp;<\/strong><\/p>\n\n\n\n<p><strong><u>26.05<em>. \u2013 PONIEDZIA\u0141EK<\/em><\/u><\/strong><\/p>\n\n\n\n<p><strong>&nbsp; &nbsp;&nbsp;7.oo \u2013 <\/strong>&nbsp;+ Wiktori\u0119 z okazji Dnia Matki<\/p>\n\n\n\n<p><strong>18.oo \u2013 1) <\/strong>++ Krystyn\u0119 \u017bubrowsk\u0105 \u2013 modl\u0105 si\u0119 dzieci z rodzinami, El\u017cbiet\u0119 Habowsk\u0105 \u2013 Pro\u0107 \u2013 modl\u0105 si\u0119<\/p>\n\n\n\n<p>&nbsp;&nbsp;&nbsp;&nbsp;&nbsp;&nbsp;&nbsp;&nbsp;&nbsp;&nbsp;&nbsp;&nbsp;&nbsp;&nbsp;&nbsp;&nbsp; &nbsp;c\u00f3rki z rodzin\u0105 oraz Adel\u0119 Juzb\u0119 \u2013 modl\u0105 si\u0119 synowie z rodzin\u0105<strong> &nbsp;<\/strong><\/p>\n\n\n\n<p><strong>&nbsp;&nbsp;&nbsp;&nbsp;&nbsp;&nbsp;&nbsp;&nbsp;&nbsp;&nbsp;&nbsp; &nbsp; 2)<\/strong> ++ mamy Bogumi\u0142\u0119 i Mari\u0119 z racji Dnia Matki \u2013 modl\u0105 si\u0119 wdzi\u0119czne c\u00f3rki<\/p>\n\n\n\n<p><strong><u>27.05<em>. &#8211; WTOREK<\/em><\/u><\/strong><em><\/em><\/p>\n\n\n\n<p><strong>7.oo \u2013 <\/strong>++ rodzic\u00f3w: Zofi\u0119 i Zygmunta oraz ich rodzic\u00f3w i rodze\u0144stwo \u2013 modli si\u0119 syn Stanis\u0142aw z rodzin\u0105<\/p>\n\n\n\n<p><strong>18.oo \u2013 <\/strong>+ te\u015bcia Romana oraz ++ z rodziny Ho\u0142ubeckich i Filipiuk\u00f3w \u2013 modli si\u0119 rodzina<\/p>\n\n\n\n<p><strong><u>28.05<em>. \u2013 \u015aRODA<\/em><\/u><\/strong><\/p>\n\n\n\n<p><strong>&nbsp; 7.oo \u2013<\/strong><\/p>\n\n\n\n<p><strong>18.oo \u2013&nbsp; intencja zbiorowa nowennowa:<\/strong><\/p>\n\n\n\n<p><strong>1)<\/strong> + Kazimierza Kohdena \u2013 modli si\u0119 Kinga z m\u0119\u017cem J\u00f3zefem i synem Olkiem<\/p>\n\n\n\n<p><strong>2)<\/strong> ++ Halin\u0119 Makuchowsk\u0105 oraz Jerzego, Mari\u0119 i Stefana |Kaliszczuk\u00f3w<\/p>\n\n\n\n<p><strong>3)<\/strong> ++ Jana, Zuzann\u0119, Kazimierza Nowakowskich oraz ++ z rodziny Mazur\u00f3w<\/p>\n\n\n\n<p><strong>4)<\/strong> ++ Janin\u0119 i Adama Jarosz\u00f3w oraz ++ z rodziny Dro\u017cy\u0144skich<\/p>\n\n\n\n<p><strong>5)<\/strong> w 20 rocz. urodzin Macieja dzi\u0119kczynna za otrzymane \u0142aski z pro\u015bb\u0105 o zdrowie, dary Ducha \u015awi\u0119tego,<\/p>\n\n\n\n<p>&nbsp;&nbsp;&nbsp;&nbsp; Bo\u017ce b\u0142ogos\u0142awie\u0144stwo, opiek\u0119 NMP i \u015bw. Patron\u00f3w na dalsze lata \u017cycia \u2013 modli si\u0119 babcia<\/p>\n\n\n\n<p><strong>6)<\/strong><\/p>\n\n\n\n<p><strong><u>29.05<em>. \u2013 CZWARTEK <\/em><\/u><\/strong><em>&nbsp;<\/em><\/p>\n\n\n\n<p><strong>&nbsp; 7.oo \u2013<\/strong>&nbsp;<\/p>\n\n\n\n<p><strong>18.oo \u2013 1) <\/strong>+ Franciszka Kr\u0119\u017cela w 4 rocz. \u015bm. \u2013 modli si\u0119 rodzina<\/p>\n\n\n\n<p><strong>&nbsp;&nbsp;&nbsp;&nbsp;&nbsp;&nbsp;&nbsp;&nbsp;&nbsp;&nbsp;&nbsp; &nbsp; 2)<\/strong><\/p>\n\n\n\n<p><strong><u>30.05<em>. \u2013 PI\u0104TEK<\/em><\/u><\/strong><\/p>\n\n\n\n<p><strong>&nbsp; &nbsp;&nbsp;7.oo \u2013<\/strong>&nbsp; w 13 rocz. urodzin Paw\u0142a dzi\u0119kczynna za otrzymane \u0142aski z pro\u015bb\u0105 o dalsze b\u0142ogos\u0142awie\u0144stwo<\/p>\n\n\n\n<p>&nbsp;&nbsp;&nbsp;&nbsp;&nbsp;&nbsp;&nbsp;&nbsp;&nbsp;&nbsp;&nbsp;&nbsp;&nbsp;&nbsp;&nbsp;&nbsp; &nbsp;oraz opiek\u0119 NMP Fatimskiej \u2013 modl\u0105 si\u0119 dziadkowie<\/p>\n\n\n\n<p><strong>18.oo \u2013 1) <\/strong>++ Stanis\u0142awa Anielskiego w 2 rocz. \u015bm. oraz Teres\u0119 Latos i Urszul\u0119 Laszczak \u2013 modli si\u0119<\/p>\n\n\n\n<p>&nbsp;&nbsp;&nbsp;&nbsp;&nbsp;&nbsp;&nbsp;&nbsp;&nbsp;&nbsp;&nbsp;&nbsp;&nbsp;&nbsp;&nbsp;&nbsp; &nbsp;\u017cona z rodzin\u0105<\/p>\n\n\n\n<p><strong>&nbsp;&nbsp;&nbsp;&nbsp;&nbsp;&nbsp;&nbsp;&nbsp;&nbsp;&nbsp;&nbsp; &nbsp; 2)<\/strong> + Janusza \u0141ojewskiego w 2 rocz. \u015bm. \u2013 modli si\u0119 mama z siostrami<\/p>\n\n\n\n<p><strong><em><u>31.05. \u2013 SOBOTA<\/u><\/em><\/strong><\/p>\n\n\n\n<p><strong>&nbsp; &nbsp;&nbsp;7.oo \u2013<\/strong><\/p>\n\n\n\n<p><strong>18.oo \u2013 <\/strong>+ Jana Kie\u0142bas\u0119 \u2013 modl\u0105 si\u0119 Emeryci Ko\u0142a nr 2 w \u015acinawie<\/p>\n\n\n\n<p><strong><em><u>01.06. \u2013 NIEDZIELA&nbsp;<\/u><\/em><\/strong><\/p>\n\n\n\n<p><strong>&nbsp; 8.oo \u2013 1) <\/strong>zaj. P. Koszty\u0142a<\/p>\n\n\n\n<p><strong>&nbsp;&nbsp;&nbsp;&nbsp;&nbsp;&nbsp;&nbsp;&nbsp;&nbsp;&nbsp;&nbsp; &nbsp; 2)<\/strong> zaj. P. So\u015bnicka<\/p>\n\n\n\n<p><strong>&nbsp; 9.3o \u2013 <\/strong>w intencji Zosi, Zuzi i Poli oraz ich rodzic\u00f3w dzi\u0119kczynna za otrzymane \u0142aski z pro\u015bb\u0105 o zdrowie,<\/p>\n\n\n\n<p>&nbsp;&nbsp;&nbsp; dary Ducha \u015awi\u0119tego, Bo\u017ce b\u0142ogos\u0142awie\u0144stwo, opiek\u0119 NMP i \u015bw. Patron\u00f3w \u2013 modli si\u0119 babcia i mama&nbsp;<\/p>\n\n\n\n<p><strong>11.oo \u2013 1) <\/strong>Msza \u015bw. b\u0142agalna o urodzaje, aby Dobry B\u00f3g zes\u0142a\u0142 na ziemi\u0119 obfite plony i aby nikomu<\/p>\n\n\n\n<p>&nbsp;&nbsp;&nbsp;&nbsp;&nbsp;&nbsp;&nbsp;&nbsp;&nbsp;&nbsp;&nbsp;&nbsp;&nbsp;&nbsp;&nbsp;&nbsp;&nbsp;&nbsp; nie zabrak\u0142o ziemskiego chleba \u2013 modli si\u0119 i prosi \u017bywy R\u00f3\u017caniec<\/p>\n\n\n\n<p><strong>&nbsp;&nbsp;&nbsp;&nbsp;&nbsp;&nbsp;&nbsp;&nbsp;&nbsp;&nbsp;&nbsp; &nbsp; 2) <\/strong>w intencji dzieci i wnuk\u00f3w dzi\u0119kczynna za otrzymane \u0142aski z pro\u015bb\u0105 o zdrowie, dary Ducha<\/p>\n\n\n\n<p>&nbsp;&nbsp;&nbsp;&nbsp;&nbsp;&nbsp;&nbsp;&nbsp;&nbsp;&nbsp;&nbsp;&nbsp;&nbsp;&nbsp;&nbsp; &nbsp;\u015awi\u0119tego, Bo\u017ce b\u0142ogos\u0142awie\u0144stwo, opiek\u0119 NMP i \u015bw. Patron\u00f3w \u2013 modli si\u0119 mama i babcia<\/p>\n\n\n\n<p><strong>12.3o \u2013 1) <\/strong>zaj. P. Podbor\u0105czy\u0144ska<\/p>\n\n\n\n<p><strong>&nbsp;&nbsp;&nbsp;&nbsp;&nbsp;&nbsp;&nbsp;&nbsp;&nbsp;&nbsp;&nbsp; &nbsp; 2)<\/strong> ++ Juli\u0119 i W\u0142adys\u0142awa Chrobak\u00f3w<\/p>\n\n\n\n<p><strong>18.oo \u2013 1) <\/strong>+ Alicj\u0119 Chmielowsk\u0105 \u2013 modli si\u0119 rodzina<\/p>\n\n\n\n<p><strong>&nbsp;&nbsp;&nbsp;&nbsp;&nbsp;&nbsp;&nbsp;&nbsp;&nbsp;&nbsp;&nbsp; &nbsp; 2) <\/strong>+ Ryszarda Siwaka \u2013 gregorianka 1<\/p>\n","protected":false},"excerpt":{"rendered":"<p>Sk\u0142adaj\u0105c Ofiar\u0119, kt\u00f3ra nam przypomina niezmierzon\u0105 mi\u0142o\u015b\u0107 Twojego Syna, pokornie prosimy Ci\u0119, Bo\u017ce, przyjmij intencje Twoich wiernych i spraw przez dzia\u0142anie Eucharystii, aby w naszych rodzinach wzrasta\u0142a prawdziwa wiara, \u015bwi\u0119to\u015b\u0107 \u017cycia, braterska mi\u0142o\u015b\u0107 i duch modlitwy. Niech Matka Naj\u015bwi\u0119tsza wyprosi \u0142aski, o kt\u00f3re modlili\u015bmy si\u0119 w tej Mszy \u015bw. dla&#8230; <a class=\"continue-reading-link\" href=\"http:\/\/parafia.scinawa.info\/index.php\/2025\/05\/24\/intencje-mszalne-25-05-01-06-2025\/\">Czytaj dalej <span class=\"meta-nav\">&rarr; <\/span><\/a><\/p>\n","protected":false},"author":2,"featured_media":0,"comment_status":"closed","ping_status":"closed","sticky":false,"template":"","format":"standard","meta":{"footnotes":""},"categories":[39],"tags":[],"class_list":["post-2930","post","type-post","status-publish","format-standard","hentry","category-intencje"],"_links":{"self":[{"href":"http:\/\/parafia.scinawa.info\/index.php\/wp-json\/wp\/v2\/posts\/2930","targetHints":{"allow":["GET"]}}],"collection":[{"href":"http:\/\/parafia.scinawa.info\/index.php\/wp-json\/wp\/v2\/posts"}],"about":[{"href":"http:\/\/parafia.scinawa.info\/index.php\/wp-json\/wp\/v2\/types\/post"}],"author":[{"embeddable":true,"href":"http:\/\/parafia.scinawa.info\/index.php\/wp-json\/wp\/v2\/users\/2"}],"replies":[{"embeddable":true,"href":"http:\/\/parafia.scinawa.info\/index.php\/wp-json\/wp\/v2\/comments?post=2930"}],"version-history":[{"count":1,"href":"http:\/\/parafia.scinawa.info\/index.php\/wp-json\/wp\/v2\/posts\/2930\/revisions"}],"predecessor-version":[{"id":2931,"href":"http:\/\/parafia.scinawa.info\/index.php\/wp-json\/wp\/v2\/posts\/2930\/revisions\/2931"}],"wp:attachment":[{"href":"http:\/\/parafia.scinawa.info\/index.php\/wp-json\/wp\/v2\/media?parent=2930"}],"wp:term":[{"taxonomy":"category","embeddable":true,"href":"http:\/\/parafia.scinawa.info\/index.php\/wp-json\/wp\/v2\/categories?post=2930"},{"taxonomy":"post_tag","embeddable":true,"href":"http:\/\/parafia.scinawa.info\/index.php\/wp-json\/wp\/v2\/tags?post=2930"}],"curies":[{"name":"wp","href":"https:\/\/api.w.org\/{rel}","templated":true}]}}