{"id":2941,"date":"2025-06-14T11:36:26","date_gmt":"2025-06-14T09:36:26","guid":{"rendered":"http:\/\/parafia.scinawa.info\/?p=2941"},"modified":"2025-06-14T11:36:26","modified_gmt":"2025-06-14T09:36:26","slug":"intencje-mszalne-15-06-22-06-2025","status":"publish","type":"post","link":"http:\/\/parafia.scinawa.info\/index.php\/2025\/06\/14\/intencje-mszalne-15-06-22-06-2025\/","title":{"rendered":"INTENCJE MSZALNE 15.06. \u00a0\u2013 22.06. 2025"},"content":{"rendered":"\n<p><strong><em>Sk\u0142adaj\u0105c Ofiar\u0119, kt\u00f3ra nam przypomina niezmierzon\u0105 mi\u0142o\u015b\u0107 Twojego Syna, pokornie prosimy Ci\u0119, Bo\u017ce, przyjmij intencje Twoich wiernych i spraw przez dzia\u0142anie Eucharystii, aby w naszych rodzinach wzrasta\u0142a prawdziwa wiara, \u015bwi\u0119to\u015b\u0107 \u017cycia, braterska mi\u0142o\u015b\u0107 i duch modlitwy. <\/em><\/strong><strong>Niech Matka Naj\u015bwi\u0119tsza wyprosi \u0142aski, o kt\u00f3re modlili\u015bmy si\u0119 w tej Mszy \u015bw. dla \u2026 Za\u015b zmar\u0142ym \u2026 za kt\u00f3rych odprawiali\u015bmy Msz\u0119 \u015bw.: <u>wieczny odpoczynek racz im da\u0107 Panie<\/u> (\u2026); niech odpoczywaj\u0105 w pokoju wiecznym. Amen<\/strong><\/p>\n\n\n\n<p><strong><u>15.06<em>. &#8211; NIEDZIELA&nbsp; <\/em><\/u><\/strong><em><\/em><\/p>\n\n\n\n<p><strong>&nbsp; 8.oo \u2013 1) <\/strong>&nbsp;+ Ryszarda Siwaka \u2013 gregorianka 15<\/p>\n\n\n\n<p><strong>&nbsp;&nbsp;&nbsp;&nbsp;&nbsp;&nbsp;&nbsp;&nbsp;&nbsp;&nbsp;&nbsp; &nbsp; 2)<\/strong> + Andrzeja Greszt\u0119 w 15 rocz. \u015bm. oraz ++ z rodziny \u017bugaj\u00f3w, Polanowskich i Greszt\u00f3w<\/p>\n\n\n\n<p><strong>&nbsp; 9.3o \u2013 <\/strong>&nbsp;&nbsp;++ chrze\u015bniak\u00f3w: Krzysztofa i Micha\u0142a Wolnik\u00f3w \u2013 modl\u0105 si\u0119 chrzestni z rodzin\u0105<\/p>\n\n\n\n<p><strong>11.oo \u2013 1) <\/strong>++ Jana \u015awi\u0119talskiego w 4 rocz. \u015bm., bratow\u0105 Iren\u0119, brata Andrzeja, rodzic\u00f3w: Mari\u0119 i Adama<\/p>\n\n\n\n<p>&nbsp;&nbsp;&nbsp;&nbsp;&nbsp;&nbsp;&nbsp;&nbsp;&nbsp;&nbsp;&nbsp;&nbsp;&nbsp;&nbsp;&nbsp;&nbsp;&nbsp; z rodziny Rogalskich oraz ++ z rodziny \u2013 modli si\u0119 rodzina<\/p>\n\n\n\n<p><strong>&nbsp;&nbsp;&nbsp;&nbsp;&nbsp;&nbsp;&nbsp;&nbsp;&nbsp;&nbsp;&nbsp; &nbsp; 2) <\/strong>++ rodzic\u00f3w: Katarzyn\u0119 i J\u00f3zefa Demczyszak\u00f3w, brata J\u00f3zefa Demczyszaka, Katarzyn\u0119<\/p>\n\n\n\n<p>&nbsp;&nbsp;&nbsp;&nbsp;&nbsp;&nbsp;&nbsp;&nbsp;&nbsp;&nbsp;&nbsp;&nbsp;&nbsp;&nbsp;&nbsp;&nbsp;&nbsp; i W\u0142adys\u0142awa Grudnik\u00f3w, siostrze\u0144ca Ryszarda Kasi\u0144skiego, Kazimierza Chmielowca<\/p>\n\n\n\n<p>&nbsp;&nbsp;&nbsp;&nbsp;&nbsp;&nbsp;&nbsp;&nbsp;&nbsp;&nbsp;&nbsp;&nbsp;&nbsp;&nbsp;&nbsp;&nbsp;&nbsp; \u2013 modli si\u0119 rodzina<strong><\/strong><\/p>\n\n\n\n<p><strong>12.3o \u2013 1) <\/strong>w 8 rocz. urodzin Alicji Kozak dzi\u0119kczynna za otrzymane \u0142aski z pro\u015bb\u0105 o zdrowie, dary Ducha<\/p>\n\n\n\n<p>&nbsp;&nbsp;&nbsp;&nbsp;&nbsp;&nbsp;&nbsp;&nbsp;&nbsp;&nbsp;&nbsp;&nbsp;&nbsp;&nbsp; &nbsp;\u015awi\u0119tego, Bo\u017ce b\u0142ogos\u0142awie\u0144stwo, opiek\u0119 NMP i \u015bw. Patron\u00f3w \u2013 modl\u0105 si\u0119 rodzice i dziadkowie<\/p>\n\n\n\n<p><strong>&nbsp;&nbsp;&nbsp;&nbsp;&nbsp;&nbsp;&nbsp;&nbsp;&nbsp;&nbsp;&nbsp; &nbsp; 2)<\/strong> + m\u0119\u017ca Tadeusza Nowickiego z okazji ziemskich urodzin i Dnia Ojca \u2013 modl\u0105 si\u0119 synowie<\/p>\n\n\n\n<p>&nbsp;&nbsp;&nbsp;&nbsp;&nbsp;&nbsp;&nbsp;&nbsp;&nbsp;&nbsp;&nbsp;&nbsp;&nbsp;&nbsp;&nbsp;&nbsp; z rodzin\u0105<\/p>\n\n\n\n<p>&nbsp;&nbsp;&nbsp;&nbsp;&nbsp;&nbsp;&nbsp;&nbsp;&nbsp;&nbsp;&nbsp; &nbsp; <strong>3)<\/strong> + Jana Kie\u0142bas\u0119 w 101 rocz.&nbsp; jego ziemskich urodzin<\/p>\n\n\n\n<p><strong>18.oo \u2013 <\/strong>+ J\u00f3zefa Budrewicza w 5 rocz. \u015bm., ++ jego rodzic\u00f3w: Urszul\u0119 i J\u00f3zefa, rodze\u0144stwo: Czes\u0142awa,<\/p>\n\n\n\n<p>&nbsp; Janin\u0119, Teres\u0119 i Wand\u0119 oraz Anastazj\u0119 Szymczak w 24 rocz. \u015bm., Bo\u017cen\u0119 Zwolsk\u0105 w 1 rocz. \u015bm.<\/p>\n\n\n\n<p>&nbsp;&nbsp;&nbsp; i wszystkich ++ z naszych rodzin<\/p>\n\n\n\n<p><strong><u>16.06<em>. \u2013 PONIEDZIA\u0141EK<\/em><\/u><\/strong><\/p>\n\n\n\n<p><strong>&nbsp; &nbsp;&nbsp;7.oo \u2013 <\/strong>++ syna Miros\u0142awa i ojca Walentego oraz dusze w czy\u015b\u0107cu cierpi\u0105ce<\/p>\n\n\n\n<p><strong>18.oo \u2013 1) <\/strong>&nbsp;+ Ryszarda Siwaka \u2013 gregorianka 16<\/p>\n\n\n\n<p><strong>&nbsp;&nbsp;&nbsp;&nbsp;&nbsp; 2)<\/strong> w 56 rocz. Chrztu Doroty dzi\u0119kczynna za otrzymane \u0142aski z pro\u015bb\u0105 o zdrowie, dary Ducha \u015awi\u0119tego, Bo\u017ce b\u0142ogos\u0142awie\u0144stwo, opiek\u0119 NMP i \u015bw. Patron\u00f3w oraz ++ chrzestnych Helen\u0119 i Edwarda<\/p>\n\n\n\n<p><strong><u>17.06<em>. &#8211; WTOREK<\/em><\/u><\/strong><em><\/em><\/p>\n\n\n\n<p><strong>7.oo \u2013 <\/strong>+ Mieczys\u0142awa P\u0119pkowskiego \u2013 modl\u0105 si\u0119 koledzy syna z pracy<\/p>\n\n\n\n<p><strong>18.oo \u2013 <\/strong>+ Ryszarda Siwaka \u2013 gregorianka 17<\/p>\n\n\n\n<p><strong><u>18.06<em>. \u2013 \u015aRODA<\/em><\/u><\/strong><\/p>\n\n\n\n<p><strong>&nbsp; 7.oo \u2013 <\/strong>+ Ryszarda Siwaka \u2013 gregorianka 18<strong><\/strong><\/p>\n\n\n\n<p><strong>18.oo \u2013&nbsp; intencja zbiorowa nowennowa:<\/strong><\/p>\n\n\n\n<p><strong>1)<\/strong><\/p>\n\n\n\n<p><strong>2)<\/strong><\/p>\n\n\n\n<p><strong><u>19.06<em>. \u2013 CZWARTEK \u2013 BO\u017bE CIA\u0141O <\/em><\/u><\/strong><em>&nbsp;<\/em><\/p>\n\n\n\n<p><strong>&nbsp; 8.oo \u2013 <\/strong>+ Krzysztofa Adamczyka, ++ z rodzin z obu stron oraz dusze w czy\u015b\u0107cu cierpi\u0105ce \u2013 modli si\u0119<\/p>\n\n\n\n<p>&nbsp;&nbsp;&nbsp;&nbsp;&nbsp;&nbsp;&nbsp;&nbsp;&nbsp;&nbsp;&nbsp;&nbsp;&nbsp;&nbsp; rodzina<\/p>\n\n\n\n<p><strong>&nbsp; 9.3o \u2013 1) <\/strong>+ Ryszarda Siwaka \u2013 gregorianka 19<\/p>\n\n\n\n<p><strong>&nbsp;&nbsp;&nbsp;&nbsp;&nbsp;&nbsp;&nbsp;&nbsp;&nbsp;&nbsp;&nbsp; &nbsp; 2) <\/strong>++ Monik\u0119 i Jana Budzi\u0144skich, Danut\u0119 i Franciszka G\u00f3r\u00f3w oraz Franciszka Karczewskiego<\/p>\n\n\n\n<p>&nbsp;&nbsp;&nbsp;&nbsp;&nbsp;&nbsp;&nbsp;&nbsp;&nbsp;&nbsp;&nbsp;&nbsp;&nbsp;&nbsp;&nbsp;&nbsp;&nbsp; \u2013 modli si\u0119 Janina z rodzin\u0105<\/p>\n\n\n\n<p><strong>18.oo \u2013<\/strong> o powo\u0142ania zakonne do Si\u00f3str Jadwi\u017canek, o \u015bwiat\u0142o Ducha \u015awi\u0119tego w rozeznawaniu<\/p>\n\n\n\n<p>&nbsp;&nbsp;&nbsp;&nbsp;&nbsp;&nbsp;&nbsp;&nbsp;&nbsp;&nbsp;&nbsp;&nbsp;&nbsp;&nbsp; problem\u00f3w z jakimi si\u0119 zmagaj\u0105 oraz o zmian\u0119 decyzji dotycz\u0105cej zabrania si\u00f3str z naszej parafii<\/p>\n\n\n\n<p><strong><u>20.06<em>. \u2013 PI\u0104TEK<\/em><\/u><\/strong><\/p>\n\n\n\n<p><strong>&nbsp; &nbsp;&nbsp;7.oo \u2013<\/strong>&nbsp; + Helen\u0119 G\u00f3reck\u0105 ze Szczecina \u2013 modli si\u0119 Hania<\/p>\n\n\n\n<p><strong>18.oo \u2013 1)<\/strong> + Ryszarda Siwaka \u2013 gregorianka 20<strong> <\/strong>&nbsp;<\/p>\n\n\n\n<p><strong>&nbsp;&nbsp;&nbsp;&nbsp;&nbsp;&nbsp;&nbsp;&nbsp;&nbsp;&nbsp;&nbsp; &nbsp; 2)<\/strong> + Tomasza Srebniaka z okazji Dnia Ojca \u2013 modli si\u0119 syn<\/p>\n\n\n\n<p><strong><em><u>21.06. \u2013 SOBOTA<\/u><\/em><\/strong><\/p>\n\n\n\n<p><strong>&nbsp;&nbsp;7.oo \u2013<\/strong> + Ryszarda Siwaka \u2013 gregorianka 21<\/p>\n\n\n\n<p><strong>15.oo \u2013<\/strong> \u015blub i chrzest<\/p>\n\n\n\n<p><strong>18.oo \u2013 1) <\/strong>w 15 rocz. urodzin wnuczka Ignacego dzi\u0119kczynna za otrzymane \u0142aski z pro\u015bb\u0105 o zdrowie,<\/p>\n\n\n\n<p>&nbsp;&nbsp;&nbsp;&nbsp;&nbsp;&nbsp;&nbsp;&nbsp;&nbsp;&nbsp;&nbsp;&nbsp;&nbsp;&nbsp;&nbsp;&nbsp; dary Ducha \u015awi\u0119tego, Bo\u017ce b\u0142ogos\u0142awie\u0144stwo, opiek\u0119 NMP i \u015bw. Patron\u00f3w \u2013 modli si\u0119 babcia &nbsp;<\/p>\n\n\n\n<p><strong>&nbsp;&nbsp;&nbsp;&nbsp;&nbsp;&nbsp;&nbsp;&nbsp;&nbsp;&nbsp;&nbsp; &nbsp; 2)<\/strong> + Alicj\u0119 Chmielowsk\u0105<\/p>\n\n\n\n<p><strong><em><u>22.06. \u2013 NIEDZIELA&nbsp;<\/u><\/em><\/strong><\/p>\n\n\n\n<p><strong>&nbsp; 8.oo \u2013 1) <\/strong>o zdrowie, dary Ducha \u015awi\u0119tego, Bo\u017ce b\u0142ogos\u0142awie\u0144stwo, opiek\u0119 NMP i \u015bw. Patron\u00f3w dla<\/p>\n\n\n\n<p>&nbsp;&nbsp;&nbsp;&nbsp;&nbsp;&nbsp;&nbsp;&nbsp;&nbsp;&nbsp;&nbsp;&nbsp;&nbsp;&nbsp;&nbsp;&nbsp;&nbsp;&nbsp; rodzic\u00f3w: J\u00f3zefa i Janiny Kras\u00f3w \u2013 modl\u0105 si\u0119 dzieci i wnuki<\/p>\n\n\n\n<p><strong>&nbsp;&nbsp;&nbsp;&nbsp;&nbsp;&nbsp;&nbsp;&nbsp;&nbsp;&nbsp;&nbsp; &nbsp; 2)<\/strong> ++ rodzic\u00f3w: Ann\u0119 i Edwarda P\u0142atk\u00f3w<\/p>\n\n\n\n<p><strong>&nbsp; 9.3o \u2013 <\/strong>+ J\u00f3zefa Lisa w 5 rocz. \u015bm. \u2013 modli si\u0119 \u017cona z rodzin\u0105&nbsp;<\/p>\n\n\n\n<p><strong>11.oo \u2013 1) <\/strong>+ Jadwig\u0119 w 30 rocz. \u015bm. oraz ++ z rodziny Jankowskich, Golczyk\u00f3w i Terpi\u0142owskich<\/p>\n\n\n\n<p>&nbsp;&nbsp;&nbsp;&nbsp;&nbsp;&nbsp;&nbsp;&nbsp;&nbsp;&nbsp;&nbsp;&nbsp;&nbsp;&nbsp;&nbsp;&nbsp; \u2013 modli si\u0119 c\u00f3rka z rodzin\u0105<\/p>\n\n\n\n<p><strong>&nbsp;&nbsp;&nbsp;&nbsp;&nbsp;&nbsp;&nbsp;&nbsp;&nbsp;&nbsp;&nbsp; &nbsp; 2)<\/strong> + Helen\u0119 Cie\u015bli\u0144sk\u0105 w 16 rocz. \u015bm. oraz ++ z rodziny Cie\u015bli\u0144skich, \u0141oz\u00f3w, Wr\u00f3blewskich<\/p>\n\n\n\n<p>&nbsp;&nbsp;&nbsp;&nbsp;&nbsp;&nbsp;&nbsp;&nbsp;&nbsp;&nbsp;&nbsp;&nbsp;&nbsp;&nbsp;&nbsp;&nbsp;&nbsp; i Wojciechowskich \u2013 modli si\u0119 rodzina<strong> <\/strong>&nbsp;<\/p>\n\n\n\n<p><strong>12.3o \u2013 1) <\/strong>z okazji Dnia Ojca w intencji taty Grzegorza, taty Feliksa i taty Henryka<strong> <\/strong>dzi\u0119kczynna za<\/p>\n\n\n\n<p>&nbsp;&nbsp;&nbsp;&nbsp;&nbsp;&nbsp;&nbsp;&nbsp;&nbsp;&nbsp;&nbsp;&nbsp;&nbsp;&nbsp;&nbsp;&nbsp;&nbsp; otrzymane \u0142aski z pro\u015bb\u0105 o zdrowie, dary Ducha \u015awi\u0119tego, Bo\u017ce b\u0142ogos\u0142awie\u0144stwo, opiek\u0119<\/p>\n\n\n\n<p>&nbsp;&nbsp;&nbsp;&nbsp;&nbsp;&nbsp;&nbsp;&nbsp;&nbsp;&nbsp;&nbsp;&nbsp;&nbsp;&nbsp;&nbsp;&nbsp; &nbsp;NMP i \u015bw. Patron\u00f3w \u2013 modl\u0105 si\u0119 dzieci<\/p>\n\n\n\n<p><strong>&nbsp;&nbsp;&nbsp;&nbsp;&nbsp;&nbsp;&nbsp;&nbsp;&nbsp;&nbsp;&nbsp; &nbsp; 2)<\/strong> ++ Stanis\u0142aw\u0119 i Jana Pytlarz\u00f3w \u2013 modli si\u0119 rodzina<\/p>\n\n\n\n<p>&nbsp;&nbsp;&nbsp;&nbsp;&nbsp;&nbsp;&nbsp;&nbsp;&nbsp;&nbsp;&nbsp; <strong>&nbsp; 3)<\/strong> ++ Jana Mosteckiego, Piotra, Antonin\u0119, Katarzyn\u0119 i Wier\u0119 z rodziny Mosteckich oraz Jana<\/p>\n\n\n\n<p>&nbsp;&nbsp;&nbsp;&nbsp;&nbsp;&nbsp;&nbsp;&nbsp;&nbsp;&nbsp;&nbsp;&nbsp;&nbsp;&nbsp;&nbsp;&nbsp;&nbsp; \u0141upkowskiego<\/p>\n\n\n\n<p>&nbsp;&nbsp;&nbsp;&nbsp;&nbsp;&nbsp;&nbsp;&nbsp;&nbsp;&nbsp;&nbsp;&nbsp;&nbsp;&nbsp;&nbsp;&nbsp;&nbsp;&nbsp;&nbsp;&nbsp;&nbsp;&nbsp;&nbsp; <strong><em>Chrzest po Mszy: B\u0142a\u017cej Filipek, Krystian Dominik Jurczyk, Alicja Teresa Jurczyk<\/em><\/strong><\/p>\n\n\n\n<p><strong>18.oo \u2013 1) <\/strong>+ Ryszarda Siwaka \u2013 gregorianka 22<\/p>\n\n\n\n<p><strong>&nbsp;&nbsp;&nbsp;&nbsp;&nbsp;&nbsp;&nbsp;&nbsp;&nbsp;&nbsp;&nbsp; &nbsp; 2) <\/strong>zaj. P. Mielcarek<\/p>\n","protected":false},"excerpt":{"rendered":"<p>Sk\u0142adaj\u0105c Ofiar\u0119, kt\u00f3ra nam przypomina niezmierzon\u0105 mi\u0142o\u015b\u0107 Twojego Syna, pokornie prosimy Ci\u0119, Bo\u017ce, przyjmij intencje Twoich wiernych i spraw przez dzia\u0142anie Eucharystii, aby w naszych rodzinach wzrasta\u0142a prawdziwa wiara, \u015bwi\u0119to\u015b\u0107 \u017cycia, braterska mi\u0142o\u015b\u0107 i duch modlitwy. Niech Matka Naj\u015bwi\u0119tsza wyprosi \u0142aski, o kt\u00f3re modlili\u015bmy si\u0119 w tej Mszy \u015bw. dla&#8230; <a class=\"continue-reading-link\" href=\"http:\/\/parafia.scinawa.info\/index.php\/2025\/06\/14\/intencje-mszalne-15-06-22-06-2025\/\">Czytaj dalej <span class=\"meta-nav\">&rarr; <\/span><\/a><\/p>\n","protected":false},"author":2,"featured_media":0,"comment_status":"closed","ping_status":"closed","sticky":false,"template":"","format":"standard","meta":{"footnotes":""},"categories":[39],"tags":[],"class_list":["post-2941","post","type-post","status-publish","format-standard","hentry","category-intencje"],"_links":{"self":[{"href":"http:\/\/parafia.scinawa.info\/index.php\/wp-json\/wp\/v2\/posts\/2941","targetHints":{"allow":["GET"]}}],"collection":[{"href":"http:\/\/parafia.scinawa.info\/index.php\/wp-json\/wp\/v2\/posts"}],"about":[{"href":"http:\/\/parafia.scinawa.info\/index.php\/wp-json\/wp\/v2\/types\/post"}],"author":[{"embeddable":true,"href":"http:\/\/parafia.scinawa.info\/index.php\/wp-json\/wp\/v2\/users\/2"}],"replies":[{"embeddable":true,"href":"http:\/\/parafia.scinawa.info\/index.php\/wp-json\/wp\/v2\/comments?post=2941"}],"version-history":[{"count":1,"href":"http:\/\/parafia.scinawa.info\/index.php\/wp-json\/wp\/v2\/posts\/2941\/revisions"}],"predecessor-version":[{"id":2942,"href":"http:\/\/parafia.scinawa.info\/index.php\/wp-json\/wp\/v2\/posts\/2941\/revisions\/2942"}],"wp:attachment":[{"href":"http:\/\/parafia.scinawa.info\/index.php\/wp-json\/wp\/v2\/media?parent=2941"}],"wp:term":[{"taxonomy":"category","embeddable":true,"href":"http:\/\/parafia.scinawa.info\/index.php\/wp-json\/wp\/v2\/categories?post=2941"},{"taxonomy":"post_tag","embeddable":true,"href":"http:\/\/parafia.scinawa.info\/index.php\/wp-json\/wp\/v2\/tags?post=2941"}],"curies":[{"name":"wp","href":"https:\/\/api.w.org\/{rel}","templated":true}]}}