{"id":2943,"date":"2025-06-14T11:53:38","date_gmt":"2025-06-14T09:53:38","guid":{"rendered":"http:\/\/parafia.scinawa.info\/?p=2943"},"modified":"2025-06-14T11:53:38","modified_gmt":"2025-06-14T09:53:38","slug":"ogloszenia-duszpasterskie-uroczystosc-trojcy-przenajswietszej-15-06-2025","status":"publish","type":"post","link":"http:\/\/parafia.scinawa.info\/index.php\/2025\/06\/14\/ogloszenia-duszpasterskie-uroczystosc-trojcy-przenajswietszej-15-06-2025\/","title":{"rendered":"Og\u0142oszenia duszpasterskie &#8211; Uroczysto\u015b\u0107 Tr\u00f3jcy Przenaj\u015bwi\u0119tszej \u2013 15.06. 2025"},"content":{"rendered":"\n<p><strong>1.<\/strong> Dzi\u015b prze\u017cywamy <strong>Uroczysto\u015b\u0107 Tr\u00f3jcy Przenaj\u015bwi\u0119tszej.<\/strong> Msze \u015bw. wed\u0142ug porz\u0105dku niedzielnego.<\/p>\n\n\n\n<p><strong><u>2<\/u><\/strong><strong>.<\/strong> Msze \u015bw. w tygodniu&nbsp; o <strong>7<sup>00<\/sup><\/strong> i <strong>18<sup>00<\/sup><\/strong>.<\/p>\n\n\n\n<p><strong><u>3<\/u><\/strong><strong>. <\/strong>Codziennie spowied\u017a i adoracja Naj\u015bwi\u0119tszego Sakramentu o godz. <strong>17<sup>00<\/sup>, <\/strong>a nabo\u017ce\u0144stwa czerwcowe o <strong>17<sup>30<\/sup>.<\/strong><\/p>\n\n\n\n<p><strong><u>4.<\/u><\/strong><strong> <\/strong>W tym tygodniu obchodzimy:<strong><\/strong><\/p>\n\n\n\n<p>&#8211; <strong><u>we wtorek<\/u> <\/strong>\u2013wspomnienie \u015bw. Brata Alberta Chmielowskiego, zakonnika<\/p>\n\n\n\n<p>&#8211; <strong><u>w czwartek<\/u><\/strong> \u2013 <strong><u>Uroczysto\u015b\u0107 Naj\u015bwi\u0119tszego Cia\u0142a i Krwi Chrystusa \u2013 Bo\u017ce Cia\u0142o<\/u><\/strong>. Porz\u0105dek Mszy \u015bw.: <strong>8<sup>00<\/sup><\/strong><strong> \u2013 w R\u0119szowie, w \u015acinawie<\/strong> o <strong>8<sup>00<\/sup><\/strong>, <strong>9<sup>30<\/sup><\/strong> \u2013 Uroczysta Msza \u015bw. z procesj\u0105 do czterech o\u0142tarzy. Trasa procesji jak w latach minionych. Wieczorna Msza \u015bw. o <strong>18<sup>00<\/sup>. <\/strong>Oktawa Bo\u017cego Cia\u0142a.<\/p>\n\n\n\n<p>&#8211; <strong><u>w sobot\u0119<\/u> <\/strong>\u2013wspomnienie \u015bw. Alojzego Gonzagi, zakonnika<\/p>\n\n\n\n<p><strong><u>5<\/u><\/strong><strong>. <\/strong>W przysz\u0142\u0105 niedziel\u0119 obchodzimy <strong>12 Niedziel\u0119 zwyk\u0142\u0105.<\/strong> Msze \u015bw. wed\u0142ug porz\u0105dku niedzielnego.<\/p>\n\n\n\n<p><strong><u>6<\/u><\/strong><strong>.<\/strong> Kancelaria czynna codziennie po Mszy \u015bw. wieczornej z wyj\u0105tkiem niedziel, uroczysto\u015bci i \u015bwi\u0105t.<\/p>\n\n\n\n<p><strong><u>7<\/u><\/strong><strong>.<\/strong> Do nabycia jest prasa katolicka: Niedziela, Go\u015b\u0107 Niedzielny i R\u00f3\u017caniec.<\/p>\n\n\n\n<p><strong><u>8<\/u><\/strong><strong>.<\/strong> Dzi\u0119kuj\u0119 wszystkim, kt\u00f3rzy w tym tygodniu sprz\u0105tali \u015bwi\u0105tyni\u0119 i przygotowali j\u0105 na nasze spotkanie eucharystyczne.<\/p>\n\n\n\n<p><strong><u>9<\/u><\/strong><strong>.<\/strong> Serdeczne B\u00f3g zap\u0142a\u0107 za ofiary sk\u0142adane na remonty w naszej parafii.<\/p>\n\n\n\n<p><strong><u>10<\/u><\/strong><strong>.<\/strong> Intencje mszalne<\/p>\n\n\n\n<p><strong><u>11<\/u><\/strong><strong>.<\/strong> Ofiary na kwiaty do o\u0142tarzy na Bo\u017ce Cia\u0142o mo\u017cna sk\u0142ada\u0107 do skarbony pod ambon\u0105.<\/p>\n\n\n\n<p><strong>12.<\/strong> Prosimy tak\u017ce o zg\u0142aszanie si\u0119 stra\u017cak\u00f3w, my\u015bliwych i g\u00f3rnik\u00f3w do niesienia Baldachimu na Bo\u017ce Cia\u0142o.<\/p>\n\n\n\n<p><em>\u017byczymy mi\u0142ego tygodnia i obfitych \u0142ask Bo\u017cych.<\/em><\/p>\n","protected":false},"excerpt":{"rendered":"<p>1. Dzi\u015b prze\u017cywamy Uroczysto\u015b\u0107 Tr\u00f3jcy Przenaj\u015bwi\u0119tszej. Msze \u015bw. wed\u0142ug porz\u0105dku niedzielnego. 2. Msze \u015bw. w tygodniu&nbsp; o 700 i 1800. 3. Codziennie spowied\u017a i adoracja Naj\u015bwi\u0119tszego Sakramentu o godz. 1700, a nabo\u017ce\u0144stwa czerwcowe o 1730. 4. W tym tygodniu obchodzimy: &#8211; we wtorek \u2013wspomnienie \u015bw. Brata Alberta Chmielowskiego, zakonnika &#8211;&#8230; <a class=\"continue-reading-link\" href=\"http:\/\/parafia.scinawa.info\/index.php\/2025\/06\/14\/ogloszenia-duszpasterskie-uroczystosc-trojcy-przenajswietszej-15-06-2025\/\">Czytaj dalej <span class=\"meta-nav\">&rarr; <\/span><\/a><\/p>\n","protected":false},"author":2,"featured_media":0,"comment_status":"closed","ping_status":"closed","sticky":false,"template":"","format":"standard","meta":{"footnotes":""},"categories":[40],"tags":[],"class_list":["post-2943","post","type-post","status-publish","format-standard","hentry","category-ogloszenia-duszpasterskie"],"_links":{"self":[{"href":"http:\/\/parafia.scinawa.info\/index.php\/wp-json\/wp\/v2\/posts\/2943","targetHints":{"allow":["GET"]}}],"collection":[{"href":"http:\/\/parafia.scinawa.info\/index.php\/wp-json\/wp\/v2\/posts"}],"about":[{"href":"http:\/\/parafia.scinawa.info\/index.php\/wp-json\/wp\/v2\/types\/post"}],"author":[{"embeddable":true,"href":"http:\/\/parafia.scinawa.info\/index.php\/wp-json\/wp\/v2\/users\/2"}],"replies":[{"embeddable":true,"href":"http:\/\/parafia.scinawa.info\/index.php\/wp-json\/wp\/v2\/comments?post=2943"}],"version-history":[{"count":1,"href":"http:\/\/parafia.scinawa.info\/index.php\/wp-json\/wp\/v2\/posts\/2943\/revisions"}],"predecessor-version":[{"id":2944,"href":"http:\/\/parafia.scinawa.info\/index.php\/wp-json\/wp\/v2\/posts\/2943\/revisions\/2944"}],"wp:attachment":[{"href":"http:\/\/parafia.scinawa.info\/index.php\/wp-json\/wp\/v2\/media?parent=2943"}],"wp:term":[{"taxonomy":"category","embeddable":true,"href":"http:\/\/parafia.scinawa.info\/index.php\/wp-json\/wp\/v2\/categories?post=2943"},{"taxonomy":"post_tag","embeddable":true,"href":"http:\/\/parafia.scinawa.info\/index.php\/wp-json\/wp\/v2\/tags?post=2943"}],"curies":[{"name":"wp","href":"https:\/\/api.w.org\/{rel}","templated":true}]}}