{"id":2977,"date":"2025-08-02T21:05:51","date_gmt":"2025-08-02T19:05:51","guid":{"rendered":"http:\/\/parafia.scinawa.info\/?p=2977"},"modified":"2025-08-02T21:05:51","modified_gmt":"2025-08-02T19:05:51","slug":"intencje-mszalne-03-08-10-08-2025","status":"publish","type":"post","link":"http:\/\/parafia.scinawa.info\/index.php\/2025\/08\/02\/intencje-mszalne-03-08-10-08-2025\/","title":{"rendered":"INTENCJE MSZALNE 03.08. \u00a0\u2013 10.08. 2025"},"content":{"rendered":"\n<p><strong><em>Sk\u0142adaj\u0105c Ofiar\u0119, kt\u00f3ra nam przypomina niezmierzon\u0105 mi\u0142o\u015b\u0107 Twojego Syna, pokornie prosimy Ci\u0119, Bo\u017ce, przyjmij intencje Twoich wiernych i spraw przez dzia\u0142anie Eucharystii, aby w naszych rodzinach wzrasta\u0142a prawdziwa wiara, \u015bwi\u0119to\u015b\u0107 \u017cycia, braterska mi\u0142o\u015b\u0107 i duch modlitwy. <\/em><\/strong><strong>Niech Matka Naj\u015bwi\u0119tsza wyprosi \u0142aski, o kt\u00f3re modlili\u015bmy si\u0119 w tej Mszy \u015bw. dla \u2026 Za\u015b zmar\u0142ym \u2026 za kt\u00f3rych odprawiali\u015bmy Msz\u0119 \u015bw.: <u>wieczny odpoczynek racz im da\u0107 Panie<\/u> (\u2026); niech odpoczywaj\u0105 w pokoju wiecznym. Amen<\/strong><\/p>\n\n\n\n<p><strong><u>03.08<em>. &#8211; NIEDZIELA&nbsp; <\/em><\/u><\/strong><em><\/em><\/p>\n\n\n\n<p><strong>8.oo \u2013 1) <\/strong>++ z rodziny Rybskich \u2013 modli si\u0119 Danuta z rodzin\u0105<\/p>\n\n\n\n<p><strong>&nbsp;&nbsp;&nbsp;&nbsp;&nbsp;&nbsp;&nbsp;&nbsp;&nbsp;&nbsp;&nbsp; &nbsp; 2) <\/strong>+ Jana w rocz. \u015bm. i Genowef\u0119 Kozak\u00f3w oraz ++ z rodziny Stank\u00f3w i Kozak\u00f3w \u2013 modli si\u0119<\/p>\n\n\n\n<p>&nbsp;&nbsp;&nbsp;&nbsp;&nbsp;&nbsp;&nbsp;&nbsp;&nbsp;&nbsp;&nbsp;&nbsp;&nbsp;&nbsp;&nbsp;&nbsp;&nbsp; rodzina&nbsp;<\/p>\n\n\n\n<p><strong>11.oo \u2013 1) <\/strong>++ Genowef\u0119 w 4 rocz. \u015bm. i Wac\u0142awa w 33 rocz. \u015bm. z rodziny Jagie\u0142\u0142\u00f3w \u2013 modli si\u0119 syn<\/p>\n\n\n\n<p>&nbsp;&nbsp;&nbsp;&nbsp;&nbsp;&nbsp;&nbsp;&nbsp;&nbsp;&nbsp;&nbsp;&nbsp;&nbsp;&nbsp; W\u0142odzimierz, wnuczki i prawnuki<\/p>\n\n\n\n<p><strong>&nbsp;&nbsp;&nbsp;&nbsp;&nbsp;&nbsp;&nbsp;&nbsp;&nbsp;&nbsp;&nbsp; &nbsp; 2) <\/strong>+ Wac\u0142awa Bisko \u2013 gregorianka 28<\/p>\n\n\n\n<p><strong>12.3o \u2013 <\/strong>w 24 rocz. \u015blubu Edyty i Damiana Pytlarz\u00f3w oraz za ich dzieci: Mateusza, Katarzyn\u0119, Micha\u0142a<\/p>\n\n\n\n<p>&nbsp;&nbsp;&nbsp;&nbsp;&nbsp;&nbsp;&nbsp;&nbsp;&nbsp;&nbsp;&nbsp;&nbsp;&nbsp;&nbsp;&nbsp;&nbsp;&nbsp; i \u0141ucj\u0119 dzi\u0119kczynna za otrzymane \u0142aski z pro\u015bb\u0105 o zdrowie, &nbsp;dary Ducha \u015awi\u0119tego, Bo\u017ce<\/p>\n\n\n\n<p>&nbsp;&nbsp;&nbsp;&nbsp;&nbsp;&nbsp;&nbsp;&nbsp;&nbsp;&nbsp;&nbsp;&nbsp;&nbsp;&nbsp;&nbsp;&nbsp;&nbsp; b\u0142ogos\u0142awie\u0144stwo, opiek\u0119 NMP i \u015bw. Patron\u00f3w \u2013 modli si\u0119 rodzina<\/p>\n\n\n\n<p>&nbsp;&nbsp;&nbsp;&nbsp;&nbsp;&nbsp;&nbsp;&nbsp;&nbsp;&nbsp;&nbsp;&nbsp;&nbsp;&nbsp;&nbsp;&nbsp;&nbsp;&nbsp;&nbsp;&nbsp;&nbsp;&nbsp;&nbsp;&nbsp;&nbsp;&nbsp;&nbsp;&nbsp;&nbsp;&nbsp;&nbsp;&nbsp;&nbsp;&nbsp; <strong><em>Chrzest po Mszy \u015bw.: Sara Kieruzal<\/em><\/strong><\/p>\n\n\n\n<p><strong>18.oo \u2013 <\/strong>++ brata Andrzeja w 3 rocz. \u015bm., bratowa Iren\u0119, rodzic\u00f3w: Mari\u0119 i Adama z rodziny Rogalskich,<\/p>\n\n\n\n<p>&nbsp;&nbsp;&nbsp;&nbsp;&nbsp;&nbsp;&nbsp;&nbsp;&nbsp;&nbsp;&nbsp;&nbsp;&nbsp;&nbsp; m\u0119\u017ca Jana \u015awi\u0119talskiego oraz ++ z rodziny \u2013 modli si\u0119 rodzina<strong> &nbsp;<\/strong>&nbsp;<\/p>\n\n\n\n<p><strong><u>04.08<em>. \u2013 PONIEDZIA\u0141EK<\/em><\/u><\/strong><\/p>\n\n\n\n<p><strong>&nbsp; 7.oo \u2013 <\/strong>&nbsp;+ Wac\u0142awa Bisko \u2013 gregorianka 29<\/p>\n\n\n\n<p><strong>18.oo \u2013 <\/strong>+ Ryszarda Berdzika w 7 rocz. \u015bm. \u2013 modli si\u0119 Renata z rodzin\u0105<\/p>\n\n\n\n<p><strong><u>05.08<em>. &#8211; WTOREK<\/em><\/u><\/strong><em><\/em><\/p>\n\n\n\n<p><strong>&nbsp; 7.oo \u2013 <\/strong>+ Wac\u0142awa Bisko \u2013 gregorianka 30<\/p>\n\n\n\n<p><strong>18.oo \u2013 <\/strong>+ Wiolett\u0119 Cywi\u0144sk\u0105 w dniu jej urodzin oraz ++ Zbigniewa Benia i Zdzis\u0142awa Dronia<\/p>\n\n\n\n<p>&nbsp;&nbsp;&nbsp;&nbsp;&nbsp;&nbsp;&nbsp;&nbsp;&nbsp;&nbsp;&nbsp;&nbsp;&nbsp; \u2013 modli si\u0119 Urszula z rodzin\u0105<\/p>\n\n\n\n<p><strong><u>06.08<em>. \u2013 \u015aRODA<\/em><\/u><\/strong><\/p>\n\n\n\n<p><strong>&nbsp; 7.oo \u2013 <\/strong>+ Agnieszk\u0119 Weiss w 1 rocz. \u015bm. \u2013 modli si\u0119 rodzina<\/p>\n\n\n\n<p><strong>18.oo \u2013&nbsp; intencja zbiorowa nowennowa:<\/strong><\/p>\n\n\n\n<p><strong>&nbsp;1)<\/strong> w 80 rocz. urodzin Teofila dzi\u0119kczynna za otrzymane \u0142aski z pro\u015bb\u0105 o zdrowie, dary Ducha<\/p>\n\n\n\n<p>&nbsp;&nbsp;&nbsp;&nbsp; \u015awi\u0119tego, Bo\u017ce b\u0142ogos\u0142awie\u0144stwo, opiek\u0119 NMP i \u015bw. Patron\u00f3w<\/p>\n\n\n\n<p><strong>&nbsp;2)<\/strong> ++ Ann\u0119 i Piotra, Ann\u0119 i J\u00f3zefa, Zofi\u0119 i Micha\u0142a oraz ++ z rodziny Kobl\u00f3w \u2013 modli si\u0119 rodzina<\/p>\n\n\n\n<p><strong>&nbsp;3)<\/strong> za wnuki Miko\u0142aja i Amelk\u0119 dzi\u0119kczynna za otrzymane \u0142aski z pro\u015bb\u0105 o zdrowie, dary Ducha<\/p>\n\n\n\n<p>&nbsp;&nbsp;&nbsp;&nbsp; \u015awi\u0119tego, Bo\u017ce b\u0142ogos\u0142awie\u0144stwo, opiek\u0119 NMP i \u015bw. Patron\u00f3w \u2013 modl\u0105 si\u0119 dziadkowie<\/p>\n\n\n\n<p><strong>4)<\/strong> + Adama Czajkowskiego, ++ rodzic\u00f3w z obu stron: Jakuba i Franciszk\u0119 Czajkowskich oraz Wojciecha<\/p>\n\n\n\n<p>&nbsp;&nbsp;&nbsp;&nbsp; i Zofi\u0119 Stefank\u00f3w<\/p>\n\n\n\n<p><strong>5)<\/strong><\/p>\n\n\n\n<p><strong><u>07.08<em>. \u2013 CZWARTEK <\/em><\/u><\/strong><em>&nbsp;<\/em><\/p>\n\n\n\n<p><strong>&nbsp; 7.oo \u2013<\/strong>&nbsp; w intencji c\u00f3rki Doroty o zdrowie, Bo\u017ce b\u0142ogos\u0142awie\u0144stwo, opiek\u0119 NMP i \u015bw. Patron\u00f3w<\/p>\n\n\n\n<p>&nbsp;&nbsp;&nbsp;&nbsp;&nbsp;&nbsp;&nbsp;&nbsp;&nbsp;&nbsp;&nbsp;&nbsp;&nbsp;&nbsp; \u2013 modli si\u0119 mama<\/p>\n\n\n\n<p><strong>18.oo \u2013 <\/strong>+ Andrzeja Ajeckiego w 1 rocz. \u015bm. \u2013 modli si\u0119 \u017cona z synami<\/p>\n\n\n\n<p><strong><u>08.08<em>. \u2013 PI\u0104TEK<\/em><\/u><\/strong><\/p>\n\n\n\n<p><strong>&nbsp; 7.oo \u2013<\/strong> ++ syna Miros\u0142awa, jego ojca Walentego i dusze w czy\u015b\u0107cu cierpi\u0105ce<\/p>\n\n\n\n<p><strong>18.oo \u2013 <\/strong>++ dziadk\u00f3w: Rozali\u0119 i Antoniego, ciocie: Ann\u0119, Franciszk\u0119 i Stefani\u0119, wujk\u00f3w: Micha\u0142a i Miko\u0142aja<\/p>\n\n\n\n<p>&nbsp;&nbsp;&nbsp;&nbsp;&nbsp;&nbsp;&nbsp;&nbsp;&nbsp;&nbsp;&nbsp;&nbsp;&nbsp; z rodziny Fyszk\u00f3w \u2013 modli si\u0119 Maria z rodzin\u0105<\/p>\n\n\n\n<p><strong><em><u>09.08. \u2013 SOBOTA<\/u><\/em><\/strong><\/p>\n\n\n\n<p><strong>&nbsp; 7.oo \u2013<\/strong> + syna Ryszarda<\/p>\n\n\n\n<p><strong>18.oo \u2013 <\/strong>++ Mari\u0119, J\u00f3zefa i Jana Cebulskich oraz Romana Paw\u0142owskiego \u2013 modli si\u0119 rodzina<\/p>\n\n\n\n<p><strong><em><u>10.08. \u2013 NIEDZIELA&nbsp;<\/u><\/em><\/strong><\/p>\n\n\n\n<p><strong>&nbsp; 8.oo \u2013 <\/strong>zaj. P. Kogut<strong><\/strong><\/p>\n\n\n\n<p><strong>11.oo \u2013 1) <\/strong>++ Mari\u0119 w 31 rocz. \u015bm. i J\u00f3zefa w 10 rocz. \u015bm. z rodziny Mizier\u00f3w oraz ++ dziadk\u00f3w z obu<\/p>\n\n\n\n<p>&nbsp;&nbsp;&nbsp;&nbsp;&nbsp;&nbsp;&nbsp;&nbsp;&nbsp;&nbsp;&nbsp;&nbsp;&nbsp;&nbsp;&nbsp;&nbsp;&nbsp; stron i dusze w czy\u015b\u0107cu cierpi\u0105ce<\/p>\n\n\n\n<p><strong>&nbsp;&nbsp;&nbsp;&nbsp;&nbsp;&nbsp;&nbsp;&nbsp;&nbsp;&nbsp;&nbsp;&nbsp;&nbsp; 2) <\/strong>w intencji Jamesa<strong> <\/strong>z racji przyj\u0119cia I Komunii \u015bw. dzi\u0119kczynna za otrzymane \u0142aski z pro\u015bb\u0105<\/p>\n\n\n\n<p>&nbsp;&nbsp;&nbsp;&nbsp;&nbsp;&nbsp;&nbsp;&nbsp;&nbsp;&nbsp;&nbsp;&nbsp;&nbsp;&nbsp;&nbsp;&nbsp;&nbsp;&nbsp; o zdrowie, &nbsp;dary Ducha \u015awi\u0119tego, Bo\u017ce b\u0142ogos\u0142awie\u0144stwo, opiek\u0119 NMP i \u015bw. Patron\u00f3w<\/p>\n\n\n\n<p>&nbsp;&nbsp;&nbsp;&nbsp;&nbsp;&nbsp;&nbsp;&nbsp;&nbsp;&nbsp;&nbsp;&nbsp;&nbsp;&nbsp;&nbsp;&nbsp;&nbsp;&nbsp;&nbsp; \u2013 modli si\u0119 rodzina<strong>&nbsp; &nbsp;&nbsp;<\/strong><\/p>\n\n\n\n<p><strong>12.3o \u2013 <\/strong>++ Magdalen\u0119 i Piotra Bogacz\u00f3w w rocz. ich \u015bm., ++ Ann\u0119 i Jana Drobnych w rocz. ich \u015bm. oraz<\/p>\n\n\n\n<p>&nbsp;&nbsp;&nbsp;&nbsp;&nbsp;&nbsp;&nbsp;&nbsp;&nbsp;&nbsp;&nbsp;&nbsp;&nbsp; &nbsp;++ z tych rodzin \u2013 modli si\u0119 Stanis\u0142aw<\/p>\n\n\n\n<p><strong>18.oo \u2013 <\/strong>zaj. P. \u017belazko<\/p>\n","protected":false},"excerpt":{"rendered":"<p>Sk\u0142adaj\u0105c Ofiar\u0119, kt\u00f3ra nam przypomina niezmierzon\u0105 mi\u0142o\u015b\u0107 Twojego Syna, pokornie prosimy Ci\u0119, Bo\u017ce, przyjmij intencje Twoich wiernych i spraw przez dzia\u0142anie Eucharystii, aby w naszych rodzinach wzrasta\u0142a prawdziwa wiara, \u015bwi\u0119to\u015b\u0107 \u017cycia, braterska mi\u0142o\u015b\u0107 i duch modlitwy. Niech Matka Naj\u015bwi\u0119tsza wyprosi \u0142aski, o kt\u00f3re modlili\u015bmy si\u0119 w tej Mszy \u015bw. dla&#8230; <a class=\"continue-reading-link\" href=\"http:\/\/parafia.scinawa.info\/index.php\/2025\/08\/02\/intencje-mszalne-03-08-10-08-2025\/\">Czytaj dalej <span class=\"meta-nav\">&rarr; <\/span><\/a><\/p>\n","protected":false},"author":2,"featured_media":0,"comment_status":"closed","ping_status":"closed","sticky":false,"template":"","format":"standard","meta":{"footnotes":""},"categories":[39],"tags":[],"class_list":["post-2977","post","type-post","status-publish","format-standard","hentry","category-intencje"],"_links":{"self":[{"href":"http:\/\/parafia.scinawa.info\/index.php\/wp-json\/wp\/v2\/posts\/2977","targetHints":{"allow":["GET"]}}],"collection":[{"href":"http:\/\/parafia.scinawa.info\/index.php\/wp-json\/wp\/v2\/posts"}],"about":[{"href":"http:\/\/parafia.scinawa.info\/index.php\/wp-json\/wp\/v2\/types\/post"}],"author":[{"embeddable":true,"href":"http:\/\/parafia.scinawa.info\/index.php\/wp-json\/wp\/v2\/users\/2"}],"replies":[{"embeddable":true,"href":"http:\/\/parafia.scinawa.info\/index.php\/wp-json\/wp\/v2\/comments?post=2977"}],"version-history":[{"count":1,"href":"http:\/\/parafia.scinawa.info\/index.php\/wp-json\/wp\/v2\/posts\/2977\/revisions"}],"predecessor-version":[{"id":2978,"href":"http:\/\/parafia.scinawa.info\/index.php\/wp-json\/wp\/v2\/posts\/2977\/revisions\/2978"}],"wp:attachment":[{"href":"http:\/\/parafia.scinawa.info\/index.php\/wp-json\/wp\/v2\/media?parent=2977"}],"wp:term":[{"taxonomy":"category","embeddable":true,"href":"http:\/\/parafia.scinawa.info\/index.php\/wp-json\/wp\/v2\/categories?post=2977"},{"taxonomy":"post_tag","embeddable":true,"href":"http:\/\/parafia.scinawa.info\/index.php\/wp-json\/wp\/v2\/tags?post=2977"}],"curies":[{"name":"wp","href":"https:\/\/api.w.org\/{rel}","templated":true}]}}