{"id":2979,"date":"2025-08-09T10:01:04","date_gmt":"2025-08-09T08:01:04","guid":{"rendered":"http:\/\/parafia.scinawa.info\/?p=2979"},"modified":"2025-08-09T10:01:04","modified_gmt":"2025-08-09T08:01:04","slug":"intencje-mszalne-10-08-17-08-2025","status":"publish","type":"post","link":"http:\/\/parafia.scinawa.info\/index.php\/2025\/08\/09\/intencje-mszalne-10-08-17-08-2025\/","title":{"rendered":"INTENCJE MSZALNE 10.08. \u00a0\u2013 17.08. 2025"},"content":{"rendered":"\n<p><strong><em>Sk\u0142adaj\u0105c Ofiar\u0119, kt\u00f3ra nam przypomina niezmierzon\u0105 mi\u0142o\u015b\u0107 Twojego Syna, pokornie prosimy Ci\u0119, Bo\u017ce, przyjmij intencje Twoich wiernych i spraw przez dzia\u0142anie Eucharystii, aby w naszych rodzinach wzrasta\u0142a prawdziwa wiara, \u015bwi\u0119to\u015b\u0107 \u017cycia, braterska mi\u0142o\u015b\u0107 i duch modlitwy. <\/em><\/strong><strong>Niech Matka Naj\u015bwi\u0119tsza wyprosi \u0142aski, o kt\u00f3re modlili\u015bmy si\u0119 w tej Mszy \u015bw. dla \u2026 Za\u015b zmar\u0142ym \u2026 za kt\u00f3rych odprawiali\u015bmy Msz\u0119 \u015bw.: <u>wieczny odpoczynek racz im da\u0107 Panie<\/u> (\u2026); niech odpoczywaj\u0105 w pokoju wiecznym. Amen<\/strong><\/p>\n\n\n\n<p><strong><u>10.08<em>. &#8211; NIEDZIELA&nbsp; <\/em><\/u><\/strong><em><\/em><\/p>\n\n\n\n<p><strong>8.oo \u2013 <\/strong>+ Krzysztofa \u2013 modli si\u0119 chrzestna z rodzin\u0105<strong><\/strong><\/p>\n\n\n\n<p><strong>11.oo \u2013 1) <\/strong>++ Mari\u0119 w 31 rocz. \u015bm. i J\u00f3zefa w 10 rocz. \u015bm. z rodziny Mizier\u00f3w oraz ++ dziadk\u00f3w z obu<\/p>\n\n\n\n<p>&nbsp;&nbsp;&nbsp;&nbsp;&nbsp;&nbsp;&nbsp;&nbsp;&nbsp;&nbsp;&nbsp;&nbsp;&nbsp;&nbsp;&nbsp;&nbsp;&nbsp; stron i dusze w czy\u015b\u0107cu cierpi\u0105ce<\/p>\n\n\n\n<p><strong>&nbsp;&nbsp;&nbsp;&nbsp;&nbsp;&nbsp;&nbsp;&nbsp;&nbsp;&nbsp;&nbsp;&nbsp;&nbsp; 2) <\/strong>w intencji Jamesa<strong> <\/strong>z racji przyj\u0119cia I Komunii \u015bw. dzi\u0119kczynna za otrzymane \u0142aski z pro\u015bb\u0105<\/p>\n\n\n\n<p>&nbsp;&nbsp;&nbsp;&nbsp;&nbsp;&nbsp;&nbsp;&nbsp;&nbsp;&nbsp;&nbsp;&nbsp;&nbsp;&nbsp;&nbsp;&nbsp;&nbsp;&nbsp; o zdrowie, &nbsp;dary Ducha \u015awi\u0119tego, Bo\u017ce b\u0142ogos\u0142awie\u0144stwo, opiek\u0119 NMP i \u015bw. Patron\u00f3w<\/p>\n\n\n\n<p>&nbsp;&nbsp;&nbsp;&nbsp;&nbsp;&nbsp;&nbsp;&nbsp;&nbsp;&nbsp;&nbsp;&nbsp;&nbsp;&nbsp;&nbsp;&nbsp;&nbsp;&nbsp;&nbsp; \u2013 modli si\u0119 rodzina<strong>&nbsp; &nbsp;&nbsp;<\/strong><\/p>\n\n\n\n<p><strong>12.3o \u2013 <\/strong>++ Magdalen\u0119 i Piotra Bogacz\u00f3w w rocz. ich \u015bm., ++ Ann\u0119 i Jana Drobnych w rocz. ich \u015bm. oraz<\/p>\n\n\n\n<p>&nbsp;&nbsp;&nbsp;&nbsp;&nbsp;&nbsp;&nbsp;&nbsp;&nbsp;&nbsp;&nbsp;&nbsp;&nbsp;&nbsp; ++ z tych rodzin \u2013 modli si\u0119 Stanis\u0142aw<\/p>\n\n\n\n<p><strong>18.oo \u2013 <\/strong>+ Barbar\u0119 w 12 rocz. \u015bm. oraz ++ Henryka, Stanis\u0142aw\u0119 i Janin\u0119 \u2013 modli si\u0119 rodzina<strong>&nbsp; &nbsp;<\/strong>&nbsp;<\/p>\n\n\n\n<p><strong><u>11.08<em>. \u2013 PONIEDZIA\u0141EK<\/em><\/u><\/strong><\/p>\n\n\n\n<p><strong>&nbsp; 7.oo \u2013 <\/strong>&nbsp;w 12 rocz. urodzin Martyny Wypych dzi\u0119kczynna za otrzymane \u0142aski z pro\u015bb\u0105 o zdrowie, dary<\/p>\n\n\n\n<p>&nbsp;&nbsp;&nbsp;&nbsp;&nbsp;&nbsp;&nbsp;&nbsp;&nbsp; Ducha \u015awi\u0119tego, Bo\u017ce b\u0142ogos\u0142awie\u0144stwo, opiek\u0119 NMP i \u015bw. Patron\u00f3w \u2013 modl\u0105 si\u0119 rodzice z siostr\u0105<\/p>\n\n\n\n<p><strong>18.oo \u2013 <\/strong>zaj. P. Bentkowski<\/p>\n\n\n\n<p><strong><u>12.08<em>. &#8211; WTOREK<\/em><\/u><\/strong><em><\/em><\/p>\n\n\n\n<p><strong>7.oo \u2013<\/strong><\/p>\n\n\n\n<p><strong>18.oo \u2013 <\/strong>++ Donat\u0119, Alfred\u0119, Zbigniewa, Stanis\u0142awa oraz ++ z rodziny Ciach\u00f3w, Fengler\u00f3w i \u015amiesza\u0142\u00f3w<\/p>\n\n\n\n<p>&nbsp;&nbsp;&nbsp;&nbsp;&nbsp;&nbsp;&nbsp;&nbsp;&nbsp;&nbsp;&nbsp;&nbsp;&nbsp; \u2013 modli si\u0119 rodzina<\/p>\n\n\n\n<p><strong><u>13.08<em>. \u2013 \u015aRODA<\/em><\/u><\/strong><\/p>\n\n\n\n<p><strong>&nbsp; 7.oo \u2013 <\/strong>++ rodzic\u00f3w: Franciszk\u0119 i Wojciecha, brata Edwarda z rodziny Marcin\u00f3w oraz + m\u0119\u017ca Mariana<\/p>\n\n\n\n<p>&nbsp;&nbsp;&nbsp;&nbsp;&nbsp;&nbsp;&nbsp;&nbsp;&nbsp;&nbsp;&nbsp;&nbsp;&nbsp; Michalewicza \u2013 modli si\u0119 \u017cona z rodzin\u0105<\/p>\n\n\n\n<p><strong>18.oo \u2013&nbsp; intencja zbiorowa nowennowa:<\/strong><\/p>\n\n\n\n<p><strong>1)<\/strong> w 85 rocz. urodzin Marii dzi\u0119kczynna za otrzymane \u0142aski z pro\u015bb\u0105 o zdrowie, dary Ducha \u015awi\u0119tego,<\/p>\n\n\n\n<p>&nbsp;&nbsp;&nbsp;&nbsp; Bo\u017ce b\u0142ogos\u0142awie\u0144stwo, opiek\u0119 NMP i \u015bw. Patron\u00f3w \u2013 modli si\u0119 rodzina<\/p>\n\n\n\n<p><strong>2)<\/strong> + Justyn\u0119 Cichut\u0119 w 10 rocz. \u015bm. \u2013 modli si\u0119 te\u015bciowa z c\u00f3rk\u0105<\/p>\n\n\n\n<p><strong>3)<\/strong> + Halin\u0119 Piech &#8211; 30 dzie\u0144 od pogrzebu &#8211; intencja od uczestnik\u00f3w Mszy pogrzebowej<\/p>\n\n\n\n<p><strong>4)<\/strong> + Marcina Dud\u0119 w 18 rocz. \u015bm., ++ Stanis\u0142aw\u0119, Salome\u0119, Mieczys\u0142awa, Tadeusza i ++ z rodziny<\/p>\n\n\n\n<p>&nbsp;&nbsp; &nbsp;Dud\u00f3w oraz + Stanis\u0142awa Czunia \u2013 modli si\u0119 rodzina<\/p>\n\n\n\n<p><strong>5)<\/strong> w 15 rocz. \u015blubu Wiolety i Adama Suszy\u0144skich&nbsp; dzi\u0119kczynna za otrzymane \u0142aski z pro\u015bb\u0105 o zdrowie,<\/p>\n\n\n\n<p>&nbsp;&nbsp;&nbsp;&nbsp; dary Ducha \u015awi\u0119tego, Bo\u017ce b\u0142ogos\u0142awie\u0144stwo, opiek\u0119 NMP i \u015bw. Patron\u00f3w \u2013 modli si\u0119 rodzina<\/p>\n\n\n\n<p><strong>6)<\/strong> ++ Bogdana, J\u00f3zef\u0119 i Edwarda z rodziny \u0141ach\u00f3w<\/p>\n\n\n\n<p><strong>7) <\/strong>+ Tomasza Szatkowskiego w 7 rocz. \u015bm., ++ rodzic\u00f3w z obu stron: Iren\u0119 i Mariana, Mari\u0119 z racji<\/p>\n\n\n\n<p>&nbsp;&nbsp;&nbsp;&nbsp; ziemskich imienin i Wac\u0142awa oraz + Stanis\u0142awa Sosnowskiego \u2013 modli si\u0119 rodzina<\/p>\n\n\n\n<p><strong><u>14.08<em>. \u2013 CZWARTEK <\/em><\/u><\/strong><em>&nbsp;<\/em><\/p>\n\n\n\n<p><strong>&nbsp; 7.oo \u2013<\/strong>&nbsp;<\/p>\n\n\n\n<p><strong>18.oo \u2013 <\/strong>+ Mari\u0119 Szpularz z racji ziemskich imienin oraz ++ z ca\u0142ej rodziny Szpularz\u00f3w \u2013 modli si\u0119 rodzina<\/p>\n\n\n\n<p><strong><u>15.08<em>. \u2013 PI\u0104TEK<\/em><\/u><\/strong><\/p>\n\n\n\n<p><strong>&nbsp; 8.oo \u2013 <\/strong>z okazji imienin dzi\u0119kczynna za otrzymane \u0142aski z pro\u015bb\u0105 o zdrowie, dary Ducha \u015awi\u0119tego,<\/p>\n\n\n\n<p>&nbsp;&nbsp;&nbsp;&nbsp;&nbsp;&nbsp;&nbsp;&nbsp;&nbsp;&nbsp;&nbsp;&nbsp;&nbsp; Bo\u017ce b\u0142ogos\u0142awie\u0144stwo, opiek\u0119 NMP i \u015bw. Patron\u00f3w<\/p>\n\n\n\n<p><strong>11.oo \u2013 &nbsp;za Ojczyzn\u0119<\/strong><\/p>\n\n\n\n<p><strong>18.oo \u2013 <\/strong>w intencji Zgromadzenia Si\u00f3str \u015bw. Jadwigi z podzi\u0119kowaniem, \u017ce siostry nadal zostaj\u0105 z nami<\/p>\n\n\n\n<p>&nbsp;&nbsp;&nbsp;&nbsp;&nbsp;&nbsp;&nbsp;&nbsp;&nbsp;&nbsp;&nbsp;&nbsp;&nbsp; z pro\u015bb\u0105 o powo\u0142ania do zakonu<\/p>\n\n\n\n<p><strong><em><u>16.08. \u2013 SOBOTA<\/u><\/em><\/strong><\/p>\n\n\n\n<p><strong>&nbsp; &nbsp;&nbsp;7.oo \u2013<\/strong> ++siostr\u0119 Iren\u0119, Boles\u0142awa, Mari\u0119 i Zenona, za dusze w czy\u015b\u0107cu cierpi\u0105ce \u2013 modli si\u0119 rodzina<\/p>\n\n\n\n<p><strong>18.oo \u2013<\/strong> zaj. P. Marynowicz<\/p>\n\n\n\n<p><strong><em><u>17.08. \u2013 NIEDZIELA&nbsp;<\/u><\/em><\/strong><\/p>\n\n\n\n<p><strong>&nbsp; 8.oo \u2013 <\/strong>+ m\u0119\u017ca J\u00f3zefa Mazurkiewicza, ++ rodzic\u00f3w, rodze\u0144stwo, ich wsp\u00f3\u0142ma\u0142\u017conk\u00f3w i dzieci oraz<\/p>\n\n\n\n<p>&nbsp;&nbsp;&nbsp;&nbsp;&nbsp;&nbsp;&nbsp;&nbsp;&nbsp;&nbsp;&nbsp;&nbsp;&nbsp;&nbsp; babcie i dziadk\u00f3w z obu stron \u2013 modli si\u0119 Eugenia z rodzin\u0105<\/p>\n\n\n\n<p><strong>11.oo \u2013 <\/strong>w 1 rocz. \u015blubu Ilony i Grzegorza oraz za ich c\u00f3rk\u0119 Michalin\u0119&nbsp; dzi\u0119kczynna za otrzymane \u0142aski<\/p>\n\n\n\n<p>&nbsp;&nbsp;&nbsp;&nbsp;&nbsp;&nbsp;&nbsp;&nbsp;&nbsp;&nbsp;&nbsp;&nbsp;&nbsp; z pro\u015bb\u0105 o zdrowie, dary Ducha \u015awi\u0119tego, Bo\u017ce b\u0142ogos\u0142awie\u0144stwo, opiek\u0119 NMP i \u015bw. Patron\u00f3w<\/p>\n\n\n\n<p>&nbsp;&nbsp;&nbsp;&nbsp;&nbsp;&nbsp;&nbsp;&nbsp;&nbsp;&nbsp;&nbsp;&nbsp;&nbsp; \u2013 modl\u0105 si\u0119 rodzice<\/p>\n\n\n\n<p><strong>12.3o \u2013 1) <\/strong>+ J\u00f3zefa Poraszk\u0119 w 8 rocz. \u015bm. \u2013 modli si\u0119 \u017cona z rodzin\u0105<\/p>\n\n\n\n<p><strong>&nbsp;&nbsp;&nbsp;&nbsp;&nbsp;&nbsp;&nbsp;&nbsp;&nbsp;&nbsp;&nbsp;&nbsp; 2) <\/strong>+ m\u0119\u017ca W\u0142adys\u0142awa Pa\u0144czyszyna w 3 rocz. \u015bm., ++ rodzic\u00f3w: Zofi\u0119 i Micha\u0142a<\/p>\n\n\n\n<p>&nbsp;&nbsp;&nbsp;&nbsp;&nbsp;&nbsp;&nbsp;&nbsp;&nbsp;&nbsp;&nbsp;&nbsp;&nbsp;&nbsp;&nbsp;&nbsp; oraz siostr\u0119 Helen\u0119 \u2013 modli si\u0119 \u017cona z rodzin\u0105<\/p>\n\n\n\n<p><strong>18.oo \u2013 <\/strong>+ Agnieszk\u0119 Weiss \u2013 modli si\u0119 ciocia Ania z rodzin\u0105<\/p>\n","protected":false},"excerpt":{"rendered":"<p>Sk\u0142adaj\u0105c Ofiar\u0119, kt\u00f3ra nam przypomina niezmierzon\u0105 mi\u0142o\u015b\u0107 Twojego Syna, pokornie prosimy Ci\u0119, Bo\u017ce, przyjmij intencje Twoich wiernych i spraw przez dzia\u0142anie Eucharystii, aby w naszych rodzinach wzrasta\u0142a prawdziwa wiara, \u015bwi\u0119to\u015b\u0107 \u017cycia, braterska mi\u0142o\u015b\u0107 i duch modlitwy. Niech Matka Naj\u015bwi\u0119tsza wyprosi \u0142aski, o kt\u00f3re modlili\u015bmy si\u0119 w tej Mszy \u015bw. dla&#8230; <a class=\"continue-reading-link\" href=\"http:\/\/parafia.scinawa.info\/index.php\/2025\/08\/09\/intencje-mszalne-10-08-17-08-2025\/\">Czytaj dalej <span class=\"meta-nav\">&rarr; <\/span><\/a><\/p>\n","protected":false},"author":2,"featured_media":0,"comment_status":"closed","ping_status":"closed","sticky":false,"template":"","format":"standard","meta":{"footnotes":""},"categories":[39],"tags":[],"class_list":["post-2979","post","type-post","status-publish","format-standard","hentry","category-intencje"],"_links":{"self":[{"href":"http:\/\/parafia.scinawa.info\/index.php\/wp-json\/wp\/v2\/posts\/2979","targetHints":{"allow":["GET"]}}],"collection":[{"href":"http:\/\/parafia.scinawa.info\/index.php\/wp-json\/wp\/v2\/posts"}],"about":[{"href":"http:\/\/parafia.scinawa.info\/index.php\/wp-json\/wp\/v2\/types\/post"}],"author":[{"embeddable":true,"href":"http:\/\/parafia.scinawa.info\/index.php\/wp-json\/wp\/v2\/users\/2"}],"replies":[{"embeddable":true,"href":"http:\/\/parafia.scinawa.info\/index.php\/wp-json\/wp\/v2\/comments?post=2979"}],"version-history":[{"count":1,"href":"http:\/\/parafia.scinawa.info\/index.php\/wp-json\/wp\/v2\/posts\/2979\/revisions"}],"predecessor-version":[{"id":2980,"href":"http:\/\/parafia.scinawa.info\/index.php\/wp-json\/wp\/v2\/posts\/2979\/revisions\/2980"}],"wp:attachment":[{"href":"http:\/\/parafia.scinawa.info\/index.php\/wp-json\/wp\/v2\/media?parent=2979"}],"wp:term":[{"taxonomy":"category","embeddable":true,"href":"http:\/\/parafia.scinawa.info\/index.php\/wp-json\/wp\/v2\/categories?post=2979"},{"taxonomy":"post_tag","embeddable":true,"href":"http:\/\/parafia.scinawa.info\/index.php\/wp-json\/wp\/v2\/tags?post=2979"}],"curies":[{"name":"wp","href":"https:\/\/api.w.org\/{rel}","templated":true}]}}