{"id":3005,"date":"2025-08-30T12:45:31","date_gmt":"2025-08-30T10:45:31","guid":{"rendered":"http:\/\/parafia.scinawa.info\/?p=3005"},"modified":"2025-08-30T12:45:31","modified_gmt":"2025-08-30T10:45:31","slug":"ogloszenia-duszpasterskie-22-niedziela-zwykla-31-08-2025","status":"publish","type":"post","link":"http:\/\/parafia.scinawa.info\/index.php\/2025\/08\/30\/ogloszenia-duszpasterskie-22-niedziela-zwykla-31-08-2025\/","title":{"rendered":"Og\u0142oszenia duszpasterskie &#8211; 22 Niedziela zwyk\u0142a \u2013 31.08. 2025"},"content":{"rendered":"\n<p><strong><u>1<\/u><\/strong><strong>.<\/strong> Dzi\u015b prze\u017cywamy <strong>22 Niedziel\u0119 zwyk\u0142\u0105<\/strong>. Msze \u015bw. wed\u0142ug porz\u0105dku niedzielnego (<strong><em><u>przedwakacyjnego<\/u><\/em><\/strong>).<\/p>\n\n\n\n<p><strong><u>3.<\/u><\/strong> Codziennie spowied\u017a i adoracja Naj\u015bwi\u0119tszego Sakramentu o godz. <strong>17<sup>00<\/sup>.<\/strong><\/p>\n\n\n\n<p><strong><u>4. <\/u><\/strong><strong>W tym tygodniu nabo\u017ce\u0144stwa:<\/strong><\/p>\n\n\n\n<p><strong>&#8211; <u>w poniedzia\u0142ek&nbsp; <\/u>&#8211; <\/strong>nabo\u017ce\u0144stwo<strong> <em>do Bo\u017cego Mi\u0142osierdzia <\/em><\/strong>o <strong>17<sup>30<\/sup><\/strong><\/p>\n\n\n\n<p><strong>&#8211;<\/strong> <strong><u>w \u015brod\u0119<\/u><\/strong> &nbsp;&nbsp;&nbsp;&nbsp;&nbsp;&nbsp;&nbsp;&nbsp;&nbsp;&nbsp;&nbsp;&nbsp;&nbsp;<strong>&#8211; <\/strong>nabo\u017ce\u0144stwo<strong> <em>do<\/em><\/strong> <strong><em>NMP Nieustaj\u0105cej Pomocy<\/em><\/strong>&nbsp; o <strong>17<sup>30<\/sup><\/strong><\/p>\n\n\n\n<p><strong>&#8211;<\/strong> <strong><u>w czwartek<\/u>&nbsp;&nbsp;&nbsp;&nbsp;&nbsp;&nbsp;<\/strong> &#8211;&nbsp; nabo\u017ce\u0144stwo <strong>I czwartku miesi\u0105ca <\/strong>o <strong>17<sup>30<\/sup><\/strong><\/p>\n\n\n\n<p><strong>&#8211;<\/strong> <strong><u>w pi\u0105tek<\/u>&nbsp;&nbsp;<\/strong> &nbsp;&nbsp;&nbsp;&nbsp;&nbsp;&nbsp;&nbsp; &#8211;&nbsp; nabo\u017ce\u0144stwo <strong>I pi\u0105tku miesi\u0105ca <\/strong>o <strong>17<sup>30<\/sup><\/strong><\/p>\n\n\n\n<p><strong><u>5.<\/u><\/strong><strong> <\/strong>W tym tygodniu obchodzimy:<strong><\/strong><\/p>\n\n\n\n<p><strong>&#8211; <u>w poniedzia\u0142ek<\/u> \u2013 <\/strong>pocz\u0105tek nowego roku szkolnego. Msza w intencji dzieci, m\u0142odzie\u017cy, nauczycieli, katechet\u00f3w i wychowawc\u00f3w oraz za Ojczyzn\u0119 \u2013 1 wrze\u015bnia &#8211; o godz. <strong>8<sup>00<\/sup><\/strong><\/p>\n\n\n\n<p><strong>&#8211; <u>w \u015brod\u0119<\/u> \u2013 <\/strong>wspomnienie \u015bw. Grzegorza Wielkiego, papie\u017ca i doktora Ko\u015bcio\u0142a<\/p>\n\n\n\n<p><strong><u>6.<\/u><\/strong> W tym tygodniu obchodzimy I czwartek, I pi\u0105tek i I sobot\u0119 miesi\u0105ca.<\/p>\n\n\n\n<p><strong><u>7<\/u><\/strong><strong>. <em>Odwiedziny chorych w I pi\u0105tek miesi\u0105ca od godz. 8.30.<\/em><\/strong> Prosimy o zg\u0142aszanie nowych chorych do odwiedzin na pierwsze pi\u0105tki miesi\u0105ca.<\/p>\n\n\n\n<p><strong><u>8.<\/u><\/strong> <strong><em><u>W sobot\u0119 o godz. 17<sup>00<\/sup> nabo\u017ce\u0144stwo fatimskie I soboty miesi\u0105ca<\/u><\/em><\/strong>.<\/p>\n\n\n\n<p><strong><u>9<\/u><\/strong><strong>. <\/strong>W przysz\u0142\u0105 niedziel\u0119 b\u0119dziemy prze\u017cywa\u0107 <strong>23 Niedziel\u0119 zwyk\u0142\u0105<\/strong>. Msze \u015bw. wed\u0142ug porz\u0105dku niedzielnego. Zmiana tajemnic \u017bywego R\u00f3\u017ca\u0144ca o <strong>10<sup>30<\/sup>.<\/strong> Na Mszy o <strong><em><u>12<sup>30<\/sup><\/u><\/em><\/strong> po\u015bwiecenie tornistr\u00f3w.<\/p>\n\n\n\n<p><strong><u>10<\/u><\/strong><strong>.<\/strong> Kancelaria czynna codziennie po Mszy \u015bw. wieczornej z wyj\u0105tkiem niedziel, uroczysto\u015bci i \u015bwi\u0105t.<\/p>\n\n\n\n<p><strong><u>11<\/u><\/strong><strong>.<\/strong> Do nabycia jest prasa katolicka: Niedziela, Go\u015b\u0107 Niedzielny, Ma\u0142y GN i R\u00f3\u017caniec.<\/p>\n\n\n\n<p><strong><u>12<\/u><\/strong><strong>.<\/strong> Dzi\u0119kuj\u0119 wszystkim, kt\u00f3rzy w tym tygodniu sprz\u0105tali \u015bwi\u0105tyni\u0119 i przygotowali j\u0105 na nasze spotkanie eucharystyczne.<\/p>\n\n\n\n<p><strong><u>13<\/u><\/strong><strong>.<\/strong> Serdeczne B\u00f3g zap\u0142a\u0107 za ofiary sk\u0142adane na remonty w naszej parafii.<\/p>\n\n\n\n<p><a><strong><u>14<\/u><\/strong><\/a><strong>.<\/strong> Intencje mszalne \u2013 obrazki<\/p>\n\n\n\n<p><strong><u>15<\/u><\/strong><strong>. <\/strong>Od wrze\u015bnia raz w miesi\u0105cu spotkania<strong><em> dla rodzic\u00f3w i dzieci o godz. 12<sup>30<\/sup>.<\/em><\/strong><\/p>\n\n\n\n<p>&#8211; <strong>I niedziela miesi\u0105ca<\/strong> &nbsp; \u2013 klasy I<\/p>\n\n\n\n<p>&#8211; <strong>II niedziela miesi\u0105ca<\/strong> \u2013 klasy II<\/p>\n\n\n\n<p>&#8211; <strong>III niedziela miesi\u0105ca<\/strong> \u2013 klasy III<\/p>\n\n\n\n<p>&#8211; <strong>IV niedziela miesi\u0105ca<\/strong> \u2013 klasy IV<\/p>\n\n\n\n<p><em>\u017byczymy mi\u0142ego tygodnia i obfitych \u0142ask Bo\u017cych.<\/em><\/p>\n\n\n\n<p><\/p>\n","protected":false},"excerpt":{"rendered":"<p>1. Dzi\u015b prze\u017cywamy 22 Niedziel\u0119 zwyk\u0142\u0105. Msze \u015bw. wed\u0142ug porz\u0105dku niedzielnego (przedwakacyjnego). 3. Codziennie spowied\u017a i adoracja Naj\u015bwi\u0119tszego Sakramentu o godz. 1700. 4. W tym tygodniu nabo\u017ce\u0144stwa: &#8211; w poniedzia\u0142ek&nbsp; &#8211; nabo\u017ce\u0144stwo do Bo\u017cego Mi\u0142osierdzia o 1730 &#8211; w \u015brod\u0119 &nbsp;&nbsp;&nbsp;&nbsp;&nbsp;&nbsp;&nbsp;&nbsp;&nbsp;&nbsp;&nbsp;&nbsp;&nbsp;&#8211; nabo\u017ce\u0144stwo do NMP Nieustaj\u0105cej Pomocy&nbsp; o 1730 &#8211; w&#8230; <a class=\"continue-reading-link\" href=\"http:\/\/parafia.scinawa.info\/index.php\/2025\/08\/30\/ogloszenia-duszpasterskie-22-niedziela-zwykla-31-08-2025\/\">Czytaj dalej <span class=\"meta-nav\">&rarr; <\/span><\/a><\/p>\n","protected":false},"author":2,"featured_media":0,"comment_status":"closed","ping_status":"closed","sticky":false,"template":"","format":"standard","meta":{"footnotes":""},"categories":[40],"tags":[],"class_list":["post-3005","post","type-post","status-publish","format-standard","hentry","category-ogloszenia-duszpasterskie"],"_links":{"self":[{"href":"http:\/\/parafia.scinawa.info\/index.php\/wp-json\/wp\/v2\/posts\/3005","targetHints":{"allow":["GET"]}}],"collection":[{"href":"http:\/\/parafia.scinawa.info\/index.php\/wp-json\/wp\/v2\/posts"}],"about":[{"href":"http:\/\/parafia.scinawa.info\/index.php\/wp-json\/wp\/v2\/types\/post"}],"author":[{"embeddable":true,"href":"http:\/\/parafia.scinawa.info\/index.php\/wp-json\/wp\/v2\/users\/2"}],"replies":[{"embeddable":true,"href":"http:\/\/parafia.scinawa.info\/index.php\/wp-json\/wp\/v2\/comments?post=3005"}],"version-history":[{"count":1,"href":"http:\/\/parafia.scinawa.info\/index.php\/wp-json\/wp\/v2\/posts\/3005\/revisions"}],"predecessor-version":[{"id":3006,"href":"http:\/\/parafia.scinawa.info\/index.php\/wp-json\/wp\/v2\/posts\/3005\/revisions\/3006"}],"wp:attachment":[{"href":"http:\/\/parafia.scinawa.info\/index.php\/wp-json\/wp\/v2\/media?parent=3005"}],"wp:term":[{"taxonomy":"category","embeddable":true,"href":"http:\/\/parafia.scinawa.info\/index.php\/wp-json\/wp\/v2\/categories?post=3005"},{"taxonomy":"post_tag","embeddable":true,"href":"http:\/\/parafia.scinawa.info\/index.php\/wp-json\/wp\/v2\/tags?post=3005"}],"curies":[{"name":"wp","href":"https:\/\/api.w.org\/{rel}","templated":true}]}}