{"id":3011,"date":"2025-09-06T11:54:13","date_gmt":"2025-09-06T09:54:13","guid":{"rendered":"http:\/\/parafia.scinawa.info\/?p=3011"},"modified":"2025-09-06T11:54:13","modified_gmt":"2025-09-06T09:54:13","slug":"ogloszenia-duszpasterskie-23-niedziela-zwykla-07-09-2025","status":"publish","type":"post","link":"http:\/\/parafia.scinawa.info\/index.php\/2025\/09\/06\/ogloszenia-duszpasterskie-23-niedziela-zwykla-07-09-2025\/","title":{"rendered":"Og\u0142oszenia duszpasterskie &#8211; 23 Niedziela zwyk\u0142a \u2013 07.09. 2025"},"content":{"rendered":"\n<p><strong><u>1<\/u><\/strong><strong>.<\/strong> Dzi\u015b prze\u017cywamy <strong>23 Niedziel\u0119 zwyk\u0142\u0105<\/strong>. Msze \u015bw. wed\u0142ug porz\u0105dku niedzielnego. Zmiana tajemnic \u017bywego R\u00f3\u017ca\u0144ca o <strong>10<sup>30<\/sup>.<\/strong> Na Mszy o <strong><em><u>12<sup>30<\/sup><\/u><\/em><\/strong> po\u015bwiecenie tornistr\u00f3w. Spotkania<strong><em> dla rodzic\u00f3w i dzieci<\/em><\/strong> klas I<strong><em> o godz. 12<sup>30<\/sup>.<\/em><\/strong><\/p>\n\n\n\n<p><strong><u>3.<\/u><\/strong> Codziennie spowied\u017a i adoracja Naj\u015bwi\u0119tszego Sakramentu o godz. <strong>17<sup>00<\/sup>.<\/strong><\/p>\n\n\n\n<p><strong><u>4. <\/u><\/strong><strong>W tym tygodniu nabo\u017ce\u0144stwa:<\/strong><\/p>\n\n\n\n<p><strong>&#8211; <u>w poniedzia\u0142ek&nbsp; <\/u>&#8211; <\/strong>nabo\u017ce\u0144stwo<strong> <em>do Bo\u017cego Mi\u0142osierdzia <\/em><\/strong>o <strong>17<sup>30<\/sup><\/strong><\/p>\n\n\n\n<p><strong>&#8211;<\/strong> <strong><u>w \u015brod\u0119<\/u><\/strong> &nbsp;&nbsp;&nbsp;&nbsp;&nbsp;&nbsp;&nbsp;&nbsp;&nbsp;&nbsp;&nbsp;&nbsp;&nbsp;<strong>&#8211; <\/strong>nabo\u017ce\u0144stwo<strong> <em>do<\/em><\/strong> <strong><em>NMP Nieustaj\u0105cej Pomocy<\/em><\/strong>&nbsp; o <strong>17<sup>30<\/sup><\/strong><\/p>\n\n\n\n<p><strong>&#8211; <u>w sobot\u0119<\/u> &nbsp;&nbsp;&nbsp;&nbsp;&nbsp;&nbsp;&nbsp;&nbsp;&nbsp; &#8211;<\/strong> nabo\u017ce\u0144stwo<strong>fatimskie 13 dnia miesi\u0105ca<\/strong><em> po Mszy \u015bw.<\/em> o godz. <strong>18<sup>30<\/sup><\/strong><\/p>\n\n\n\n<p><strong><u>5.<\/u><\/strong><strong> <\/strong>W tym tygodniu obchodzimy:<strong><\/strong><\/p>\n\n\n\n<p><strong>&#8211; <u>w poniedzia\u0142ek<\/u> \u2013 <\/strong>\u015bwi\u0119to Narodzenia NMP, po\u015bwiecenie ziarna na siew,<strong><em><u> W R\u0119szowie<\/u><\/em><\/strong><\/p>\n\n\n\n<p><strong><em>&nbsp;&nbsp;&nbsp;&nbsp;&nbsp;&nbsp;&nbsp;&nbsp;&nbsp;&nbsp;&nbsp;&nbsp;&nbsp;&nbsp;&nbsp;&nbsp;&nbsp;&nbsp;&nbsp;&nbsp;&nbsp;&nbsp;&nbsp;&nbsp;&nbsp;&nbsp;&nbsp; &nbsp;&nbsp;Msza \u015bw. odpustowa o godz. 18<sup>00<\/sup><\/em><\/strong><\/p>\n\n\n\n<p>&#8211; <strong>w sobot\u0119 &nbsp;&nbsp;&nbsp;&nbsp;&nbsp;&nbsp;&nbsp;&nbsp;&nbsp; <\/strong>\u2013 wspomnienie \u015bw. Jana Chryzostoma, biskupa i doktora Ko\u015bcio\u0142a<\/p>\n\n\n\n<p><strong><u>6<\/u><\/strong><strong>. <\/strong>W przysz\u0142\u0105 niedziel\u0119 b\u0119dziemy prze\u017cywa\u0107 <strong>24 Niedziel\u0119 zwyk\u0142\u0105 i<em><u> w naszej parafii uroczysto\u015b\u0107 Podwy\u017cszenia Krzy\u017ca \u015awi\u0119tego<\/u><\/em><\/strong>. Msze \u015bw. wed\u0142ug nast\u0119puj\u0105cego porz\u0105dku:<strong> R\u0119sz\u00f3w \u2013 9<sup>30<\/sup>, a w \u015acinawie:<\/strong> <strong><u>8<sup>00<\/sup>, 9<sup>30<\/sup>, 11<sup>00<\/sup>&nbsp; i 14<sup>00<\/sup><\/u> \u2013 uroczysta suma odpustowa, kt\u00f3rej b\u0119dzie przewodniczy\u0142 ks. Piotr \u017bemojda. <\/strong>W przysz\u0142\u0105 niedziel\u0119 <strong>nie b\u0119dzie Mszy o godz. 12<sup>30<\/sup> i 18<sup>00<\/sup>.<\/strong><\/p>\n\n\n\n<p><strong><u>7<\/u><\/strong><strong>.<\/strong> Kancelaria czynna codziennie po Mszy \u015bw. wieczornej z wyj\u0105tkiem niedziel, uroczysto\u015bci i \u015bwi\u0105t.<\/p>\n\n\n\n<p><strong><u>8<\/u><\/strong><strong>.<\/strong> Do nabycia jest prasa katolicka: Niedziela, Go\u015b\u0107 Niedzielny, Ma\u0142y GN i R\u00f3\u017caniec.<\/p>\n\n\n\n<p><strong><u>9<\/u><\/strong><strong>.<\/strong> Dzi\u0119kuj\u0119 wszystkim, kt\u00f3rzy w tym tygodniu sprz\u0105tali \u015bwi\u0105tyni\u0119 i przygotowali j\u0105 na nasze spotkanie eucharystyczne.<\/p>\n\n\n\n<p><strong><u>10<\/u><\/strong><strong>.<\/strong> Serdeczne B\u00f3g zap\u0142a\u0107 za ofiary sk\u0142adane na remonty w naszej parafii.<\/p>\n\n\n\n<p><strong><u>11<\/u><\/strong><strong>.<\/strong> Intencje mszalne \u2013 obrazki<\/p>\n\n\n\n<p><strong><u>12.<\/u><\/strong> Dnia 27 wrze\u015bnia zapraszamy na <strong><em><u>pielgrzymk\u0119 dekanaln\u0105<\/u><\/em><\/strong> z racji Roku Jubileuszowego do Legnicy. Wyjazd ze \u015acinawy o godz. 10.00. Koszt autokaru oko\u0142o 35 z\u0142. <strong><em>Zapisy w ca\u0142ym Dekanacie do 14 wrze\u015bnia.<\/em><\/strong><\/p>\n\n\n\n<p><strong><u>13.<\/u><\/strong>Spotkanie dla <strong>rodzic\u00f3w uczni\u00f3w z klas 6,7 i 8<\/strong> przygotowuj\u0105cych si\u0119 do sakramentu bierzmowania, odb\u0119dzie si\u0119 we wtorek po Mszy \u015bwi\u0119tej wieczornej <strong>o godzinie 18.45 w ko\u015bciele.<\/strong><\/p>\n\n\n\n<p><strong><u>14.<\/u><\/strong>Zapraszamy wszystkie ch\u0119tne dzieci i m\u0142odzie\u017c na spotkania grupy dzieci\u0119co-m\u0142odzie\u017cowej, kt\u00f3re b\u0119d\u0105 odbywa\u0142y si\u0119 w <strong>ka\u017cdy czwartek o godzinie 18.45 na salce parafialnej.<\/strong><\/p>\n\n\n\n<p><strong><u>15.<\/u><\/strong>W przysz\u0142y <strong>pi\u0105tek tj. 12.09.2025r.<\/strong> po Mszy \u015awi\u0119tej wieczornej, na salce parafialnej odb\u0119dzie si\u0119 spotkanie dla <strong>rodzic\u00f3w Liturgicznej S\u0142u\u017cby O\u0142tarza<\/strong>. Na spotkanie zapraszamy rodzic\u00f3w wraz z synami.&nbsp; <strong>Bardzo prosimy o obecno\u015b\u0107.<\/strong><\/p>\n\n\n\n<p><strong><u>16.<\/u><\/strong>Wszystkich ch\u0142opc\u00f3w, kt\u00f3rzy chcieliby zosta\u0107 ministrantami zapraszamy do zapis\u00f3w u ksi\u0119dza Tomasza. Spotkanie integracyjne <strong>wszystkich kandydat\u00f3w oraz ich rodzic\u00f3w odb\u0119dzie si\u0119 w poniedzia\u0142ek 15.09.2025r.<\/strong> w salce parafialnej bezpo\u015brednio po Mszy \u015awi\u0119tej wieczornej.<\/p>\n\n\n\n<p><strong><u>17.<\/u><\/strong><strong>W przysz\u0142\u0105 niedziel\u0119<\/strong> jak co roku z racji odpustu parafialnego po zako\u0144czeniu ka\u017cdej Mszy \u015awi\u0119tej, <strong>dzieci i m\u0142odzie\u017c b\u0119d\u0105 sprzedawa\u0142y ciasto<\/strong>. Pieni\u0105dze zebrane ze sprzeda\u017cy przeznaczone b\u0119d\u0105 na potrzeby dzieci i m\u0142odzie\u017cy nale\u017c\u0105ce do naszej wsp\u00f3lnoty. Sk\u0142adamy serdeczne B\u00f3g zap\u0142a\u0107 za wszystkie ofiary.<\/p>\n\n\n\n<p><em>\u017byczymy mi\u0142ego tygodnia i obfitych \u0142ask Bo\u017cych.<\/em><\/p>\n","protected":false},"excerpt":{"rendered":"<p>1. Dzi\u015b prze\u017cywamy 23 Niedziel\u0119 zwyk\u0142\u0105. Msze \u015bw. wed\u0142ug porz\u0105dku niedzielnego. Zmiana tajemnic \u017bywego R\u00f3\u017ca\u0144ca o 1030. Na Mszy o 1230 po\u015bwiecenie tornistr\u00f3w. Spotkania dla rodzic\u00f3w i dzieci klas I o godz. 1230. 3. Codziennie spowied\u017a i adoracja Naj\u015bwi\u0119tszego Sakramentu o godz. 1700. 4. W tym tygodniu nabo\u017ce\u0144stwa: &#8211; w&#8230; <a class=\"continue-reading-link\" href=\"http:\/\/parafia.scinawa.info\/index.php\/2025\/09\/06\/ogloszenia-duszpasterskie-23-niedziela-zwykla-07-09-2025\/\">Czytaj dalej <span class=\"meta-nav\">&rarr; <\/span><\/a><\/p>\n","protected":false},"author":2,"featured_media":0,"comment_status":"closed","ping_status":"closed","sticky":false,"template":"","format":"standard","meta":{"footnotes":""},"categories":[40],"tags":[],"class_list":["post-3011","post","type-post","status-publish","format-standard","hentry","category-ogloszenia-duszpasterskie"],"_links":{"self":[{"href":"http:\/\/parafia.scinawa.info\/index.php\/wp-json\/wp\/v2\/posts\/3011","targetHints":{"allow":["GET"]}}],"collection":[{"href":"http:\/\/parafia.scinawa.info\/index.php\/wp-json\/wp\/v2\/posts"}],"about":[{"href":"http:\/\/parafia.scinawa.info\/index.php\/wp-json\/wp\/v2\/types\/post"}],"author":[{"embeddable":true,"href":"http:\/\/parafia.scinawa.info\/index.php\/wp-json\/wp\/v2\/users\/2"}],"replies":[{"embeddable":true,"href":"http:\/\/parafia.scinawa.info\/index.php\/wp-json\/wp\/v2\/comments?post=3011"}],"version-history":[{"count":1,"href":"http:\/\/parafia.scinawa.info\/index.php\/wp-json\/wp\/v2\/posts\/3011\/revisions"}],"predecessor-version":[{"id":3012,"href":"http:\/\/parafia.scinawa.info\/index.php\/wp-json\/wp\/v2\/posts\/3011\/revisions\/3012"}],"wp:attachment":[{"href":"http:\/\/parafia.scinawa.info\/index.php\/wp-json\/wp\/v2\/media?parent=3011"}],"wp:term":[{"taxonomy":"category","embeddable":true,"href":"http:\/\/parafia.scinawa.info\/index.php\/wp-json\/wp\/v2\/categories?post=3011"},{"taxonomy":"post_tag","embeddable":true,"href":"http:\/\/parafia.scinawa.info\/index.php\/wp-json\/wp\/v2\/tags?post=3011"}],"curies":[{"name":"wp","href":"https:\/\/api.w.org\/{rel}","templated":true}]}}