{"id":3021,"date":"2025-09-13T12:47:52","date_gmt":"2025-09-13T10:47:52","guid":{"rendered":"http:\/\/parafia.scinawa.info\/?p=3021"},"modified":"2025-09-13T12:47:52","modified_gmt":"2025-09-13T10:47:52","slug":"ogloszenia-duszpasterskie-24-niedziela-zwykla-14-09-2025","status":"publish","type":"post","link":"http:\/\/parafia.scinawa.info\/index.php\/2025\/09\/13\/ogloszenia-duszpasterskie-24-niedziela-zwykla-14-09-2025\/","title":{"rendered":"Og\u0142oszenia duszpasterskie &#8211; 24 Niedziela zwyk\u0142a \u2013 14.09. 2025"},"content":{"rendered":"\n<p><strong><u>1<\/u><\/strong><strong>.<\/strong> Dzi\u015b prze\u017cywamy <strong>24 Niedziel\u0119 zwyk\u0142\u0105 i<em><u> w naszej parafii uroczysto\u015b\u0107 Podwy\u017cszenia Krzy\u017ca \u015awi\u0119tego<\/u><\/em><\/strong>. Msze \u015bw. wed\u0142ug nast\u0119puj\u0105cego porz\u0105dku:<strong> R\u0119sz\u00f3w \u2013 9<sup>30<\/sup>, a w \u015acinawie:<\/strong> <strong><u>8<sup>00<\/sup>, 9<sup>30<\/sup>, 11<sup>00<\/sup>&nbsp; i 14<sup>00<\/sup><\/u> \u2013 uroczysta suma odpustowa, kt\u00f3rej b\u0119dzie przewodniczy\u0142 ks. Piotr \u017bemojda.<\/strong><\/p>\n\n\n\n<p><strong><u>2. <\/u><\/strong>Dzisiaj nie ma<strong> Mszy o godz. 12<sup>30<\/sup> i 18<sup>00<\/sup>.<\/strong> Dzieci do IV klasy w\u0142\u0105cznie zapraszam po ka\u017cdej Mszy po odbi\u00f3r planszy i obrazk\u00f3w.<\/p>\n\n\n\n<p><strong><u>3.<\/u><\/strong> Codziennie spowied\u017a i adoracja Naj\u015bwi\u0119tszego Sakramentu o godz. <strong>17<sup>00<\/sup>.<\/strong><\/p>\n\n\n\n<p><strong><u>4. <\/u><\/strong><strong>W tym tygodniu nabo\u017ce\u0144stwa:<\/strong><\/p>\n\n\n\n<p>&#8211; od <strong><em>14 do 22 wrze\u015bnia<\/em><\/strong> codziennie nowenna do \u015bw. Ojca <em>Pio <u>( w niedziel\u0119 14 wrze\u015bnia o godz. <\/u><\/em>13<sup>40<\/sup><em>, a w kolejne dni o godz. <\/em>17<sup>30<\/sup> oraz<\/p>\n\n\n\n<p><strong>&#8211; <u>w poniedzia\u0142ek<\/u>&nbsp; &nbsp;&#8211; <\/strong>nabo\u017ce\u0144stwo<strong> <em>do Bo\u017cego Mi\u0142osierdzia &nbsp;<\/em><\/strong>o <strong>17<sup>30<\/sup><\/strong><\/p>\n\n\n\n<p><strong>&#8211; <u>we wtorek<\/u>&nbsp; &nbsp;&nbsp;&nbsp;&nbsp;&nbsp;&nbsp;&nbsp;&nbsp;&nbsp; &nbsp;&#8211; <\/strong>nabo\u017ce\u0144stwo<strong> <em>do \u015bw. Jana Paw\u0142a II <\/em><\/strong>o <strong>17<sup>30<\/sup><\/strong><\/p>\n\n\n\n<p><strong>&#8211;<\/strong> <strong><u>w \u015brod\u0119<\/u><\/strong> &nbsp;&nbsp;&nbsp;&nbsp;&nbsp;&nbsp;&nbsp;&nbsp;&nbsp;&nbsp;&nbsp;&nbsp;&nbsp;<strong>&#8211; <\/strong>nabo\u017ce\u0144stwo<strong> <em>do<\/em><\/strong> <strong><em>NMP Nieustaj\u0105cej Pomocy<\/em><\/strong>&nbsp; o <strong>17<sup>30<\/sup><\/strong><\/p>\n\n\n\n<p><strong>&#8211; <u>w pi\u0105tek<\/u> &nbsp;&nbsp; &nbsp;&nbsp;&nbsp;&nbsp;&nbsp;&nbsp;&nbsp;&nbsp;&nbsp; &#8211; <\/strong>nabo\u017ce\u0144stwo<strong><em> do \u015bw. J\u00f3zefa o godz. <\/em><\/strong><strong>17<sup>30<\/sup><\/strong><\/p>\n\n\n\n<p><strong><u>5.<\/u><\/strong><strong> <\/strong>W tym tygodniu obchodzimy:<strong><\/strong><\/p>\n\n\n\n<p><strong>&#8211; w poniedzia\u0142ek<\/strong>&nbsp;&nbsp; \u2013 wspomnienie NMP Bolesnej, odpust w Tymowej<strong><\/strong><\/p>\n\n\n\n<p><strong>&#8211; we wtorek<\/strong>&nbsp; &nbsp;&nbsp;&nbsp;&nbsp;&nbsp;&nbsp;&nbsp;&nbsp;&nbsp; \u2013 wspomnienie \u015bw. m\u0119czennik\u00f3w Korneliusza, papie\u017ca i Cypriana,<\/p>\n\n\n\n<p>&nbsp;&nbsp;&nbsp; biskupa, <strong><em>imieniny s. Kornelii<\/em><\/strong><\/p>\n\n\n\n<p><strong>&#8211; w czwartek&nbsp; &nbsp;&nbsp;&nbsp;&nbsp;&nbsp;&nbsp;&nbsp; <\/strong>&#8211; \u015bwi\u0119to \u015bw. Stanis\u0142awa Kostki, zakonnika, Patrona Polski<\/p>\n\n\n\n<p>&#8211; <strong>w sobot\u0119<\/strong>&nbsp;&nbsp; &nbsp;&nbsp;&nbsp;&nbsp;&nbsp;&nbsp;&nbsp;&nbsp;&nbsp; \u2013 \u015bwi\u0119to \u2013 rocznica po\u015bwi\u0119cenia Ko\u015bcio\u0142a katedralnego w Legnicy<\/p>\n\n\n\n<p><strong><u>6<\/u><\/strong><strong>. <\/strong>W przysz\u0142\u0105 niedziel\u0119 b\u0119dziemy prze\u017cywa\u0107 <strong>25 Niedziel\u0119 zwyk\u0142\u0105<\/strong>. Msze \u015bw. wed\u0142ug porz\u0105dku niedzielnego. R\u00f3wnie\u017c w przysz\u0142\u0105 niedziel\u0119, 21 wrze\u015bnia <strong><em>spotkanie dla rodzic\u00f3w i dzieci Pierwszokomunijnych o godz. 12<sup>30<\/sup> po\u0142\u0105czone z po\u015bwi\u0119ceniem i przekazaniem dzieciom r\u00f3\u017ca\u0144ca.<\/em><\/strong><\/p>\n\n\n\n<p><strong><u>7<\/u><\/strong><strong>.<\/strong> Kancelaria czynna codziennie po Mszy \u015bw. wieczornej z wyj\u0105tkiem niedziel i \u015bwi\u0105t.<\/p>\n\n\n\n<p><strong><u>8<\/u><\/strong><strong>.<\/strong> Do nabycia jest prasa katolicka: Niedziela, Go\u015b\u0107 Niedzielny, Ma\u0142y GN i R\u00f3\u017caniec.<\/p>\n\n\n\n<p><strong><u>9<\/u><\/strong><strong>.<\/strong> Dzi\u0119kuj\u0119 wszystkim, kt\u00f3rzy w tym tygodniu sprz\u0105tali \u015bwi\u0105tyni\u0119 i przygotowali j\u0105 na nasze spotkanie eucharystyczne.<\/p>\n\n\n\n<p><strong><u>10<\/u><\/strong><strong>.<\/strong> Serdeczne B\u00f3g zap\u0142a\u0107 za ofiary sk\u0142adane na remonty w naszej parafii.<\/p>\n\n\n\n<p><strong><u>11<\/u><\/strong><strong>.<\/strong> Intencje mszalne \u2013 obrazki<\/p>\n\n\n\n<p><strong><u>12.<\/u><\/strong>Wszystkich ch\u0142opc\u00f3w, kt\u00f3rzy chcieliby zosta\u0107 ministrantami zapraszamy do zapis\u00f3w u ksi\u0119dza Tomasza. Spotkanie integracyjne <strong>wszystkich kandydat\u00f3w oraz ich rodzic\u00f3w odb\u0119dzie si\u0119 w poniedzia\u0142ek 15.09.2025r.<\/strong> w salce parafialnej bezpo\u015brednio po Mszy \u015awi\u0119tej wieczornej.<\/p>\n\n\n\n<p><strong><u>13<\/u><\/strong><strong>. Dzisiaj,<\/strong> jak co roku z racji odpustu parafialnego po zako\u0144czeniu ka\u017cdej Mszy \u015awi\u0119tej, <strong>dzieci i m\u0142odzie\u017c b\u0119d\u0105 sprzedawa\u0142y ciasto<\/strong>. Pieni\u0105dze zebrane ze sprzeda\u017cy przeznaczone b\u0119d\u0105 na potrzeby dzieci i m\u0142odzie\u017cy nale\u017c\u0105ce do naszej wsp\u00f3lnoty. Sk\u0142adamy serdeczne B\u00f3g zap\u0142a\u0107 za wszystkie ofiary.<em>\u017byczymy mi\u0142ego tygodnia i obfitych \u0142ask Bo\u017cych.<\/em><\/p>\n","protected":false},"excerpt":{"rendered":"<p>1. Dzi\u015b prze\u017cywamy 24 Niedziel\u0119 zwyk\u0142\u0105 i w naszej parafii uroczysto\u015b\u0107 Podwy\u017cszenia Krzy\u017ca \u015awi\u0119tego. Msze \u015bw. wed\u0142ug nast\u0119puj\u0105cego porz\u0105dku: R\u0119sz\u00f3w \u2013 930, a w \u015acinawie: 800, 930, 1100&nbsp; i 1400 \u2013 uroczysta suma odpustowa, kt\u00f3rej b\u0119dzie przewodniczy\u0142 ks. Piotr \u017bemojda. 2. Dzisiaj nie ma Mszy o godz. 1230 i 1800&#8230;. <a class=\"continue-reading-link\" href=\"http:\/\/parafia.scinawa.info\/index.php\/2025\/09\/13\/ogloszenia-duszpasterskie-24-niedziela-zwykla-14-09-2025\/\">Czytaj dalej <span class=\"meta-nav\">&rarr; <\/span><\/a><\/p>\n","protected":false},"author":2,"featured_media":0,"comment_status":"closed","ping_status":"closed","sticky":false,"template":"","format":"standard","meta":{"footnotes":""},"categories":[40],"tags":[],"class_list":["post-3021","post","type-post","status-publish","format-standard","hentry","category-ogloszenia-duszpasterskie"],"_links":{"self":[{"href":"http:\/\/parafia.scinawa.info\/index.php\/wp-json\/wp\/v2\/posts\/3021","targetHints":{"allow":["GET"]}}],"collection":[{"href":"http:\/\/parafia.scinawa.info\/index.php\/wp-json\/wp\/v2\/posts"}],"about":[{"href":"http:\/\/parafia.scinawa.info\/index.php\/wp-json\/wp\/v2\/types\/post"}],"author":[{"embeddable":true,"href":"http:\/\/parafia.scinawa.info\/index.php\/wp-json\/wp\/v2\/users\/2"}],"replies":[{"embeddable":true,"href":"http:\/\/parafia.scinawa.info\/index.php\/wp-json\/wp\/v2\/comments?post=3021"}],"version-history":[{"count":1,"href":"http:\/\/parafia.scinawa.info\/index.php\/wp-json\/wp\/v2\/posts\/3021\/revisions"}],"predecessor-version":[{"id":3022,"href":"http:\/\/parafia.scinawa.info\/index.php\/wp-json\/wp\/v2\/posts\/3021\/revisions\/3022"}],"wp:attachment":[{"href":"http:\/\/parafia.scinawa.info\/index.php\/wp-json\/wp\/v2\/media?parent=3021"}],"wp:term":[{"taxonomy":"category","embeddable":true,"href":"http:\/\/parafia.scinawa.info\/index.php\/wp-json\/wp\/v2\/categories?post=3021"},{"taxonomy":"post_tag","embeddable":true,"href":"http:\/\/parafia.scinawa.info\/index.php\/wp-json\/wp\/v2\/tags?post=3021"}],"curies":[{"name":"wp","href":"https:\/\/api.w.org\/{rel}","templated":true}]}}