{"id":3023,"date":"2025-09-20T10:54:35","date_gmt":"2025-09-20T08:54:35","guid":{"rendered":"http:\/\/parafia.scinawa.info\/?p=3023"},"modified":"2025-09-20T10:54:35","modified_gmt":"2025-09-20T08:54:35","slug":"ogloszenia-duszpasterskie-25-niedziela-zwykla-21-09-2025","status":"publish","type":"post","link":"http:\/\/parafia.scinawa.info\/index.php\/2025\/09\/20\/ogloszenia-duszpasterskie-25-niedziela-zwykla-21-09-2025\/","title":{"rendered":"Og\u0142oszenia duszpasterskie &#8211; 25 Niedziela zwyk\u0142a \u2013 21.09. 2025"},"content":{"rendered":"\n<p><strong><u>1<\/u><\/strong><strong>.<\/strong> Dzi\u015b prze\u017cywamy <strong>25 Niedziel\u0119 zwyk\u0142\u0105<\/strong>. Msze \u015bw. wed\u0142ug porz\u0105dku niedzielnego. R\u00f3wnie\u017c dzisiaj, 21 wrze\u015bnia <strong><em>spotkanie dla rodzic\u00f3w i dzieci Pierwszokomunijnych o godz. 12<sup>30<\/sup> po\u0142\u0105czone z po\u015bwi\u0119ceniem i przekazaniem dzieciom r\u00f3\u017ca\u0144ca.<\/em><\/strong><\/p>\n\n\n\n<p><strong><u>3.<\/u><\/strong> Codziennie spowied\u017a i adoracja Naj\u015bwi\u0119tszego Sakramentu o godz. <strong>17<sup>00<\/sup>.<\/strong><\/p>\n\n\n\n<p><strong><u>4. <\/u><\/strong><strong>W tym tygodniu nabo\u017ce\u0144stwa:<\/strong><\/p>\n\n\n\n<p><strong>&#8211; <u>w poniedzia\u0142ek&nbsp; <\/u>&#8211; <\/strong>nabo\u017ce\u0144stwo<strong> <em>do Bo\u017cego Mi\u0142osierdzia i do \u015bw. \u015bw. Rity <\/em><\/strong>o <strong>17<sup>30<\/sup><\/strong><\/p>\n\n\n\n<p><strong>&#8211; <u>we wtorek<\/u> &nbsp;&nbsp;&nbsp;&nbsp;&nbsp;&nbsp;&nbsp;&nbsp;&nbsp; &#8211; <\/strong>nabo\u017ce\u0144stwo<strong><em> do \u015bw. Ojca Pio o godz. <\/em><\/strong><strong>17<sup>30<\/sup><\/strong><\/p>\n\n\n\n<p><strong>&#8211;<\/strong> <strong><u>w \u015brod\u0119<\/u><\/strong> &nbsp;&nbsp;&nbsp;&nbsp;&nbsp;&nbsp;&nbsp;&nbsp;&nbsp;&nbsp;&nbsp;&nbsp;&nbsp;<strong>&#8211; <\/strong>nabo\u017ce\u0144stwo<strong> <em>do<\/em><\/strong> <strong><em>NMP Nieustaj\u0105cej Pomocy<\/em><\/strong>&nbsp; o <strong>17<sup>30<\/sup><\/strong><\/p>\n\n\n\n<p>&#8211; &nbsp;<strong><em><u>od pi\u0105tku<\/u><\/em><\/strong><strong><em> &nbsp;&nbsp;&nbsp;&nbsp;&nbsp;&nbsp;&nbsp;&nbsp;&nbsp; &#8211; codziennie<\/em><\/strong> nowenna do \u015bw. Siostry Faustyny<em> o godz. <\/em><strong>17<sup>30<\/sup><\/strong> w intencji<\/p>\n\n\n\n<p>&nbsp;&nbsp;&nbsp;&nbsp;&nbsp;&nbsp;&nbsp;&nbsp;&nbsp;&nbsp;&nbsp;&nbsp;&nbsp;&nbsp;&nbsp;&nbsp;&nbsp;&nbsp;&nbsp;&nbsp;&nbsp;&nbsp;&nbsp;&nbsp; &nbsp;&nbsp;&nbsp;&nbsp;&nbsp;&nbsp;&nbsp;nasze Ojczyzny, <strong><\/strong><\/p>\n\n\n\n<p><strong>&#8211; <u>w niedziel\u0119<\/u>&nbsp;&nbsp;&nbsp;&nbsp;&nbsp;&nbsp;&nbsp;&nbsp;&nbsp; &#8211; <\/strong>nabo\u017ce\u0144stwo<strong><em> do \u015bw. Ojca Szarbela o godz. <\/em><\/strong><strong>17<sup>30<\/sup><\/strong><\/p>\n\n\n\n<p><strong><u>5.<\/u><\/strong><strong> <\/strong>W tym tygodniu obchodzimy:<strong><\/strong><\/p>\n\n\n\n<p><strong>&#8211; we wtorek&nbsp; &nbsp;&nbsp;<\/strong>&#8211; wspomnienie \u015bw. Ojca Pio z Pietrelciny, prezbitera<\/p>\n\n\n\n<p>&#8211; <strong>w <\/strong><strong>sobot\u0119<\/strong> &nbsp; &nbsp;&nbsp;\u2013 wspomnienie \u015bw. Wincentego a Paulo, prezbitera<\/p>\n\n\n\n<p><strong><u>6<\/u><\/strong><strong>. <\/strong>W przysz\u0142\u0105 niedziel\u0119 b\u0119dziemy prze\u017cywa\u0107 <strong>26 Niedziel\u0119 zwyk\u0142\u0105<\/strong>. Msze \u015bw. wed\u0142ug porz\u0105dku niedzielnego. Na Mszy o <strong><em>12<sup>30<\/sup><\/em><\/strong> spotkania<strong><em> dla rodzic\u00f3w i dzieci<\/em><\/strong> klas II i IV.<\/p>\n\n\n\n<p><strong><u>7<\/u><\/strong><strong>.<\/strong> Kancelaria czynna codziennie po Mszy \u015bw. wieczornej z wyj\u0105tkiem niedziel, uroczysto\u015bci i \u015bwi\u0105t.<\/p>\n\n\n\n<p><strong><u>8<\/u><\/strong><strong>.<\/strong> Do nabycia jest prasa katolicka: Niedziela, Go\u015b\u0107 Niedzielny, Ma\u0142y GN i R\u00f3\u017caniec.<\/p>\n\n\n\n<p><strong><u>9<\/u><\/strong><strong>.<\/strong> Dzi\u0119kuj\u0119 wszystkim, kt\u00f3rzy w tym tygodniu sprz\u0105tali \u015bwi\u0105tyni\u0119 i przygotowali j\u0105 na nasze spotkanie eucharystyczne.<\/p>\n\n\n\n<p><strong><u>10<\/u><\/strong><strong>.<\/strong> Serdeczne B\u00f3g zap\u0142a\u0107 za ofiary sk\u0142adane na remonty w naszej parafii.<\/p>\n\n\n\n<p><strong><u>11<\/u><\/strong><strong>.<\/strong> Intencje mszalne \u2013 obrazki<\/p>\n\n\n\n<p><strong><u>12.<\/u><\/strong> Spotkanie dla <strong>uczni\u00f3w klas 7<\/strong> przygotowuj\u0105cych si\u0119 do sakramentu bierzmowania, odb\u0119dzie si\u0119 we wtorek po Mszy \u015bwi\u0119tej wieczornej <strong>o godzinie 19.00 na salce parafialnej.<\/strong><\/p>\n\n\n\n<p><strong><u>13.<\/u><\/strong> Prosimy, aby deklaracje kandydat\u00f3w przygotowuj\u0105cych si\u0119 do bierzmowania sk\u0142ada\u0107 do ksi\u0119dza Tomasza <strong>do ko\u0144ca wrze\u015bnia<\/strong>. <strong><u>Osoby, kt\u00f3re nie przyst\u0105pi\u0142y<\/u><\/strong> z r\u00f3\u017cnych przyczyn do bierzmowania w 8 klasie, a pragn\u0105 przygotowa\u0107 si\u0119 do tego sakramentu, r\u00f3wnie\u017c proszone s\u0105 o kontakt z ksi\u0119dzem Tomaszem do ko\u0144ca wrze\u015bnia.<\/p>\n\n\n\n<p><em>\u017byczymy mi\u0142ego tygodnia i obfitych \u0142ask Bo\u017cych.<\/em><\/p>\n\n\n\n<p><\/p>\n","protected":false},"excerpt":{"rendered":"<p>1. Dzi\u015b prze\u017cywamy 25 Niedziel\u0119 zwyk\u0142\u0105. Msze \u015bw. wed\u0142ug porz\u0105dku niedzielnego. R\u00f3wnie\u017c dzisiaj, 21 wrze\u015bnia spotkanie dla rodzic\u00f3w i dzieci Pierwszokomunijnych o godz. 1230 po\u0142\u0105czone z po\u015bwi\u0119ceniem i przekazaniem dzieciom r\u00f3\u017ca\u0144ca. 3. Codziennie spowied\u017a i adoracja Naj\u015bwi\u0119tszego Sakramentu o godz. 1700. 4. W tym tygodniu nabo\u017ce\u0144stwa: &#8211; w poniedzia\u0142ek&nbsp; &#8211;&#8230; <a class=\"continue-reading-link\" href=\"http:\/\/parafia.scinawa.info\/index.php\/2025\/09\/20\/ogloszenia-duszpasterskie-25-niedziela-zwykla-21-09-2025\/\">Czytaj dalej <span class=\"meta-nav\">&rarr; <\/span><\/a><\/p>\n","protected":false},"author":2,"featured_media":0,"comment_status":"closed","ping_status":"closed","sticky":false,"template":"","format":"standard","meta":{"footnotes":""},"categories":[40],"tags":[],"class_list":["post-3023","post","type-post","status-publish","format-standard","hentry","category-ogloszenia-duszpasterskie"],"_links":{"self":[{"href":"http:\/\/parafia.scinawa.info\/index.php\/wp-json\/wp\/v2\/posts\/3023","targetHints":{"allow":["GET"]}}],"collection":[{"href":"http:\/\/parafia.scinawa.info\/index.php\/wp-json\/wp\/v2\/posts"}],"about":[{"href":"http:\/\/parafia.scinawa.info\/index.php\/wp-json\/wp\/v2\/types\/post"}],"author":[{"embeddable":true,"href":"http:\/\/parafia.scinawa.info\/index.php\/wp-json\/wp\/v2\/users\/2"}],"replies":[{"embeddable":true,"href":"http:\/\/parafia.scinawa.info\/index.php\/wp-json\/wp\/v2\/comments?post=3023"}],"version-history":[{"count":1,"href":"http:\/\/parafia.scinawa.info\/index.php\/wp-json\/wp\/v2\/posts\/3023\/revisions"}],"predecessor-version":[{"id":3024,"href":"http:\/\/parafia.scinawa.info\/index.php\/wp-json\/wp\/v2\/posts\/3023\/revisions\/3024"}],"wp:attachment":[{"href":"http:\/\/parafia.scinawa.info\/index.php\/wp-json\/wp\/v2\/media?parent=3023"}],"wp:term":[{"taxonomy":"category","embeddable":true,"href":"http:\/\/parafia.scinawa.info\/index.php\/wp-json\/wp\/v2\/categories?post=3023"},{"taxonomy":"post_tag","embeddable":true,"href":"http:\/\/parafia.scinawa.info\/index.php\/wp-json\/wp\/v2\/tags?post=3023"}],"curies":[{"name":"wp","href":"https:\/\/api.w.org\/{rel}","templated":true}]}}