{"id":3031,"date":"2025-09-27T16:16:38","date_gmt":"2025-09-27T14:16:38","guid":{"rendered":"http:\/\/parafia.scinawa.info\/?p=3031"},"modified":"2025-09-27T16:16:38","modified_gmt":"2025-09-27T14:16:38","slug":"ogloszenia-duszpasterskie-26-niedziela-zwykla-28-09-2025","status":"publish","type":"post","link":"http:\/\/parafia.scinawa.info\/index.php\/2025\/09\/27\/ogloszenia-duszpasterskie-26-niedziela-zwykla-28-09-2025\/","title":{"rendered":"Og\u0142oszenia duszpasterskie &#8211; 26 Niedziela zwyk\u0142a \u2013 28.09. 2025"},"content":{"rendered":"\n<p><strong><u>1<\/u><\/strong><strong>.<\/strong> Dzi\u015b prze\u017cywamy <strong>26 Niedziel\u0119 zwyk\u0142\u0105<\/strong>. Msze \u015bw. wed\u0142ug porz\u0105dku niedzielnego.<\/p>\n\n\n\n<p><strong><u>2.<\/u><\/strong> Dzisiaj, na Mszy o <strong><em>12<sup>30<\/sup><\/em><\/strong> spotkania<strong><em> dla rodzic\u00f3w i dzieci<\/em><\/strong> klas II i IV.<\/p>\n\n\n\n<p><strong><u>3.<\/u><\/strong> Codziennie spowied\u017a i adoracja Naj\u015bwi\u0119tszego Sakramentu o godz. <strong>17<sup>00<\/sup>.<\/strong><\/p>\n\n\n\n<p><strong><u>4. <\/u><\/strong><strong>Nabo\u017ce\u0144stwa r\u00f3\u017ca\u0144cowe od 1 pa\u017adziernika o 17<sup>30<\/sup>.<\/strong><\/p>\n\n\n\n<p><strong><u>5. <\/u><\/strong><strong>W tym tygodniu w czasie adoracji nabo\u017ce\u0144stwa:<\/strong><\/p>\n\n\n\n<p>&#8211; &nbsp;&nbsp;&nbsp;&nbsp;&nbsp;&nbsp;&nbsp;&nbsp;&nbsp;&nbsp;&nbsp;&nbsp;&nbsp;&nbsp;&nbsp;&nbsp;&nbsp;&nbsp; <strong><em>&nbsp;&nbsp;&nbsp;&nbsp;&nbsp;&nbsp;&nbsp;&nbsp;&nbsp; &#8211; codziennie<\/em><\/strong> nowenna do \u015bw. Siostry Faustyny<strong><\/strong><\/p>\n\n\n\n<p><strong>&#8211; <u>w poniedzia\u0142ek&nbsp; <\/u>&#8211; <\/strong>nabo\u017ce\u0144stwo<strong> <em>do Bo\u017cego Mi\u0142osierdzia<\/em><\/strong><\/p>\n\n\n\n<p><strong>&#8211;<\/strong> <strong><u>w \u015brod\u0119<\/u><\/strong> &nbsp;&nbsp;&nbsp;&nbsp;&nbsp;&nbsp;&nbsp;&nbsp;&nbsp;&nbsp;&nbsp;&nbsp;&nbsp;<strong>&#8211; <\/strong>nabo\u017ce\u0144stwo<strong> <em>do<\/em><\/strong> <strong><em>NMP Nieustaj\u0105cej Pomocy<\/em><\/strong>&nbsp;<\/p>\n\n\n\n<p><strong><u>6.<\/u><\/strong><strong> <\/strong>W tym tygodniu obchodzimy:<strong><\/strong><\/p>\n\n\n\n<p>&#8211; <strong>w poniedzia\u0142ek<\/strong> \u2013 \u015bwi\u0119to \u015bw. Archanio\u0142\u00f3w Micha\u0142a, Gabriela i Rafa\u0142a<\/p>\n\n\n\n<p>&#8211; <strong>we wtorek<\/strong> \u2013 wspomnienie \u015bw. Hieronima, prezbitera i doktora Ko\u015bcio\u0142a<\/p>\n\n\n\n<p>&#8211; <strong>w \u015brod\u0119<\/strong> \u2013 wspomnienie \u015bw. Teresy od Dzieciatka Jezus, dziewicy i doktora Ko\u015bcio\u0142a<\/p>\n\n\n\n<p>&#8211; <strong>w czwartek<\/strong> \u2013 wspomnienie \u015bw. Anio\u0142\u00f3w Str\u00f3\u017c\u00f3w<\/p>\n\n\n\n<p>&#8211; <strong>w sobot\u0119<\/strong> \u2013 wspomnienie \u015bw. Franciszka z Asy\u017cu<\/p>\n\n\n\n<p><strong><u>7.<\/u><\/strong> W tym tygodniu obchodzimy I czwartek i I pi\u0105tek, I sobot\u0119 miesi\u0105ca.<\/p>\n\n\n\n<p><strong><u>8<\/u><\/strong><strong>.<\/strong> <strong><em>Odwiedziny chorych w I pi\u0105tek miesi\u0105ca od godz. <\/em>8<sup>30<\/sup><em>.<\/em><\/strong><strong><u><\/u><\/strong><\/p>\n\n\n\n<p><strong><u>9<\/u><\/strong><strong>.<\/strong> W sobot\u0119 o godz. <strong>17<sup>00<\/sup><\/strong> <strong><em><u>nabo\u017ce\u0144stwo fatimskie<\/u><\/em><\/strong> I soboty miesi\u0105ca.<strong><u><\/u><\/strong><\/p>\n\n\n\n<p><strong><u>10<\/u><\/strong><strong>. <\/strong>W przysz\u0142\u0105 niedziel\u0119 b\u0119dziemy prze\u017cywa\u0107 <strong>27 Niedziel\u0119 zwyk\u0142\u0105<\/strong>. Msze \u015bw. wed\u0142ug porz\u0105dku niedzielnego. Zmiana tajemnic \u017bywego R\u00f3\u017ca\u0144ca po Mszy o <strong>10<sup>30<\/sup>.<\/strong> O <strong><em>12<sup>30<\/sup><\/em><\/strong> spotkania<strong><em> dla rodzic\u00f3w i dzieci<\/em><\/strong> klas I.<\/p>\n\n\n\n<p><strong><u>11<\/u><\/strong><strong>.<\/strong> Kancelaria czynna codziennie po Mszy \u015bw. wieczornej z wyj\u0105tkiem niedziel, uroczysto\u015bci i \u015bwi\u0105t.<\/p>\n\n\n\n<p><strong><u>12<\/u><\/strong><strong>.<\/strong> Do nabycia jest prasa katolicka: Niedziela, Go\u015b\u0107 Niedzielny, Ma\u0142y GN i R\u00f3\u017caniec.<\/p>\n\n\n\n<p><strong><u>13<\/u><\/strong><strong>.<\/strong> Dzi\u0119kuj\u0119 wszystkim, kt\u00f3rzy w tym tygodniu sprz\u0105tali \u015bwi\u0105tyni\u0119 i przygotowali j\u0105 na nasze spotkanie eucharystyczne.<\/p>\n\n\n\n<p><strong><u>14<\/u><\/strong><strong>.<\/strong> Serdeczne B\u00f3g zap\u0142a\u0107 za ofiary sk\u0142adane na remonty w naszej parafii.<\/p>\n\n\n\n<p><strong><u>15<\/u><\/strong><strong>.<\/strong> Intencje mszalne \u2013 obrazki<\/p>\n\n\n\n<p><strong><u>16<\/u><\/strong><strong>.<\/strong>Spotkanie dla <strong>uczni\u00f3w klas 8<\/strong> przygotowuj\u0105cych si\u0119 do sakramentu bierzmowania, odb\u0119dzie si\u0119 we wtorek po Mszy \u015bwi\u0119tej wieczornej <strong>o godzinie 19.00 w salce parafialnej.<\/strong><\/p>\n\n\n\n<p><strong><u>17<\/u>.<\/strong>Prosimy, aby deklaracje kandydat\u00f3w przygotowuj\u0105cych si\u0119 do bierzmowania sk\u0142ada\u0107 do ksi\u0119dza Tomasza <strong>do ko\u0144ca wrze\u015bnia<\/strong>. <strong><u>Osoby, kt\u00f3re nie przyst\u0105pi\u0142y<\/u><\/strong> z r\u00f3\u017cnych przyczyn do bierzmowania w 8 klasie, a pragn\u0105 przygotowa\u0107 si\u0119 do tego sakramentu, r\u00f3wnie\u017c proszone s\u0105 o kontakt z ksi\u0119dzem Tomaszem do ko\u0144ca wrze\u015bnia.<\/p>\n\n\n\n<p><em>\u017byczymy mi\u0142ego tygodnia i obfitych \u0142ask Bo\u017cych.<\/em><\/p>\n","protected":false},"excerpt":{"rendered":"<p>1. Dzi\u015b prze\u017cywamy 26 Niedziel\u0119 zwyk\u0142\u0105. Msze \u015bw. wed\u0142ug porz\u0105dku niedzielnego. 2. Dzisiaj, na Mszy o 1230 spotkania dla rodzic\u00f3w i dzieci klas II i IV. 3. Codziennie spowied\u017a i adoracja Naj\u015bwi\u0119tszego Sakramentu o godz. 1700. 4. Nabo\u017ce\u0144stwa r\u00f3\u017ca\u0144cowe od 1 pa\u017adziernika o 1730. 5. W tym tygodniu w czasie&#8230; <a class=\"continue-reading-link\" href=\"http:\/\/parafia.scinawa.info\/index.php\/2025\/09\/27\/ogloszenia-duszpasterskie-26-niedziela-zwykla-28-09-2025\/\">Czytaj dalej <span class=\"meta-nav\">&rarr; <\/span><\/a><\/p>\n","protected":false},"author":2,"featured_media":0,"comment_status":"closed","ping_status":"closed","sticky":false,"template":"","format":"standard","meta":{"footnotes":""},"categories":[40],"tags":[],"class_list":["post-3031","post","type-post","status-publish","format-standard","hentry","category-ogloszenia-duszpasterskie"],"_links":{"self":[{"href":"http:\/\/parafia.scinawa.info\/index.php\/wp-json\/wp\/v2\/posts\/3031","targetHints":{"allow":["GET"]}}],"collection":[{"href":"http:\/\/parafia.scinawa.info\/index.php\/wp-json\/wp\/v2\/posts"}],"about":[{"href":"http:\/\/parafia.scinawa.info\/index.php\/wp-json\/wp\/v2\/types\/post"}],"author":[{"embeddable":true,"href":"http:\/\/parafia.scinawa.info\/index.php\/wp-json\/wp\/v2\/users\/2"}],"replies":[{"embeddable":true,"href":"http:\/\/parafia.scinawa.info\/index.php\/wp-json\/wp\/v2\/comments?post=3031"}],"version-history":[{"count":1,"href":"http:\/\/parafia.scinawa.info\/index.php\/wp-json\/wp\/v2\/posts\/3031\/revisions"}],"predecessor-version":[{"id":3032,"href":"http:\/\/parafia.scinawa.info\/index.php\/wp-json\/wp\/v2\/posts\/3031\/revisions\/3032"}],"wp:attachment":[{"href":"http:\/\/parafia.scinawa.info\/index.php\/wp-json\/wp\/v2\/media?parent=3031"}],"wp:term":[{"taxonomy":"category","embeddable":true,"href":"http:\/\/parafia.scinawa.info\/index.php\/wp-json\/wp\/v2\/categories?post=3031"},{"taxonomy":"post_tag","embeddable":true,"href":"http:\/\/parafia.scinawa.info\/index.php\/wp-json\/wp\/v2\/tags?post=3031"}],"curies":[{"name":"wp","href":"https:\/\/api.w.org\/{rel}","templated":true}]}}