{"id":3035,"date":"2025-10-04T10:11:56","date_gmt":"2025-10-04T08:11:56","guid":{"rendered":"http:\/\/parafia.scinawa.info\/?p=3035"},"modified":"2025-10-04T10:11:56","modified_gmt":"2025-10-04T08:11:56","slug":"ogloszenia-duszpasterskie-27-niedziela-zwykla-05-10-2025","status":"publish","type":"post","link":"http:\/\/parafia.scinawa.info\/index.php\/2025\/10\/04\/ogloszenia-duszpasterskie-27-niedziela-zwykla-05-10-2025\/","title":{"rendered":"Og\u0142oszenia duszpasterskie &#8211; 27 Niedziela zwyk\u0142a \u2013 05.10. 2025"},"content":{"rendered":"\n<p><strong><u>1<\/u><\/strong><strong>.<\/strong> Dzi\u015b prze\u017cywamy <strong>27 Niedziel\u0119 zwyk\u0142\u0105<\/strong>. Msze \u015bw. wed\u0142ug porz\u0105dku niedzielnego. Zmiana tajemnic \u017bywego R\u00f3\u017ca\u0144ca po Mszy o <strong>10<sup>30<\/sup>.<\/strong><\/p>\n\n\n\n<p><strong><u>2.<\/u><\/strong> Codziennie spowied\u017a i adoracja Naj\u015bwi\u0119tszego Sakramentu o godz. <strong>17<sup>00<\/sup>.<\/strong><\/p>\n\n\n\n<p><strong><u>3. <\/u><\/strong><strong>Nabo\u017ce\u0144stwa r\u00f3\u017ca\u0144cowe codziennie o 17<sup>30<\/sup>.<\/strong><\/p>\n\n\n\n<p><strong><u>4. <\/u><\/strong><strong>W tym tygodniu w czasie adoracji modlimy si\u0119:<\/strong><\/p>\n\n\n\n<p><strong>&#8211; <u>w poniedzia\u0142ek&nbsp; <\/u>&#8211; <em>do Bo\u017cego Mi\u0142osierdzia<\/em><\/strong><\/p>\n\n\n\n<p><strong>&#8211;<\/strong> <strong><u>w \u015brod\u0119<\/u><\/strong> &nbsp;&nbsp;&nbsp;&nbsp;&nbsp;&nbsp;&nbsp;&nbsp;&nbsp;&nbsp;&nbsp;&nbsp;&nbsp;<strong>&#8211; <\/strong>nabo\u017ce\u0144stwo<strong> <em>do<\/em><\/strong> <strong><em>NMP Nieustaj\u0105cej Pomocy<\/em><\/strong><\/p>\n\n\n\n<p><strong><u>5.<\/u><\/strong><strong> <\/strong>W tym tygodniu obchodzimy:<strong><\/strong><\/p>\n\n\n\n<p>&#8211; <strong>we wtorek<\/strong> \u2013 wspomnienie NMP R\u00f3\u017ca\u0144cowej \u2013 <strong><u>odpust zupe\u0142ny dla \u017bywego R\u00f3\u017ca\u0144ca<\/u><\/strong><\/p>\n\n\n\n<p><strong><u>6<\/u><\/strong><strong>.<\/strong> <strong>Jubileuszowy Dzie\u0144 Skupienia Chorych &#8211; 11 pa\u017adziernika 2025 r. w naszej parafii.<\/strong><\/p>\n\n\n\n<p><strong>17<sup>00<\/sup><\/strong> &#8211; modlitwy przed Naj\u015bwi\u0119tszym Sakramentem z mo\u017cliwo\u015bci\u0105 spowiedzi,<\/p>\n\n\n\n<p><strong>18<sup>00<\/sup><\/strong> &#8211; Eucharystii z obrz\u0119dem namaszczenia chorych.<\/p>\n\n\n\n<p><strong><u>7<\/u><\/strong><strong>. <\/strong>W przysz\u0142\u0105 niedziel\u0119 b\u0119dziemy prze\u017cywa\u0107 <strong>28 Niedziel\u0119 zwyk\u0142\u0105<\/strong> oraz Niedziel\u0119 papiesk\u0105. Msze \u015bw. wg porz\u0105dku niedzielnego. <strong><em><u>We wszystkich ko\u015bcio\u0142ach Polski zbierane s\u0105 ofiary do puszek przeznaczone na Fundacj\u0119 Jana Paw\u0142a II \u2013 Dzie\u0142o Nowego Tysi\u0105clecia.<\/u><\/em><\/strong><\/p>\n\n\n\n<p><strong><u>8<\/u><\/strong><strong>.<\/strong> Kancelaria czynna codziennie po Mszy \u015bw. wieczornej z wyj\u0105tkiem niedziel, uroczysto\u015bci i \u015bwi\u0105t.<\/p>\n\n\n\n<p><strong><u>9<\/u><\/strong><strong>.<\/strong> Do nabycia jest prasa katolicka: Niedziela, Go\u015b\u0107 Niedzielny, Ma\u0142y GN i R\u00f3\u017caniec.<\/p>\n\n\n\n<p><strong><u>10<\/u><\/strong><strong>.<\/strong> Dzi\u0119kuj\u0119 wszystkim, kt\u00f3rzy w tym tygodniu sprz\u0105tali \u015bwi\u0105tyni\u0119 i przygotowali j\u0105 na nasze spotkanie eucharystyczne.<\/p>\n\n\n\n<p><strong><u>11<\/u><\/strong><strong>.<\/strong> Serdeczne B\u00f3g zap\u0142a\u0107 za ofiary sk\u0142adane na remonty w naszej parafii.<\/p>\n\n\n\n<p><strong><u>12<\/u><\/strong><strong>.<\/strong> Intencje mszalne \u2013 obrazki<\/p>\n\n\n\n<p><strong><u>13<\/u><\/strong><strong>. <\/strong>Spotkania<strong><em> dla rodzic\u00f3w i dzieci o godz. 12<sup>30<\/sup>.<\/em><\/strong><\/p>\n\n\n\n<p><strong>05.10 <\/strong>&#8211; <strong>I niedziela miesi\u0105ca<\/strong> &nbsp;&nbsp;&nbsp; \u2013 klasy I<\/p>\n\n\n\n<p><strong>12.10 <\/strong>&#8211; <strong>II niedziela miesi\u0105ca<\/strong> &nbsp;&nbsp; \u2013 klasy II<\/p>\n\n\n\n<p><strong>19.10 <\/strong>&#8211; <strong>III niedziela miesi\u0105ca<\/strong> &nbsp; \u2013 klasy III<\/p>\n\n\n\n<p><strong>26.10 <\/strong>&#8211; <strong>IV niedziela miesi\u0105ca<\/strong> \u2013 klasy IV<\/p>\n\n\n\n<p><em>\u017byczymy mi\u0142ego tygodnia i obfitych \u0142ask Bo\u017cych.<\/em><\/p>\n","protected":false},"excerpt":{"rendered":"<p>1. Dzi\u015b prze\u017cywamy 27 Niedziel\u0119 zwyk\u0142\u0105. Msze \u015bw. wed\u0142ug porz\u0105dku niedzielnego. Zmiana tajemnic \u017bywego R\u00f3\u017ca\u0144ca po Mszy o 1030. 2. Codziennie spowied\u017a i adoracja Naj\u015bwi\u0119tszego Sakramentu o godz. 1700. 3. Nabo\u017ce\u0144stwa r\u00f3\u017ca\u0144cowe codziennie o 1730. 4. W tym tygodniu w czasie adoracji modlimy si\u0119: &#8211; w poniedzia\u0142ek&nbsp; &#8211; do Bo\u017cego&#8230; <a class=\"continue-reading-link\" href=\"http:\/\/parafia.scinawa.info\/index.php\/2025\/10\/04\/ogloszenia-duszpasterskie-27-niedziela-zwykla-05-10-2025\/\">Czytaj dalej <span class=\"meta-nav\">&rarr; <\/span><\/a><\/p>\n","protected":false},"author":2,"featured_media":0,"comment_status":"closed","ping_status":"closed","sticky":false,"template":"","format":"standard","meta":{"footnotes":""},"categories":[40],"tags":[],"class_list":["post-3035","post","type-post","status-publish","format-standard","hentry","category-ogloszenia-duszpasterskie"],"_links":{"self":[{"href":"http:\/\/parafia.scinawa.info\/index.php\/wp-json\/wp\/v2\/posts\/3035","targetHints":{"allow":["GET"]}}],"collection":[{"href":"http:\/\/parafia.scinawa.info\/index.php\/wp-json\/wp\/v2\/posts"}],"about":[{"href":"http:\/\/parafia.scinawa.info\/index.php\/wp-json\/wp\/v2\/types\/post"}],"author":[{"embeddable":true,"href":"http:\/\/parafia.scinawa.info\/index.php\/wp-json\/wp\/v2\/users\/2"}],"replies":[{"embeddable":true,"href":"http:\/\/parafia.scinawa.info\/index.php\/wp-json\/wp\/v2\/comments?post=3035"}],"version-history":[{"count":1,"href":"http:\/\/parafia.scinawa.info\/index.php\/wp-json\/wp\/v2\/posts\/3035\/revisions"}],"predecessor-version":[{"id":3036,"href":"http:\/\/parafia.scinawa.info\/index.php\/wp-json\/wp\/v2\/posts\/3035\/revisions\/3036"}],"wp:attachment":[{"href":"http:\/\/parafia.scinawa.info\/index.php\/wp-json\/wp\/v2\/media?parent=3035"}],"wp:term":[{"taxonomy":"category","embeddable":true,"href":"http:\/\/parafia.scinawa.info\/index.php\/wp-json\/wp\/v2\/categories?post=3035"},{"taxonomy":"post_tag","embeddable":true,"href":"http:\/\/parafia.scinawa.info\/index.php\/wp-json\/wp\/v2\/tags?post=3035"}],"curies":[{"name":"wp","href":"https:\/\/api.w.org\/{rel}","templated":true}]}}