{"id":3038,"date":"2025-10-11T10:23:07","date_gmt":"2025-10-11T08:23:07","guid":{"rendered":"http:\/\/parafia.scinawa.info\/?p=3038"},"modified":"2025-10-11T10:23:07","modified_gmt":"2025-10-11T08:23:07","slug":"intencje-mszalne-12-10-19-10-2025","status":"publish","type":"post","link":"http:\/\/parafia.scinawa.info\/index.php\/2025\/10\/11\/intencje-mszalne-12-10-19-10-2025\/","title":{"rendered":"INTENCJE MSZALNE 12.10. \u00a0\u2013 19.10. 2025"},"content":{"rendered":"\n<p><strong><em>Sk\u0142adaj\u0105c Ofiar\u0119, kt\u00f3ra nam przypomina niezmierzon\u0105 mi\u0142o\u015b\u0107 Twojego Syna, pokornie prosimy Ci\u0119, Bo\u017ce, przyjmij intencje Twoich wiernych i spraw przez dzia\u0142anie Eucharystii, aby w naszych rodzinach wzrasta\u0142a prawdziwa wiara, \u015bwi\u0119to\u015b\u0107 \u017cycia, braterska mi\u0142o\u015b\u0107 i duch modlitwy. <\/em><\/strong><strong>Niech Matka Naj\u015bwi\u0119tsza wyprosi \u0142aski, o kt\u00f3re modlili\u015bmy si\u0119 w tej Mszy \u015bw. dla \u2026 Za\u015b zmar\u0142ym \u2026 za kt\u00f3rych odprawiali\u015bmy Msz\u0119 \u015bw.: <u>wieczny odpoczynek racz im da\u0107 Panie<\/u> (\u2026); niech odpoczywaj\u0105 w pokoju wiecznym. Amen<\/strong><\/p>\n\n\n\n<p><strong><u>12.10<em>. &#8211; NIEDZIELA&nbsp; <\/em><\/u><\/strong><em><\/em><\/p>\n\n\n\n<p><strong>8.oo \u2013 1) <\/strong>w 92 rocz. urodzin Janiny Bilewicz dzi\u0119kczynna za otrzymane \u0142aski z pro\u015bb\u0105 o zdrowie, dary<\/p>\n\n\n\n<p>&nbsp;&nbsp;&nbsp;&nbsp;&nbsp;&nbsp;&nbsp;&nbsp;&nbsp;&nbsp;&nbsp;&nbsp;&nbsp;&nbsp;&nbsp;&nbsp; Ducha \u015awi\u0119tego, Bo\u017ce b\u0142ogos\u0142awie\u0144stwo, opiek\u0119 NMP i \u015bw. Patron\u00f3w \u2013 modli si\u0119 rodzina<\/p>\n\n\n\n<p><strong>&nbsp;&nbsp;&nbsp;&nbsp;&nbsp;&nbsp;&nbsp;&nbsp;&nbsp;&nbsp;&nbsp; &nbsp; 2)<\/strong> w 50 rocz. \u015blubu Jadwigi i Antoniego Jagie\u0142\u00f3w&nbsp; dzi\u0119kczynna za otrzymane \u0142aski z pro\u015bb\u0105<\/p>\n\n\n\n<p>&nbsp;&nbsp;&nbsp;&nbsp;&nbsp;&nbsp;&nbsp;&nbsp;&nbsp;&nbsp;&nbsp;&nbsp;&nbsp;&nbsp;&nbsp;&nbsp; o zdrowie, dary Ducha \u015awi\u0119tego, Bo\u017ce b\u0142ogos\u0142awie\u0144stwo, opiek\u0119 NMP i \u015bw. Patron\u00f3w na<\/p>\n\n\n\n<p>&nbsp;&nbsp;&nbsp;&nbsp;&nbsp;&nbsp;&nbsp;&nbsp;&nbsp;&nbsp;&nbsp;&nbsp;&nbsp;&nbsp;&nbsp;&nbsp;&nbsp; dalsze lata \u2013 modl\u0105 si\u0119 dzieci z rodzin\u0105<\/p>\n\n\n\n<p><strong>&nbsp; 9.3o \u2013 <\/strong>++ z rodziny Dubla\u0144skich, Tokarczuk\u00f3w, Marcin\u00f3w oraz Juli\u0119 Borkowsk\u0105 \u2013 modli si\u0119 Stanis\u0142aw<\/p>\n\n\n\n<p><strong>11.oo \u2013 1) <\/strong>++ rodzic\u00f3w: Mari\u0119 w 13 rocz. \u015bm. i Adama, brata Andrzeja, bratow\u0105 Iren\u0119 z rodziny<\/p>\n\n\n\n<p>&nbsp;&nbsp;&nbsp;&nbsp;&nbsp;&nbsp;&nbsp;&nbsp;&nbsp;&nbsp;&nbsp;&nbsp;&nbsp;&nbsp;&nbsp;&nbsp;&nbsp; Rogalskich oraz m\u0119\u017ca Jana \u015awi\u0119talskiego i ++ z rodziny \u2013 modli si\u0119 rodzina<\/p>\n\n\n\n<p><strong>&nbsp;&nbsp;&nbsp;&nbsp;&nbsp;&nbsp;&nbsp;&nbsp;&nbsp;&nbsp;&nbsp; &nbsp; 2) <\/strong>++ Micha\u0142a i Bronis\u0142aw\u0119 Raks\u00f3w, J\u00f3zef\u0119 Dobrzy\u0144sk\u0105, El\u017cbiet\u0119 Demczak oraz ++ z rodziny<\/p>\n\n\n\n<p>&nbsp;&nbsp;&nbsp;&nbsp;&nbsp;&nbsp;&nbsp;&nbsp;&nbsp;&nbsp;&nbsp;&nbsp;&nbsp;&nbsp;&nbsp;&nbsp;&nbsp; Raks\u00f3w, Koz\u0142owskich i Trubickich<\/p>\n\n\n\n<p><strong>12.3o \u2013 1) <\/strong>w 16 rocz. urodzin Magdaleny i&nbsp; w 14 rocz. urodzin Alicji oraz za ich chrzestnych dzi\u0119kczynna<\/p>\n\n\n\n<p>&nbsp;&nbsp;&nbsp;&nbsp;&nbsp;&nbsp;&nbsp;&nbsp;&nbsp;&nbsp;&nbsp;&nbsp;&nbsp;&nbsp;&nbsp;&nbsp; za otrzymane \u0142aski z pro\u015bb\u0105 o zdrowie, dary Ducha \u015awi\u0119tego, Bo\u017ce b\u0142ogos\u0142awie\u0144stwo, opiek\u0119<\/p>\n\n\n\n<p>&nbsp;&nbsp;&nbsp;&nbsp;&nbsp;&nbsp;&nbsp;&nbsp;&nbsp;&nbsp;&nbsp;&nbsp;&nbsp;&nbsp;&nbsp;&nbsp; NMP i \u015bw. Patron\u00f3w \u2013 modli si\u0119 rodzina<\/p>\n\n\n\n<p><strong>&nbsp;&nbsp;&nbsp;&nbsp;&nbsp;&nbsp; 2)<\/strong> w 13 rocz. urodzin Zosi dzi\u0119kczynna za otrzymane \u0142aski z pro\u015bb\u0105 o zdrowie, dary Ducha \u015awi\u0119tego,<\/p>\n\n\n\n<p>&nbsp;&nbsp;&nbsp;&nbsp;&nbsp;&nbsp;&nbsp;&nbsp;&nbsp;&nbsp;&nbsp;&nbsp; Bo\u017ce b\u0142ogos\u0142awie\u0144stwo, opiek\u0119 NMP i \u015bw. Patron\u00f3w \u2013 modl\u0105 si\u0119 rodzice, brat i dziadkowie<\/p>\n\n\n\n<p><strong>&nbsp;&nbsp;&nbsp;&nbsp;&nbsp;&nbsp;&nbsp;&nbsp;&nbsp;&nbsp;&nbsp; &nbsp; 3) <\/strong>o \u0142ask\u0119 zdrowia<\/p>\n\n\n\n<p><strong>18.oo \u2013 1) <\/strong>++ mam\u0119 w 100 rocz. ziemskich urodzin i w 9 rocz. \u015bm., tat\u0119 w 99 rocz. ziemskich urodzin i 45<\/p>\n\n\n\n<p>&nbsp;&nbsp;&nbsp;&nbsp;&nbsp;&nbsp;&nbsp;&nbsp;&nbsp;&nbsp;&nbsp;&nbsp;&nbsp;&nbsp;&nbsp;&nbsp;&nbsp; rocz. \u015bm. oraz + m\u0119\u017ca w 9 miesi\u0119cy po \u015bm. \u2013 modli si\u0119 \u017cona z synem<\/p>\n\n\n\n<p><strong>&nbsp;&nbsp;&nbsp;&nbsp;&nbsp;&nbsp;&nbsp;&nbsp;&nbsp;&nbsp;&nbsp; &nbsp; 2) <\/strong>+ Bronis\u0142aw\u0119 Miko\u0142ajewsk\u0105 \u2013 gregorianka 25<strong> &nbsp;<\/strong>&nbsp;<\/p>\n\n\n\n<p><strong><u>13.10<em>. \u2013 PONIEDZIA\u0141EK<\/em><\/u><\/strong><\/p>\n\n\n\n<p><strong>&nbsp; &nbsp;&nbsp;7.oo \u2013 <\/strong>&nbsp;+ Mari\u0119 Kiel \u2013 modli si\u0119 siostra Julia z c\u00f3rk\u0105<\/p>\n\n\n\n<p><strong>18.oo \u2013 1) <\/strong>&nbsp;+ Bronis\u0142aw\u0119 Miko\u0142ajewsk\u0105 \u2013 gregorianka 26<\/p>\n\n\n\n<p><strong>&nbsp;&nbsp;&nbsp;&nbsp;&nbsp;&nbsp;&nbsp;&nbsp;&nbsp;&nbsp;&nbsp; &nbsp; 2)<\/strong> w intencji Janiny dzi\u0119kczynna za otrzymane \u0142aski z pro\u015bb\u0105 o zdrowie, dary Ducha \u015awi\u0119tego,<\/p>\n\n\n\n<p>&nbsp;&nbsp;&nbsp;&nbsp;&nbsp;&nbsp;&nbsp;&nbsp;&nbsp;&nbsp;&nbsp;&nbsp;&nbsp;&nbsp;&nbsp;&nbsp;&nbsp; Bo\u017ce b\u0142ogos\u0142awie\u0144stwo, opiek\u0119 NMP i \u015bw. Patron\u00f3w<\/p>\n\n\n\n<p><strong><u>14.10<em>. &#8211; WTOREK<\/em><\/u><\/strong><em><\/em><\/p>\n\n\n\n<p><strong>7.oo \u2013<\/strong><\/p>\n\n\n\n<p><strong>18.oo \u2013 <\/strong>+ Bronis\u0142aw\u0119 Miko\u0142ajewsk\u0105 \u2013 gregorianka 27<\/p>\n\n\n\n<p><strong><u>15.10<em>. \u2013 \u015aRODA<\/em><\/u><\/strong><\/p>\n\n\n\n<p><strong>&nbsp; 7.oo \u2013 <\/strong>+ Bronis\u0142aw\u0119 Miko\u0142ajewsk\u0105 \u2013 gregorianka 28<strong><\/strong><\/p>\n\n\n\n<p><strong>18.oo \u2013&nbsp; intencja zbiorowa nowennowa:<\/strong><\/p>\n\n\n\n<p><strong>1)<\/strong> w 80 rocz. urodzin Janiny dzi\u0119kczynna za otrzymane \u0142aski z pro\u015bb\u0105 o zdrowie, dary Ducha \u015awi\u0119tego,<\/p>\n\n\n\n<p>&nbsp;&nbsp;&nbsp;&nbsp; Bo\u017ce b\u0142ogos\u0142awie\u0144stwo, opiek\u0119 NMP i \u015bw. Patron\u00f3w \u2013 modli si\u0119 przyjaci\u00f3\u0142ka Wac\u0142awa<\/p>\n\n\n\n<p><strong>2)<\/strong> + Teres\u0119 Krawczyk &#8211; 30 dzie\u0144 od pogrzebu &#8211; intencja od uczestnik\u00f3w Mszy pogrzebowej<\/p>\n\n\n\n<p><strong>3) <\/strong>+ Adama Kwasa &#8211; 30 dzie\u0144 od pogrzebu &#8211; intencja od uczestnik\u00f3w Mszy pogrzebowej<\/p>\n\n\n\n<p><strong>4) <\/strong>+ Grzegorza Wo\u017aniaka &#8211; 30 dzie\u0144 od pogrzebu &#8211; intencja od uczestnik\u00f3w Mszy pogrzebowej<\/p>\n\n\n\n<p><strong>5)<\/strong> + Alicj\u0119 M\u0119cik &#8211; 30 dzie\u0144 od pogrzebu &#8211; intencja od uczestnik\u00f3w Mszy pogrzebowej<\/p>\n\n\n\n<p><strong>6) <\/strong>+ Stanis\u0142awa Kozio\u0142a oraz ++ z rodziny Kozio\u0142\u00f3w i Turowskich \u2013 modli si\u0119 rodzina<\/p>\n\n\n\n<p><strong>7)<\/strong> ++ rodzic\u00f3w: Helen\u0119 i Eugeniusza Ciszewskich oraz wnuczka Arturka Nurzy\u0144skiego \u2013 modli si\u0119 rodzina<\/p>\n\n\n\n<p><strong>8)<\/strong> ++ rodzic\u00f3w: Janin\u0119 i Romana oraz ++ z rodziny W\u00f3jcik\u00f3w i B\u0142a\u017cejewskich<\/p>\n\n\n\n<p><strong>9)<\/strong><\/p>\n\n\n\n<p><strong><u>16.10<em>. \u2013 CZWARTEK <\/em><\/u><\/strong><em>&nbsp;<\/em><\/p>\n\n\n\n<p><strong>&nbsp;7.oo \u2013<\/strong> <strong>1) <\/strong>++ rodzic\u00f3w z obu stron oraz ++ z rodziny Tyndyk\u00f3w, Rabiejewskich, S\u0142odownik\u00f3w<\/p>\n\n\n\n<p>&nbsp;&nbsp;&nbsp;&nbsp;&nbsp;&nbsp;&nbsp;&nbsp;&nbsp;&nbsp;&nbsp;&nbsp;&nbsp;&nbsp;&nbsp;&nbsp;&nbsp; i Skowro\u0144skich \u2013 modli si\u0119 rodzina<strong> <\/strong>&nbsp;<\/p>\n\n\n\n<p><strong>&nbsp;&nbsp;&nbsp;&nbsp;&nbsp;&nbsp;&nbsp;&nbsp;&nbsp;&nbsp;&nbsp; &nbsp; 2) <\/strong>+ Bronis\u0142aw\u0119 Miko\u0142ajewsk\u0105 \u2013 gregorianka 29<strong><\/strong><\/p>\n\n\n\n<p><strong>18.oo \u2013 1) <\/strong>+ tat\u0119 Czes\u0142awa Siwaka w 3 miesi\u0105ce po \u015bm. \u2013 modl\u0105 si\u0119 dzieci z rodzinami<\/p>\n\n\n\n<p><strong>&nbsp;&nbsp;&nbsp;&nbsp;&nbsp; &nbsp;2)<\/strong> + Bronis\u0142aw\u0119 Grzywniak \u2013 Opalsk\u0105 w 2 rocz. \u015bm. oraz + Stanis\u0142awa Grzywniaka \u2013 modl\u0105 si\u0119 dzieci<\/p>\n\n\n\n<p><strong>&nbsp;&nbsp;&nbsp;&nbsp;&nbsp;&nbsp;&nbsp;&nbsp;&nbsp;&nbsp;&nbsp; &nbsp; 3)<\/strong> + Halin\u0119 Tymkowsk\u0105 w 17 rocz. \u015bm. oraz ++ z rodziny Kusztr\u00f3w: Mari\u0119, Stanis\u0142awa i Ryszarda<\/p>\n\n\n\n<p>&nbsp;&nbsp;&nbsp;&nbsp;&nbsp;&nbsp;&nbsp;&nbsp;&nbsp;&nbsp;&nbsp;&nbsp;&nbsp;&nbsp;&nbsp;&nbsp;&nbsp; \u2013 modli si\u0119 rodzina<\/p>\n\n\n\n<p><strong><u>17.10<em>. \u2013 PI\u0104TEK<\/em><\/u><\/strong><\/p>\n\n\n\n<p><strong>&nbsp;7.oo \u2013<\/strong> <strong>1) <\/strong>+ Stefana Kota w 23 rocz. \u015bm. \u2013 modli si\u0119 rodzina<\/p>\n\n\n\n<p><strong>&nbsp;&nbsp;&nbsp;&nbsp;&nbsp;&nbsp;&nbsp;&nbsp;&nbsp;&nbsp;&nbsp; &nbsp; 2) <\/strong>+ Bronis\u0142aw\u0119 Miko\u0142ajewsk\u0105 \u2013 gregorianka 30<\/p>\n\n\n\n<p><strong>18.oo \u2013 1) <\/strong>+ Wies\u0142awa Ko\u0142acza oraz ++ z rodziny Ko\u0142acz\u00f3w i Pytlarz\u00f3w \u2013 modli si\u0119 rodzina<\/p>\n\n\n\n<p><strong>&nbsp;&nbsp;&nbsp;&nbsp;&nbsp;&nbsp;&nbsp;&nbsp;&nbsp;&nbsp;&nbsp; &nbsp; 2)<\/strong> + Grzegorza Garczy\u0144skiego w 4 rocz. \u015bm. oraz ++ z rodziny Trzos\u00f3w, Jankowiak\u00f3w,<\/p>\n\n\n\n<p>&nbsp;&nbsp;&nbsp;&nbsp;&nbsp;&nbsp;&nbsp;&nbsp;&nbsp;&nbsp;&nbsp;&nbsp;&nbsp;&nbsp;&nbsp;&nbsp;&nbsp; Garczy\u0144skich i Samselskich \u2013 modli si\u0119 rodzina<\/p>\n\n\n\n<p><strong><em><u>18.10. \u2013 SOBOTA<\/u><\/em><\/strong><\/p>\n\n\n\n<p><strong>&nbsp; &nbsp;&nbsp;7.oo \u2013<\/strong> + Mari\u0119 Kiel \u2013 modli si\u0119 Ma\u0142gorzata Drzyma\u0142a<\/p>\n\n\n\n<p><strong>18.oo \u2013 1) <\/strong>+ Stanis\u0142awa w rocz. \u015bm. \u2013 modli si\u0119 \u017cona i syn<\/p>\n\n\n\n<p><strong>&nbsp;&nbsp;&nbsp;&nbsp;&nbsp;&nbsp;&nbsp;&nbsp;&nbsp;&nbsp;&nbsp; &nbsp; 2)<\/strong> zaj. P. Bilewicz<\/p>\n\n\n\n<p><strong><em><u>19.10. \u2013 NIEDZIELA&nbsp;<\/u><\/em><\/strong><\/p>\n\n\n\n<p><strong>&nbsp; 8.oo \u2013 1) <\/strong>++ Juli\u0119, Antoniego, Micha\u0142a i J\u00f3zefa Malawskich oraz Damiana i Katarzyn\u0119 Koszty\u0142\u00f3w \u2013 modli<\/p>\n\n\n\n<p>&nbsp;&nbsp;&nbsp;&nbsp;&nbsp;&nbsp;&nbsp;&nbsp;&nbsp;&nbsp;&nbsp;&nbsp;&nbsp;&nbsp;&nbsp;&nbsp;&nbsp; si\u0119 rodzina &nbsp;<\/p>\n\n\n\n<p><strong>&nbsp;&nbsp;&nbsp;&nbsp;&nbsp;&nbsp;&nbsp;&nbsp;&nbsp;&nbsp;&nbsp; &nbsp; 2)<\/strong> ++ W\u0142adys\u0142aw\u0119 w 12 rocz. \u015bm., Kazimier\u0119, Mari\u0119, Stanis\u0142awa i J\u00f3zefa z rodziny Szymczak\u00f3w<\/p>\n\n\n\n<p>&nbsp;&nbsp;&nbsp;&nbsp;&nbsp;&nbsp;&nbsp;&nbsp;&nbsp;&nbsp;&nbsp;&nbsp;&nbsp;&nbsp;&nbsp;&nbsp;&nbsp;&nbsp; \u2013 modli si\u0119 rodzina<\/p>\n\n\n\n<p><strong>&nbsp; 9.3o \u2013 <\/strong>++ rodzic\u00f3w: Edwarda i Ann\u0119 P\u0142atk\u00f3w&nbsp;<\/p>\n\n\n\n<p><strong>11.oo \u2013 1) <\/strong>w 55 rocz. \u015blubu Ireny i Zygmunta&nbsp; dzi\u0119kczynna za otrzymane \u0142aski z pro\u015bb\u0105 o zdrowie, dary<\/p>\n\n\n\n<p>&nbsp;&nbsp;&nbsp;&nbsp;&nbsp;&nbsp;&nbsp;&nbsp;&nbsp;&nbsp;&nbsp;&nbsp;&nbsp;&nbsp;&nbsp;&nbsp;&nbsp;&nbsp; Ducha \u015awi\u0119tego, Bo\u017ce b\u0142ogos\u0142awie\u0144stwo, opiek\u0119 NMP i \u015bw. Patron\u00f3w na dalsze lata \u2013 modli<\/p>\n\n\n\n<p>&nbsp;&nbsp;&nbsp;&nbsp;&nbsp;&nbsp;&nbsp;&nbsp;&nbsp;&nbsp;&nbsp;&nbsp;&nbsp;&nbsp;&nbsp;&nbsp;&nbsp;&nbsp; &nbsp;si\u0119 rodzina<\/p>\n\n\n\n<p><strong>&nbsp;&nbsp;&nbsp;&nbsp;&nbsp;&nbsp;&nbsp;&nbsp;&nbsp;&nbsp;&nbsp; &nbsp; 2) <\/strong>&nbsp;w intencji Juliana i \u0141ucji o Bo\u017ce b\u0142ogos\u0142awie\u0144stwo, dary Ducha \u015awi\u0119tego, opiek\u0119 NMP<\/p>\n\n\n\n<p><strong>12.3o \u2013 1) <\/strong>w 3 rocz. urodzin Laury dzi\u0119kczynna za otrzymane \u0142aski z pro\u015bb\u0105 o zdrowie, dary Ducha<\/p>\n\n\n\n<p>&nbsp;&nbsp;&nbsp;&nbsp;&nbsp;&nbsp;&nbsp;&nbsp;&nbsp;&nbsp;&nbsp; \u015awi\u0119tego, Bo\u017ce b\u0142ogos\u0142awie\u0144stwo, opiek\u0119 NMP i \u015bw. Patron\u00f3w \u2013 modl\u0105 si\u0119 dziadkowie i chrzestna<\/p>\n\n\n\n<p><strong>&nbsp;&nbsp;&nbsp;&nbsp;&nbsp;&nbsp;&nbsp;&nbsp;&nbsp;&nbsp;&nbsp; &nbsp; 2)<\/strong> + m\u0119\u017ca Jana \u017bebrowskiego w 10 rocz. \u015bm., ++ rodzic\u00f3w: Stefani\u0119 i Stanis\u0142awa, te\u015bci\u00f3w:<\/p>\n\n\n\n<p>&nbsp;&nbsp;&nbsp;&nbsp;&nbsp;&nbsp;&nbsp;&nbsp;&nbsp;&nbsp;&nbsp;&nbsp;&nbsp;&nbsp;&nbsp;&nbsp;&nbsp; Genowef\u0119 i Wiktora oraz chrze\u015bniaka Marcina Rzepeckiego<\/p>\n\n\n\n<p><strong>&nbsp;&nbsp;&nbsp;&nbsp;&nbsp;&nbsp;&nbsp; 3) <\/strong>++ rodzic\u00f3w: J\u00f3zefa i Genowef\u0119 Tubilewicz\u00f3w oraz Jacka i Iren\u0119 Kalinowskich \u2013 modli si\u0119 rodzina<\/p>\n\n\n\n<p><strong>18.oo \u2013 <\/strong>zaj. P. Ca\u0142a<strong> <\/strong>&nbsp;<\/p>\n","protected":false},"excerpt":{"rendered":"<p>Sk\u0142adaj\u0105c Ofiar\u0119, kt\u00f3ra nam przypomina niezmierzon\u0105 mi\u0142o\u015b\u0107 Twojego Syna, pokornie prosimy Ci\u0119, Bo\u017ce, przyjmij intencje Twoich wiernych i spraw przez dzia\u0142anie Eucharystii, aby w naszych rodzinach wzrasta\u0142a prawdziwa wiara, \u015bwi\u0119to\u015b\u0107 \u017cycia, braterska mi\u0142o\u015b\u0107 i duch modlitwy. Niech Matka Naj\u015bwi\u0119tsza wyprosi \u0142aski, o kt\u00f3re modlili\u015bmy si\u0119 w tej Mszy \u015bw. dla&#8230; <a class=\"continue-reading-link\" href=\"http:\/\/parafia.scinawa.info\/index.php\/2025\/10\/11\/intencje-mszalne-12-10-19-10-2025\/\">Czytaj dalej <span class=\"meta-nav\">&rarr; <\/span><\/a><\/p>\n","protected":false},"author":2,"featured_media":0,"comment_status":"closed","ping_status":"closed","sticky":false,"template":"","format":"standard","meta":{"footnotes":""},"categories":[39],"tags":[],"class_list":["post-3038","post","type-post","status-publish","format-standard","hentry","category-intencje"],"_links":{"self":[{"href":"http:\/\/parafia.scinawa.info\/index.php\/wp-json\/wp\/v2\/posts\/3038","targetHints":{"allow":["GET"]}}],"collection":[{"href":"http:\/\/parafia.scinawa.info\/index.php\/wp-json\/wp\/v2\/posts"}],"about":[{"href":"http:\/\/parafia.scinawa.info\/index.php\/wp-json\/wp\/v2\/types\/post"}],"author":[{"embeddable":true,"href":"http:\/\/parafia.scinawa.info\/index.php\/wp-json\/wp\/v2\/users\/2"}],"replies":[{"embeddable":true,"href":"http:\/\/parafia.scinawa.info\/index.php\/wp-json\/wp\/v2\/comments?post=3038"}],"version-history":[{"count":1,"href":"http:\/\/parafia.scinawa.info\/index.php\/wp-json\/wp\/v2\/posts\/3038\/revisions"}],"predecessor-version":[{"id":3039,"href":"http:\/\/parafia.scinawa.info\/index.php\/wp-json\/wp\/v2\/posts\/3038\/revisions\/3039"}],"wp:attachment":[{"href":"http:\/\/parafia.scinawa.info\/index.php\/wp-json\/wp\/v2\/media?parent=3038"}],"wp:term":[{"taxonomy":"category","embeddable":true,"href":"http:\/\/parafia.scinawa.info\/index.php\/wp-json\/wp\/v2\/categories?post=3038"},{"taxonomy":"post_tag","embeddable":true,"href":"http:\/\/parafia.scinawa.info\/index.php\/wp-json\/wp\/v2\/tags?post=3038"}],"curies":[{"name":"wp","href":"https:\/\/api.w.org\/{rel}","templated":true}]}}