{"id":3040,"date":"2025-10-11T10:52:59","date_gmt":"2025-10-11T08:52:59","guid":{"rendered":"http:\/\/parafia.scinawa.info\/?p=3040"},"modified":"2025-10-11T10:52:59","modified_gmt":"2025-10-11T08:52:59","slug":"ogloszenia-duszpasterskie-28-niedziela-zwykla-12-10-2025","status":"publish","type":"post","link":"http:\/\/parafia.scinawa.info\/index.php\/2025\/10\/11\/ogloszenia-duszpasterskie-28-niedziela-zwykla-12-10-2025\/","title":{"rendered":"Og\u0142oszenia duszpasterskie &#8211; 28 Niedziela zwyk\u0142a \u2013 12.10. 2025"},"content":{"rendered":"\n<p><strong><u>1<\/u><\/strong><strong>.<\/strong> Dzi\u015b prze\u017cywamy <strong>28 Niedziel\u0119 zwyk\u0142\u0105 <\/strong>oraz Niedziel\u0119 papiesk\u0105. Msze \u015bw. wg porz\u0105dku niedzielnego. <strong><em><u>We wszystkich ko\u015bcio\u0142ach Polski zbierane s\u0105 ofiary do puszek przeznaczone na Fundacj\u0119 Jana Paw\u0142a II \u2013 Dzie\u0142o Nowego Tysi\u0105clecia.<\/u><\/em><\/strong><\/p>\n\n\n\n<p><strong><u>2.<\/u><\/strong> Codziennie spowied\u017a i adoracja Naj\u015bwi\u0119tszego Sakramentu o godz. <strong>17<sup>00<\/sup>.<\/strong><\/p>\n\n\n\n<p><strong><u>3. <\/u><\/strong><strong>Nabo\u017ce\u0144stwa r\u00f3\u017ca\u0144cowe codziennie o 17<sup>30<\/sup>.<\/strong><\/p>\n\n\n\n<p><strong><u>4<\/u><\/strong><strong>.<\/strong> Msze \u015bw. w tygodniu&nbsp; o <strong>7<sup>00<\/sup><\/strong> i <strong>18<sup>00<\/sup><\/strong>. <em>&nbsp;<\/em><\/p>\n\n\n\n<p><strong><u>5.<\/u><\/strong><strong> <\/strong>W tym tygodniu obchodzimy:<strong><\/strong><\/p>\n\n\n\n<p>&#8211; <strong>w poniedzia\u0142ek<\/strong> \u2013 wspomnienie b\u0142. Honorata Ko\u017ami\u0144skiego, prezbitera<\/p>\n\n\n\n<p>&nbsp;&nbsp; po Mszy wieczornej o godz. <strong>18<sup>30<\/sup><\/strong> <strong><em><u>nabo\u017ce\u0144stwo fatimskie<\/u><\/em><\/strong>.<\/p>\n\n\n\n<p>&#8211; <strong>w \u015brod\u0119<\/strong> &nbsp;&nbsp;&nbsp;&nbsp;&nbsp;&nbsp;&nbsp;&nbsp;&nbsp;&nbsp;&nbsp; \u2013 wspomnienie \u015bw. Teresy od Jezusa, dziewicy i doktora Ko\u015bcio\u0142a<\/p>\n\n\n\n<p>&#8211; <strong>w czwartek<\/strong> &nbsp;&nbsp;&nbsp;&nbsp;&nbsp;&nbsp; \u2013 uroczysto\u015b\u0107 \u015bw. Jadwigi \u015al\u0105skiej \u2013 g\u0142\u00f3wnej Patronki \u015al\u0105ska<\/p>\n\n\n\n<p>&#8211; <strong>w pi\u0105tek<\/strong> &nbsp;&nbsp;&nbsp;&nbsp;&nbsp;&nbsp;&nbsp;&nbsp;&nbsp;&nbsp; \u2013 wspomnienie \u015bw. Ignacego Antioche\u0144skiego, biskupa i m\u0119czennika<\/p>\n\n\n\n<p>&#8211; <strong>w sobot\u0119<\/strong> &nbsp;&nbsp;&nbsp;&nbsp;&nbsp;&nbsp;&nbsp;&nbsp;&nbsp; \u2013 \u015bwi\u0119to \u015bw. \u0141ukasza Ewangelisty<\/p>\n\n\n\n<p><strong><u>6<\/u><\/strong><strong>. <\/strong>W przysz\u0142\u0105 niedziel\u0119 b\u0119dziemy prze\u017cywa\u0107 <strong><em>29 Niedziel\u0119 zwyk\u0142\u0105<\/em><\/strong> oraz Niedziel\u0119 misyjn\u0105. Msze \u015bw. wg porz\u0105dku niedzielnego. Ofiary z przysz\u0142ej niedzieli przeznaczone s\u0105 na cele misyjne Ko\u015bcio\u0142a.<\/p>\n\n\n\n<p><strong><u>7<\/u><\/strong><strong>.<\/strong> Kancelaria czynna codziennie po Mszy \u015bw. wieczornej z wyj\u0105tkiem niedziel, uroczysto\u015bci i \u015bwi\u0105t.<\/p>\n\n\n\n<p><strong><u>8<\/u><\/strong><strong>.<\/strong> Do nabycia jest prasa katolicka: Niedziela, Go\u015b\u0107 Niedzielny i R\u00f3\u017caniec.<\/p>\n\n\n\n<p><strong><u>9<\/u><\/strong><strong>.<\/strong> Dzi\u0119kuj\u0119 wszystkim, kt\u00f3rzy w tym tygodniu sprz\u0105tali \u015bwi\u0105tyni\u0119 i przygotowali j\u0105 na nasze spotkanie eucharystyczne.<\/p>\n\n\n\n<p><strong><u>10<\/u><\/strong><strong>.<\/strong> Serdeczne B\u00f3g zap\u0142a\u0107 za ofiary sk\u0142adane na remonty w naszej parafii.<\/p>\n\n\n\n<p><strong><u>11.<\/u><\/strong>&nbsp; Intencje mszalne, obrazki \u2013 pami\u0105tki odprawionej Mszy \u015bw.<\/p>\n\n\n\n<p><strong><u>12<\/u><\/strong><strong>. <\/strong>W pa\u017adziernika spotkania<strong><em> dla rodzic\u00f3w i dzieci o godz. 12<sup>30<\/sup>.<\/em><\/strong><\/p>\n\n\n\n<p><strong>12.10 <\/strong>&#8211; <strong>II niedziela miesi\u0105ca<\/strong> &nbsp;&nbsp; \u2013 klasy II<\/p>\n\n\n\n<p><strong>19.10 <\/strong>&#8211; <strong>III niedziela miesi\u0105ca<\/strong> &nbsp; \u2013 klasy III<\/p>\n\n\n\n<p><strong>26.10 <\/strong>&#8211; <strong>IV niedziela miesi\u0105ca<\/strong> \u2013 klasy IV<\/p>\n\n\n\n<p><strong>13.<\/strong> W przysz\u0142\u0105 niedziel\u0119 m\u0142odzie\u017c naszej parafii po ka\u017cdej Mszy \u015bw. b\u0119dzie sprzedawa\u0107 papieskie krem\u00f3wki. Pieni\u0105dze zebrane ze sprzeda\u017cy przeznaczone b\u0119d\u0105 na potrzeby dzieci i m\u0142odzie\u017cy nale\u017c\u0105ce do naszej wsp\u00f3lnoty. Sk\u0142adamy serdeczne B\u00f3g zap\u0142a\u0107 za wszystkie ofiary.\u00a0\u00a0\u00a0\u00a0\u00a0\u00a0\u00a0\u00a0\u00a0\u00a0\u00a0\u00a0\u00a0\u00a0\u00a0\u00a0\u00a0\u00a0\u00a0\u00a0\u00a0\u00a0\u00a0<\/p>\n\n\n\n<p>                                    <em>\u017byczymy mi\u0142ego tygodnia i obfitych \u0142ask Bo\u017cych.<\/em><\/p>\n","protected":false},"excerpt":{"rendered":"<p>1. Dzi\u015b prze\u017cywamy 28 Niedziel\u0119 zwyk\u0142\u0105 oraz Niedziel\u0119 papiesk\u0105. Msze \u015bw. wg porz\u0105dku niedzielnego. We wszystkich ko\u015bcio\u0142ach Polski zbierane s\u0105 ofiary do puszek przeznaczone na Fundacj\u0119 Jana Paw\u0142a II \u2013 Dzie\u0142o Nowego Tysi\u0105clecia. 2. Codziennie spowied\u017a i adoracja Naj\u015bwi\u0119tszego Sakramentu o godz. 1700. 3. Nabo\u017ce\u0144stwa r\u00f3\u017ca\u0144cowe codziennie o 1730. 4&#8230;. <a class=\"continue-reading-link\" href=\"http:\/\/parafia.scinawa.info\/index.php\/2025\/10\/11\/ogloszenia-duszpasterskie-28-niedziela-zwykla-12-10-2025\/\">Czytaj dalej <span class=\"meta-nav\">&rarr; <\/span><\/a><\/p>\n","protected":false},"author":2,"featured_media":0,"comment_status":"closed","ping_status":"closed","sticky":false,"template":"","format":"standard","meta":{"footnotes":""},"categories":[40],"tags":[],"class_list":["post-3040","post","type-post","status-publish","format-standard","hentry","category-ogloszenia-duszpasterskie"],"_links":{"self":[{"href":"http:\/\/parafia.scinawa.info\/index.php\/wp-json\/wp\/v2\/posts\/3040","targetHints":{"allow":["GET"]}}],"collection":[{"href":"http:\/\/parafia.scinawa.info\/index.php\/wp-json\/wp\/v2\/posts"}],"about":[{"href":"http:\/\/parafia.scinawa.info\/index.php\/wp-json\/wp\/v2\/types\/post"}],"author":[{"embeddable":true,"href":"http:\/\/parafia.scinawa.info\/index.php\/wp-json\/wp\/v2\/users\/2"}],"replies":[{"embeddable":true,"href":"http:\/\/parafia.scinawa.info\/index.php\/wp-json\/wp\/v2\/comments?post=3040"}],"version-history":[{"count":1,"href":"http:\/\/parafia.scinawa.info\/index.php\/wp-json\/wp\/v2\/posts\/3040\/revisions"}],"predecessor-version":[{"id":3041,"href":"http:\/\/parafia.scinawa.info\/index.php\/wp-json\/wp\/v2\/posts\/3040\/revisions\/3041"}],"wp:attachment":[{"href":"http:\/\/parafia.scinawa.info\/index.php\/wp-json\/wp\/v2\/media?parent=3040"}],"wp:term":[{"taxonomy":"category","embeddable":true,"href":"http:\/\/parafia.scinawa.info\/index.php\/wp-json\/wp\/v2\/categories?post=3040"},{"taxonomy":"post_tag","embeddable":true,"href":"http:\/\/parafia.scinawa.info\/index.php\/wp-json\/wp\/v2\/tags?post=3040"}],"curies":[{"name":"wp","href":"https:\/\/api.w.org\/{rel}","templated":true}]}}