{"id":3044,"date":"2025-10-18T10:52:45","date_gmt":"2025-10-18T08:52:45","guid":{"rendered":"http:\/\/parafia.scinawa.info\/?p=3044"},"modified":"2025-10-18T10:52:45","modified_gmt":"2025-10-18T08:52:45","slug":"ogloszenia-duszpasterskie-29-niedziela-zwykla-19-10-2025","status":"publish","type":"post","link":"http:\/\/parafia.scinawa.info\/index.php\/2025\/10\/18\/ogloszenia-duszpasterskie-29-niedziela-zwykla-19-10-2025\/","title":{"rendered":"Og\u0142oszenia duszpasterskie &#8211; 29 Niedziela zwyk\u0142a \u2013 19.10. 2025"},"content":{"rendered":"\n<p><strong><u>1<\/u><\/strong><strong>.<\/strong> Dzi\u015b prze\u017cywamy <strong><em>29 Niedziel\u0119 zwyk\u0142\u0105<\/em><\/strong> oraz Niedziel\u0119 misyjn\u0105. Msze \u015bw. wg porz\u0105dku niedzielnego. Ofiary przeznaczone s\u0105 na cele misyjne Ko\u015bcio\u0142a. <strong><em>&nbsp;<\/em><\/strong><\/p>\n\n\n\n<p><strong><u>2<\/u><\/strong><strong>.<\/strong> Msze \u015bw. w tygodniu&nbsp; o <strong>7<sup>00<\/sup><\/strong> i <strong>18<sup>00<\/sup><\/strong>.<\/p>\n\n\n\n<p><strong><u>3.<\/u><\/strong> Codziennie spowied\u017a i adoracja Naj\u015bwi\u0119tszego Sakramentu o godz. <strong>17<sup>00<\/sup>.<\/strong><\/p>\n\n\n\n<p><strong><u>4. <\/u><\/strong><strong>Nabo\u017ce\u0144stwa r\u00f3\u017ca\u0144cowe codziennie o 17<sup>30<\/sup>.<\/strong><strong><u><\/u><\/strong><\/p>\n\n\n\n<p><strong><u>5.<\/u><\/strong><strong> <\/strong>W tym tygodniu obchodzimy:<strong><\/strong><\/p>\n\n\n\n<p>&#8211; <strong>w poniedzia\u0142ek<\/strong> &nbsp;&nbsp;\u2013 wspomnienie \u015bw. Jana Kantego, prezbitera<\/p>\n\n\n\n<p>&#8211; <strong>w \u015brod\u0119<\/strong> &nbsp;&nbsp;&nbsp;&nbsp;&nbsp;&nbsp;&nbsp;&nbsp;&nbsp;&nbsp;&nbsp;&nbsp;&nbsp; \u2013 wspomnienie \u015bw. Jana Paw\u0142a II, papie\u017ca<strong><u><\/u><\/strong><\/p>\n\n\n\n<p><strong><u>6<\/u><\/strong><strong>. <\/strong>W przysz\u0142\u0105 niedziel\u0119 b\u0119dziemy prze\u017cywa\u0107 <strong><em>30 Niedziel\u0119 zwyk\u0142\u0105<\/em><\/strong> oraz ROCZNIC\u0118 PO\u015aWI\u0118CENIA W\u0141ASNEGO KO\u015aCIO\u0141A. Msze \u015bw. wg porz\u0105dku niedzielnego.<\/p>\n\n\n\n<p><strong><u>7<\/u><\/strong><strong>.<\/strong> Kancelaria czynna codziennie po Mszy \u015bw. wieczornej z wyj\u0105tkiem niedziel i \u015bwi\u0105t.<\/p>\n\n\n\n<p><strong><u>8<\/u><\/strong><strong>.<\/strong> Do nabycia jest prasa katolicka: Niedziela, Go\u015b\u0107 Niedzielny i R\u00f3\u017caniec.<\/p>\n\n\n\n<p><strong><u>9<\/u><\/strong><strong>.<\/strong> Dzi\u0119kuj\u0119 wszystkim, kt\u00f3rzy w tym tygodniu sprz\u0105tali \u015bwi\u0105tyni\u0119 i przygotowali j\u0105 na nasze spotkanie eucharystyczne.<\/p>\n\n\n\n<p><strong><u>10<\/u><\/strong><strong>.<\/strong> Serdeczne B\u00f3g zap\u0142a\u0107 za ofiary sk\u0142adane na remonty w naszej parafii.<\/p>\n\n\n\n<p><strong><u>11.<\/u><\/strong>&nbsp; Intencje mszalne, obrazki \u2013 pami\u0105tki odprawionej Mszy \u015bw.<\/p>\n\n\n\n<p><strong><u>12<\/u><\/strong><strong>. <\/strong>Od pa\u017adziernika raz w miesi\u0105cu spotkania<strong><em> dla rodzic\u00f3w i dzieci o godz. 12<sup>30<\/sup>.<\/em><\/strong><\/p>\n\n\n\n<p><strong>19.10 <\/strong>&#8211; <strong>III niedziela miesi\u0105ca<\/strong> \u2013 klasy III<\/p>\n\n\n\n<p><strong>26.10 <\/strong>&#8211; <strong>IV niedziela miesi\u0105ca<\/strong> \u2013 klasy IV<strong><u><\/u><\/strong><\/p>\n\n\n\n<p><strong><u>13<\/u><\/strong><strong>. <\/strong>Zosta\u0142y przygotowane <strong><em><u>kartki wypominkowe<\/u><\/em><\/strong> wraz z zaproszeniem do wsp\u00f3lnej modlitwy za zmar\u0142ych i planem wypominek (kolorowa kartka), kt\u00f3ry prosz\u0119 zostawi\u0107 sobie w domu. Kartki wypominkowe mo\u017cna bra\u0107 ze stolika pod ch\u00f3rem, ze stolika pod ekranem i w zakrystii. Wypisane kartki wypominkowe prosz\u0119 sk\u0142ada\u0107 w kopertach z adresem do <strong><em><u>skarbony pod ambon\u0105<\/u><\/em><\/strong>.<\/p>\n\n\n\n<p><strong><u>14<\/u><\/strong><strong>.<\/strong> Dzisiaj m\u0142odzie\u017c naszej parafii po ka\u017cdej Mszy \u015bw. sprzedaje papieskie krem\u00f3wki. Pieni\u0105dze zebrane ze sprzeda\u017cy przeznaczone b\u0119d\u0105 na potrzeby dzieci i m\u0142odzie\u017cy nale\u017c\u0105ce do naszej wsp\u00f3lnoty. Sk\u0142adamy serdeczne B\u00f3g zap\u0142a\u0107 za wszystkie ofiary.<\/p>\n\n\n\n<p><strong><u>15<\/u>. <\/strong>Spotkanie dla <strong>uczni\u00f3w klas 8<\/strong> przygotowuj\u0105cych si\u0119 do sakramentu bierzmowania, odb\u0119dzie si\u0119 we wtorek (21.10) po Mszy wieczornej <strong>o godzinie 19.00 w salce parafialnej.<\/strong><\/p>\n\n\n\n<p><em>\u017byczymy mi\u0142ego tygodnia i obfitych \u0142ask Bo\u017cych.<\/em><\/p>\n","protected":false},"excerpt":{"rendered":"<p>1. Dzi\u015b prze\u017cywamy 29 Niedziel\u0119 zwyk\u0142\u0105 oraz Niedziel\u0119 misyjn\u0105. Msze \u015bw. wg porz\u0105dku niedzielnego. Ofiary przeznaczone s\u0105 na cele misyjne Ko\u015bcio\u0142a. &nbsp; 2. Msze \u015bw. w tygodniu&nbsp; o 700 i 1800. 3. Codziennie spowied\u017a i adoracja Naj\u015bwi\u0119tszego Sakramentu o godz. 1700. 4. Nabo\u017ce\u0144stwa r\u00f3\u017ca\u0144cowe codziennie o 1730. 5. W tym&#8230; <a class=\"continue-reading-link\" href=\"http:\/\/parafia.scinawa.info\/index.php\/2025\/10\/18\/ogloszenia-duszpasterskie-29-niedziela-zwykla-19-10-2025\/\">Czytaj dalej <span class=\"meta-nav\">&rarr; <\/span><\/a><\/p>\n","protected":false},"author":2,"featured_media":0,"comment_status":"closed","ping_status":"closed","sticky":false,"template":"","format":"standard","meta":{"footnotes":""},"categories":[40],"tags":[],"class_list":["post-3044","post","type-post","status-publish","format-standard","hentry","category-ogloszenia-duszpasterskie"],"_links":{"self":[{"href":"http:\/\/parafia.scinawa.info\/index.php\/wp-json\/wp\/v2\/posts\/3044","targetHints":{"allow":["GET"]}}],"collection":[{"href":"http:\/\/parafia.scinawa.info\/index.php\/wp-json\/wp\/v2\/posts"}],"about":[{"href":"http:\/\/parafia.scinawa.info\/index.php\/wp-json\/wp\/v2\/types\/post"}],"author":[{"embeddable":true,"href":"http:\/\/parafia.scinawa.info\/index.php\/wp-json\/wp\/v2\/users\/2"}],"replies":[{"embeddable":true,"href":"http:\/\/parafia.scinawa.info\/index.php\/wp-json\/wp\/v2\/comments?post=3044"}],"version-history":[{"count":1,"href":"http:\/\/parafia.scinawa.info\/index.php\/wp-json\/wp\/v2\/posts\/3044\/revisions"}],"predecessor-version":[{"id":3045,"href":"http:\/\/parafia.scinawa.info\/index.php\/wp-json\/wp\/v2\/posts\/3044\/revisions\/3045"}],"wp:attachment":[{"href":"http:\/\/parafia.scinawa.info\/index.php\/wp-json\/wp\/v2\/media?parent=3044"}],"wp:term":[{"taxonomy":"category","embeddable":true,"href":"http:\/\/parafia.scinawa.info\/index.php\/wp-json\/wp\/v2\/categories?post=3044"},{"taxonomy":"post_tag","embeddable":true,"href":"http:\/\/parafia.scinawa.info\/index.php\/wp-json\/wp\/v2\/tags?post=3044"}],"curies":[{"name":"wp","href":"https:\/\/api.w.org\/{rel}","templated":true}]}}