{"id":3047,"date":"2025-10-25T12:10:51","date_gmt":"2025-10-25T10:10:51","guid":{"rendered":"http:\/\/parafia.scinawa.info\/?p=3047"},"modified":"2025-10-25T12:10:51","modified_gmt":"2025-10-25T10:10:51","slug":"intencje-mszalne-26-10-02-11-2025","status":"publish","type":"post","link":"http:\/\/parafia.scinawa.info\/index.php\/2025\/10\/25\/intencje-mszalne-26-10-02-11-2025\/","title":{"rendered":"INTENCJE MSZALNE 26.10. \u00a0\u2013 02.11. 2025"},"content":{"rendered":"\n<p><strong><em>Sk\u0142adaj\u0105c Ofiar\u0119, kt\u00f3ra nam przypomina niezmierzon\u0105 mi\u0142o\u015b\u0107 Twojego Syna, pokornie prosimy Ci\u0119, Bo\u017ce, przyjmij intencje Twoich wiernych i spraw przez dzia\u0142anie Eucharystii, aby w naszych rodzinach wzrasta\u0142a prawdziwa wiara, \u015bwi\u0119to\u015b\u0107 \u017cycia, braterska mi\u0142o\u015b\u0107 i duch modlitwy. <\/em><\/strong><strong>Niech Matka Naj\u015bwi\u0119tsza wyprosi \u0142aski, o kt\u00f3re modlili\u015bmy si\u0119 w tej Mszy \u015bw. dla \u2026 Za\u015b zmar\u0142ym \u2026 za kt\u00f3rych odprawiali\u015bmy Msz\u0119 \u015bw.: <u>wieczny odpoczynek racz im da\u0107 Panie<\/u> (\u2026); niech odpoczywaj\u0105 w pokoju wiecznym. Amen<\/strong><\/p>\n\n\n\n<p><strong><u>26.10<em>. &#8211; NIEDZIELA&nbsp; <\/em><\/u><\/strong><em><\/em><\/p>\n\n\n\n<p><strong>8.oo \u2013 1) <\/strong>+ m\u0119\u017ca Ryszarda Rajkowskiego \u2013 modli si\u0119 \u017cona z rodzin\u0105<\/p>\n\n\n\n<p><strong>&nbsp;&nbsp;&nbsp;&nbsp;&nbsp;&nbsp;&nbsp;&nbsp;&nbsp;&nbsp;&nbsp; &nbsp; 2)<\/strong> + Kazimierza Jamrozika z racji ziemskich urodzin\u2013 modli si\u0119 \u017cona oraz + Tadeusza Mejera<\/p>\n\n\n\n<p>&nbsp;&nbsp;&nbsp;&nbsp;&nbsp;&nbsp;&nbsp;&nbsp;&nbsp;&nbsp;&nbsp;&nbsp;&nbsp;&nbsp;&nbsp;&nbsp;&nbsp; z racji ziemskich imienin \u2013 modli si\u0119 \u017cona z dzie\u0107mi<\/p>\n\n\n\n<p><strong>&nbsp; 9.3o \u2013 <\/strong>&nbsp;&nbsp;++ rodzic\u00f3w: Franciszk\u0119 i W\u0142adys\u0142awa Tomaszkiewicz\u00f3w, Ann\u0119, Franciszka i Zbigniewa<\/p>\n\n\n\n<p>&nbsp;&nbsp;&nbsp;&nbsp;&nbsp;&nbsp;&nbsp;&nbsp;&nbsp;&nbsp;&nbsp;&nbsp;&nbsp;&nbsp;&nbsp; So\u015bnickich oraz Helen\u0119 i Jana Mazur\u00f3w, Romana Rozkowi\u0144skiego \u2013 modli si\u0119 rodzina<\/p>\n\n\n\n<p><strong>11.oo \u2013 1) <\/strong>++&nbsp; Bronis\u0142aw\u0119, Waldemara, Floriana, Juli\u0119 i Jana Miko\u0142ajewskich oraz Mari\u0119 i Jana<\/p>\n\n\n\n<p>&nbsp;&nbsp;&nbsp;&nbsp;&nbsp;&nbsp;&nbsp;&nbsp;&nbsp;&nbsp;&nbsp;&nbsp;&nbsp;&nbsp;&nbsp; Lewandowskich \u2013 modli si\u0119 rodzina<\/p>\n\n\n\n<p><strong>&nbsp;&nbsp;&nbsp;&nbsp;&nbsp;&nbsp;&nbsp;&nbsp;&nbsp;&nbsp;&nbsp; &nbsp; 2) <\/strong>w 5 rocz. \u015blubu Weroniki i Marcina dzi\u0119kczynna za&nbsp; otrzymane \u0142aski z pro\u015bb\u0105 o zdrowie,<\/p>\n\n\n\n<p>&nbsp;&nbsp;&nbsp;&nbsp;&nbsp;&nbsp;&nbsp;&nbsp;&nbsp;&nbsp;&nbsp;&nbsp;&nbsp; &nbsp;dary Ducha \u015awi\u0119tego, Bo\u017ce b\u0142ogos\u0142awie\u0144stwo, opiek\u0119 NMP i \u015bw. Patron\u00f3w na dalsze lata \u017cycia<\/p>\n\n\n\n<p><strong>12.3o \u2013 1) <\/strong>&nbsp;+ Wies\u0142awa Ko\u0142acza \u2013 gregorianka 7<\/p>\n\n\n\n<p><strong>&nbsp;&nbsp;&nbsp;&nbsp;&nbsp;&nbsp;&nbsp;&nbsp;&nbsp;&nbsp;&nbsp; &nbsp; 2)<\/strong> + Stanis\u0142aw\u0119 Forenc w 4 rocz. \u015bm. + Ryszarda Forenca \u2013 modli si\u0119 rodzina<\/p>\n\n\n\n<p><strong>&nbsp;&nbsp;&nbsp;&nbsp;&nbsp;&nbsp;&nbsp;&nbsp;&nbsp;&nbsp;&nbsp; &nbsp; 3)<\/strong> + Zbigniewa w 7 rocz. \u015bm. oraz ++ z rodziny Kobl\u00f3w i So\u015bnickich<\/p>\n\n\n\n<p><strong>18.oo \u2013 1) <\/strong>+ Jerzego oraz ++ jego rodzic\u00f3w i rodze\u0144stwo \u2013 modli si\u0119 rodzina<\/p>\n\n\n\n<p><strong>&nbsp;&nbsp;&nbsp;&nbsp;&nbsp;&nbsp;&nbsp;&nbsp;&nbsp;&nbsp;&nbsp; &nbsp; 2) <\/strong>+ Ludwik\u0119 Szmigielsk\u0105 w dniu ziemskich urodzin \u2013 modli si\u0119 rodzina<strong>&nbsp; &nbsp;<\/strong>&nbsp;<\/p>\n\n\n\n<p><strong><u>27.10<em>. \u2013 PONIEDZIA\u0141EK<\/em><\/u><\/strong><\/p>\n\n\n\n<p><strong>&nbsp; &nbsp;&nbsp;7.oo \u2013 <\/strong>++ rodzic\u00f3w: Katarzyn\u0119 w 37 rocz. \u015bm. i Franciszka w 72 rocz. \u015bm i dusze w czy\u015b\u0107cu cierpi\u0105ce<\/p>\n\n\n\n<p><strong>18.oo \u2013 1) <\/strong>&nbsp;+ Wies\u0142awa Ko\u0142acza \u2013 gregorianka 8<\/p>\n\n\n\n<p><strong>&nbsp;&nbsp;&nbsp;&nbsp;&nbsp;&nbsp;&nbsp;&nbsp;&nbsp;&nbsp;&nbsp; &nbsp; 2)<\/strong> +Wies\u0142awa Ko\u0142acza w 1 rocz. \u015bm. \u2013 modli si\u0119 rodzina<\/p>\n\n\n\n<p><strong><u>28.10<em>. &#8211; WTOREK<\/em><\/u><\/strong><em><\/em><\/p>\n\n\n\n<p><strong>&nbsp; 7.oo \u2013 1) <\/strong>+ Wies\u0142awa Ko\u0142acza \u2013 gregorianka 9<\/p>\n\n\n\n<p><strong>&nbsp;&nbsp;&nbsp;&nbsp;&nbsp;&nbsp;&nbsp;&nbsp;&nbsp;&nbsp;&nbsp; &nbsp; 2)<\/strong> o zdrowie dla c\u00f3rki \u2013 modli si\u0119 mama<\/p>\n\n\n\n<p><strong>18.oo \u2013 1) <\/strong>&nbsp;w 19 rocz. \u015blubu Beaty i Piotra dzi\u0119kczynna za&nbsp; otrzymane \u0142aski z pro\u015bb\u0105 o zdrowie,<\/p>\n\n\n\n<p>&nbsp;&nbsp;&nbsp;&nbsp;&nbsp;&nbsp;&nbsp;&nbsp;&nbsp;&nbsp;&nbsp;&nbsp;&nbsp; &nbsp;dary Ducha \u015awi\u0119tego, Bo\u017ce b\u0142ogos\u0142awie\u0144stwo, opiek\u0119 NMP i \u015bw. Patron\u00f3w \u2013 modli si\u0119 rodzina<\/p>\n\n\n\n<p><strong>&nbsp;&nbsp;&nbsp;&nbsp;&nbsp;&nbsp;&nbsp;&nbsp;&nbsp;&nbsp;&nbsp; &nbsp; 2)<\/strong> w 11 rocz. urodzin Jana dzi\u0119kczynna za otrzymane \u0142aski z pro\u015bb\u0105 o zdrowie, dary Ducha<\/p>\n\n\n\n<p>&nbsp;&nbsp;&nbsp;&nbsp;&nbsp;&nbsp;&nbsp;&nbsp;&nbsp;&nbsp;&nbsp; \u015awi\u0119tego, Bo\u017ce b\u0142ogos\u0142awie\u0144stwo, opiek\u0119 NMP i \u015bw. Patron\u00f3w \u2013 modl\u0105 si\u0119 rodzice i rodze\u0144stwo<\/p>\n\n\n\n<p><strong><u>29.10<em>. \u2013 \u015aRODA<\/em><\/u><\/strong><\/p>\n\n\n\n<p><strong>&nbsp; 7.oo \u2013 <\/strong>+ Wies\u0142awa Ko\u0142acza \u2013 gregorianka 10<\/p>\n\n\n\n<p><strong>18.oo \u2013&nbsp; intencja zbiorowa nowennowa:<\/strong><\/p>\n\n\n\n<p><strong>1)<\/strong> ++ dziadk\u00f3w i pradziadk\u00f3w z rodziny Kupczy\u0144skich oraz + mam\u0119 Mari\u0119 \u2013 modli si\u0119 rodzina<\/p>\n\n\n\n<p><strong>2)<\/strong> w 1 rocz. urodzin Wiktorii Pietrzak dzi\u0119kczynna za otrzymane \u0142aski z pro\u015bb\u0105 o zdrowie, dary Ducha<\/p>\n\n\n\n<p>&nbsp;&nbsp;&nbsp;&nbsp; \u015awi\u0119tego, Bo\u017ce b\u0142ogos\u0142awie\u0144stwo, opiek\u0119 NMP i \u015bw. Patron\u00f3w \u2013 modl\u0105 si\u0119 rodzice i dziadkowie<\/p>\n\n\n\n<p><strong>3)<\/strong><\/p>\n\n\n\n<p><strong>4)<\/strong><\/p>\n\n\n\n<p><strong><u>30.10<em>. \u2013 CZWARTEK <\/em><\/u><\/strong><em>&nbsp;<\/em><\/p>\n\n\n\n<p><strong>7.oo \u2013<\/strong> <strong>1) <\/strong>w rocz. urodzin i z racji imienin syna Huberta, za jego \u017con\u0119 Agnieszk\u0119 i syna Paw\u0142a<\/p>\n\n\n\n<p>&nbsp;&nbsp;&nbsp;&nbsp;&nbsp;&nbsp;&nbsp;&nbsp;&nbsp;&nbsp;&nbsp;&nbsp;&nbsp;&nbsp; &nbsp;dzi\u0119kczynna za otrzymane \u0142aski z pro\u015bb\u0105 o zdrowie, Bo\u017ce b\u0142ogos\u0142awie\u0144stwo, dary Ducha<\/p>\n\n\n\n<p>&nbsp;&nbsp;&nbsp;&nbsp;&nbsp;&nbsp;&nbsp;&nbsp;&nbsp;&nbsp;&nbsp;&nbsp;&nbsp;&nbsp;&nbsp; \u015awi\u0119tego, opiek\u0119 NMP Fatimskiej \u2013 modl\u0105 si\u0119 rodzice<\/p>\n\n\n\n<p><strong>&nbsp;&nbsp;&nbsp;&nbsp;&nbsp;&nbsp;&nbsp;&nbsp;&nbsp;&nbsp;&nbsp; &nbsp; 2)<\/strong> + Piotra w 10 rocz. \u015bm.<\/p>\n\n\n\n<p><strong>18.oo \u2013 1) <\/strong>+ Wies\u0142awa Ko\u0142acza \u2013 gregorianka 11<\/p>\n\n\n\n<p><strong>&nbsp;&nbsp;&nbsp;&nbsp;&nbsp;&nbsp;&nbsp;&nbsp;&nbsp;&nbsp;&nbsp; &nbsp; 2) <\/strong>++ Zbigniewa, Karolin\u0119 Stanis\u0142awa i Stasia \u0141oz\u0119<\/p>\n\n\n\n<p>&nbsp;&nbsp;&nbsp;&nbsp;&nbsp;&nbsp;&nbsp;&nbsp;&nbsp;&nbsp;&nbsp; <strong>&nbsp; 3)<\/strong><\/p>\n\n\n\n<p><strong><u>31.10<em>. \u2013 PI\u0104TEK<\/em><\/u><\/strong><\/p>\n\n\n\n<p><strong>&nbsp; &nbsp;&nbsp;7.oo \u2013<\/strong> ++ rodzic\u00f3w z obu stron, siostr\u0119, braci, bratow\u0105 i ++ z rodziny<\/p>\n\n\n\n<p><strong>18.oo \u2013 1) <\/strong>+ Wies\u0142awa Ko\u0142acza \u2013 gregorianka 12<\/p>\n\n\n\n<p><strong>&nbsp;&nbsp;&nbsp;&nbsp;&nbsp;&nbsp;&nbsp;&nbsp;&nbsp;&nbsp;&nbsp; &nbsp; 2)<\/strong> + Ann\u0119 Szelig\u0119 w 24 rocz. \u015bm. oraz ++ z rodziny Szelig\u00f3w \u2013 modli si\u0119 rodzina<\/p>\n\n\n\n<p><strong><em><u>01.11. \u2013 SOBOTA<\/u><\/em><\/strong><\/p>\n\n\n\n<p><strong>&nbsp;8.oo \u2013 1) <\/strong>+ Wies\u0142awa Ko\u0142acza \u2013 gregorianka 13&nbsp;<\/p>\n\n\n\n<p><strong>&nbsp;&nbsp;&nbsp;&nbsp;&nbsp;&nbsp;&nbsp;&nbsp;&nbsp;&nbsp;&nbsp; &nbsp; 2)<\/strong> ++ Henryka i Boles\u0142awa oraz ++ z rodziny Bilewicz\u00f3w, Olejarnik\u00f3w i Dec\u00f3w \u2013 modli si\u0119 rodzina<\/p>\n\n\n\n<p><strong>&nbsp; 9.3o \u2013 <\/strong>&nbsp;&nbsp;intencja wynagradzaj\u0105ca Niepokalanemu Sercu NMP<\/p>\n\n\n\n<p><strong>12.oo \u2013&nbsp; intencja zbiorowa na cmentarzu:<\/strong><\/p>\n\n\n\n<p><strong><em><u>02.11. \u2013 NIEDZIELA&nbsp;<\/u><\/em><\/strong><\/p>\n\n\n\n<p><strong>&nbsp; 8.oo \u2013 1) <\/strong>+ m\u0119\u017ca J\u00f3zefa Mazurkiewicza w 12 rocz. \u015bm. oraz ++ rodzic\u00f3w z obu stron \u2013 modli si\u0119 \u017cona<\/p>\n\n\n\n<p>&nbsp;&nbsp;&nbsp;&nbsp;&nbsp;&nbsp;&nbsp;&nbsp;&nbsp;&nbsp;&nbsp;&nbsp;&nbsp; Eugenia<\/p>\n\n\n\n<p><strong>&nbsp;&nbsp;&nbsp;&nbsp;&nbsp;&nbsp;&nbsp;&nbsp;&nbsp;&nbsp;&nbsp; &nbsp; 2)<\/strong> ++ J\u00f3zefa, Mari\u0119 i Antoniego z rodziny Cirog\u00f3w, Karolin\u0119 i Antoniego z rodziny Ob\u0142oz\u00f3w<\/p>\n\n\n\n<p>&nbsp;&nbsp;&nbsp;&nbsp;&nbsp;&nbsp;&nbsp;&nbsp;&nbsp;&nbsp;&nbsp;&nbsp;&nbsp;&nbsp;&nbsp;&nbsp;&nbsp; oraz Katarzyn\u0119 i Franciszka z rodziny Bilewicz\u00f3w<\/p>\n\n\n\n<p><strong>&nbsp; 9.3o \u2013 <\/strong>&nbsp;+ Zbigniewa \u0141oz\u0119 w 5 rocz. sm. oraz ++ z rodziny \u0141oz\u00f3w, Cie\u015bli\u0144skich, Wr\u00f3blewskich<\/p>\n\n\n\n<p>&nbsp;&nbsp;&nbsp;&nbsp;&nbsp;&nbsp;&nbsp;&nbsp;&nbsp;&nbsp;&nbsp;&nbsp;&nbsp;&nbsp;&nbsp; i Wojciechowskich \u2013 modli si\u0119 rodzina<\/p>\n\n\n\n<p><strong>11.oo \u2013 1) <\/strong>++ cz\u0142onk\u00f3w \u017bywego R\u00f3\u017ca\u0144ca, ++ ksi\u0119\u017cy i siostry zakonne, kt\u00f3rzy pracowali w naszej parafii,<\/p>\n\n\n\n<p>&nbsp;&nbsp;&nbsp;&nbsp;&nbsp;&nbsp;&nbsp;&nbsp;&nbsp;&nbsp;&nbsp;&nbsp;&nbsp;&nbsp;&nbsp;&nbsp;&nbsp; &nbsp;dusze w czy\u015b\u0107cu cierpi\u0105ce \u2013 modli si\u0119 \u017bywy R\u00f3\u017caniec<\/p>\n\n\n\n<p><strong>&nbsp;&nbsp;&nbsp;&nbsp;&nbsp;&nbsp;&nbsp;&nbsp;&nbsp;&nbsp;&nbsp; &nbsp; 2) <\/strong>+ m\u0119\u017ca Ryszarda \u017burawskiego, ++ jego rodzic\u00f3w i rodze\u0144stwo, ++ te\u015bci\u00f3w i ++ z rodziny<\/p>\n\n\n\n<p>&nbsp;&nbsp;&nbsp;&nbsp;&nbsp;&nbsp;&nbsp;&nbsp;&nbsp;&nbsp;&nbsp;&nbsp;&nbsp;&nbsp;&nbsp;&nbsp; \u2013 modli si\u0119 rodzina<\/p>\n\n\n\n<p><strong>12.3o \u2013 1) <\/strong>++ z rodziny Paw\u0142owskich i Zdobylak\u00f3w \u2013 modli si\u0119 rodzina<\/p>\n\n\n\n<p><strong>&nbsp;&nbsp;&nbsp;&nbsp;&nbsp;&nbsp;&nbsp;&nbsp;&nbsp;&nbsp;&nbsp; &nbsp; 2)<\/strong> + Czes\u0142awa Ferenca \u2013 modli si\u0119 rodzina Lipi\u0144skich i Majsner\u00f3w<\/p>\n\n\n\n<p>&nbsp;&nbsp;&nbsp;&nbsp;&nbsp;&nbsp; <strong>3)<\/strong> + Kazimierza w 16 rocz. \u015bm., Iwet\u0119, Kazimierza i Janin\u0119 z rodziny D\u0105browskich \u2013 modli si\u0119 rodzina<\/p>\n\n\n\n<p><strong>18.oo \u2013 1) <\/strong>+ Wies\u0142awa Ko\u0142acza \u2013 gregorianka 14<\/p>\n\n\n\n<p><strong>&nbsp;&nbsp;&nbsp;&nbsp;&nbsp;&nbsp;&nbsp;&nbsp;&nbsp;&nbsp;&nbsp; &nbsp; 2)<\/strong> ++ z rodziny J\u0119dryk\u00f3w: Zofi\u0119, Mariana, J\u00f3zefa w 5 rocz. \u015bm. oraz z rodziny Chmielewskich:<\/p>\n\n\n\n<p>&nbsp;&nbsp;&nbsp;&nbsp;&nbsp;&nbsp;&nbsp;&nbsp;&nbsp;&nbsp;&nbsp;&nbsp;&nbsp;&nbsp;&nbsp;&nbsp; Genowef\u0119, Jana i Ryszarda \u2013 modli si\u0119 rodzina<\/p>\n","protected":false},"excerpt":{"rendered":"<p>Sk\u0142adaj\u0105c Ofiar\u0119, kt\u00f3ra nam przypomina niezmierzon\u0105 mi\u0142o\u015b\u0107 Twojego Syna, pokornie prosimy Ci\u0119, Bo\u017ce, przyjmij intencje Twoich wiernych i spraw przez dzia\u0142anie Eucharystii, aby w naszych rodzinach wzrasta\u0142a prawdziwa wiara, \u015bwi\u0119to\u015b\u0107 \u017cycia, braterska mi\u0142o\u015b\u0107 i duch modlitwy. Niech Matka Naj\u015bwi\u0119tsza wyprosi \u0142aski, o kt\u00f3re modlili\u015bmy si\u0119 w tej Mszy \u015bw. dla&#8230; <a class=\"continue-reading-link\" href=\"http:\/\/parafia.scinawa.info\/index.php\/2025\/10\/25\/intencje-mszalne-26-10-02-11-2025\/\">Czytaj dalej <span class=\"meta-nav\">&rarr; <\/span><\/a><\/p>\n","protected":false},"author":2,"featured_media":0,"comment_status":"closed","ping_status":"closed","sticky":false,"template":"","format":"standard","meta":{"footnotes":""},"categories":[39],"tags":[],"class_list":["post-3047","post","type-post","status-publish","format-standard","hentry","category-intencje"],"_links":{"self":[{"href":"http:\/\/parafia.scinawa.info\/index.php\/wp-json\/wp\/v2\/posts\/3047","targetHints":{"allow":["GET"]}}],"collection":[{"href":"http:\/\/parafia.scinawa.info\/index.php\/wp-json\/wp\/v2\/posts"}],"about":[{"href":"http:\/\/parafia.scinawa.info\/index.php\/wp-json\/wp\/v2\/types\/post"}],"author":[{"embeddable":true,"href":"http:\/\/parafia.scinawa.info\/index.php\/wp-json\/wp\/v2\/users\/2"}],"replies":[{"embeddable":true,"href":"http:\/\/parafia.scinawa.info\/index.php\/wp-json\/wp\/v2\/comments?post=3047"}],"version-history":[{"count":1,"href":"http:\/\/parafia.scinawa.info\/index.php\/wp-json\/wp\/v2\/posts\/3047\/revisions"}],"predecessor-version":[{"id":3048,"href":"http:\/\/parafia.scinawa.info\/index.php\/wp-json\/wp\/v2\/posts\/3047\/revisions\/3048"}],"wp:attachment":[{"href":"http:\/\/parafia.scinawa.info\/index.php\/wp-json\/wp\/v2\/media?parent=3047"}],"wp:term":[{"taxonomy":"category","embeddable":true,"href":"http:\/\/parafia.scinawa.info\/index.php\/wp-json\/wp\/v2\/categories?post=3047"},{"taxonomy":"post_tag","embeddable":true,"href":"http:\/\/parafia.scinawa.info\/index.php\/wp-json\/wp\/v2\/tags?post=3047"}],"curies":[{"name":"wp","href":"https:\/\/api.w.org\/{rel}","templated":true}]}}