{"id":3055,"date":"2025-10-31T11:59:11","date_gmt":"2025-10-31T10:59:11","guid":{"rendered":"http:\/\/parafia.scinawa.info\/?p=3055"},"modified":"2025-10-31T11:59:11","modified_gmt":"2025-10-31T10:59:11","slug":"intencje-mszalne-01-11-2025","status":"publish","type":"post","link":"http:\/\/parafia.scinawa.info\/index.php\/2025\/10\/31\/intencje-mszalne-01-11-2025\/","title":{"rendered":"INTENCJE MSZALNE 01.11. \u00a02025"},"content":{"rendered":"\n<p><strong><em>Sk\u0142adaj\u0105c Ofiar\u0119, kt\u00f3ra nam przypomina niezmierzon\u0105 mi\u0142o\u015b\u0107 Twojego Syna, pokornie prosimy Ci\u0119, Bo\u017ce, przyjmij intencje Twoich wiernych i spraw przez dzia\u0142anie Eucharystii, aby w naszych rodzinach wzrasta\u0142a prawdziwa wiara, \u015bwi\u0119to\u015b\u0107 \u017cycia, braterska mi\u0142o\u015b\u0107 i duch modlitwy. <\/em><\/strong><strong>Niech Matka Naj\u015bwi\u0119tsza wyprosi \u0142aski, o kt\u00f3re modlili\u015bmy si\u0119 w tej Mszy \u015bw. dla \u2026 Za\u015b zmar\u0142ym \u2026 za kt\u00f3rych odprawiali\u015bmy Msz\u0119 \u015bw.: <u>wieczny odpoczynek racz im da\u0107 Panie<\/u> (\u2026); niech odpoczywaj\u0105 w pokoju wiecznym. Amen<\/strong><\/p>\n\n\n\n<p><strong><em><u>01.11. \u2013 SOBOTA<\/u><\/em><\/strong><\/p>\n\n\n\n<p><strong>&nbsp;8.oo \u2013 1) <\/strong>+ Wies\u0142awa Ko\u0142acza \u2013 gregorianka 13&nbsp;<\/p>\n\n\n\n<p><strong>&nbsp;&nbsp;&nbsp;&nbsp;&nbsp;&nbsp;&nbsp;&nbsp;&nbsp;&nbsp;&nbsp; &nbsp; 2)<\/strong> ++ Henryka i Boles\u0142awa oraz ++ z rodziny Bilewicz\u00f3w, Olejarnik\u00f3w i Dec\u00f3w \u2013 modli si\u0119 rodzina<\/p>\n\n\n\n<p><strong>&nbsp; 9.3o \u2013 <\/strong>&nbsp;&nbsp;intencja wynagradzaj\u0105ca Niepokalanemu Sercu NMP<\/p>\n\n\n\n<p><strong>12.oo \u2013&nbsp; intencja zbiorowa na cmentarzu:<\/strong><\/p>\n\n\n\n<p><strong>&nbsp;&#8211; &nbsp;za <a>wszystkich zmar\u0142ych spoczywaj\u0105cych na naszym cmentarzu<\/a><\/strong><\/p>\n\n\n\n<p><strong>1)<\/strong> ++ Stefani\u0119 i Franciszka Parkasiewicz\u00f3w, ++ z rodziny Olejarnik\u00f3w i Wr\u00f3blewskich oraz + ks. Bogdana<\/p>\n\n\n\n<p>&nbsp;&nbsp;&nbsp;&nbsp; Kaczorowskiego \u2013 modli si\u0119 rodzina<\/p>\n\n\n\n<p><strong>2)<\/strong> ++ z rodziny Je\u017cyn\u00f3w, Kras\u00f3w, Gr\u0119dys\u00f3w, Kaweckich, Nowackich, Braun\u00f3w i Szynkler\u00f3w \u2013 modli si\u0119<\/p>\n\n\n\n<p>&nbsp;&nbsp;&nbsp; rodzina<\/p>\n\n\n\n<p><strong>3)<\/strong> ++ Mariann\u0119 i Boles\u0142awa Sztab\u00f3w, Ann\u0119 Zacharsk\u0105, ++ z rodziny Nowickich i Smolenskich<\/p>\n\n\n\n<p><strong>4)<\/strong> ++ Rozali\u0119 i Helmuta Kern\u00f3w \u2013 modl\u0105 si\u0119 Adam i Zdzis\u0142aw z rodzin\u0105<\/p>\n\n\n\n<p><strong>5)<\/strong> ++ z rodziny Szymczak\u00f3w, Smola\u0144skich, Jakubowicz\u00f3w, Karczewicz\u00f3w \u2013 modli si\u0119 rodzina<\/p>\n\n\n\n<p><strong>6)<\/strong> ++ z rodziny J\u00f3zefiak\u00f3w, Blok\u00f3w, Bilewicz\u00f3w, Fisiork\u00f3w \u2013 modli si\u0119 rodzina<\/p>\n\n\n\n<p><strong>7)<\/strong> ++ z rodziny Kutkowskich, Zdobylak\u00f3w, Blok\u00f3w i Krystynieckich \u2013 modli si\u0119 rodzina<\/p>\n\n\n\n<p><strong>8) <\/strong>++ z rodziny Mrozk\u00f3w, Sielewicz\u00f3w, Meren\u00f3w, Godzin\u00f3w, Galak\u00f3w, Srokowskich, szwagr\u00f3w,<\/p>\n\n\n\n<p>&nbsp;&nbsp;&nbsp; kap\u0142an\u00f3w i dusze w czy\u015b\u0107cu cierpi\u0105ce \u2013 modli si\u0119 rodzina<\/p>\n\n\n\n<p><strong>9)<\/strong> ++ Aniel\u0119, Franciszka i Wies\u0142awa Ko\u0142acz\u00f3w, Juli\u0119 i W\u0142adys\u0142awa \u0141abud\u00f3w, Stanis\u0142aw\u0119 i Jana Pytlarz\u00f3w,<\/p>\n\n\n\n<p>&nbsp;&nbsp;&nbsp;&nbsp; Krzysztofa i Romana Kie\u0142bas\u00f3w \u2013 modli si\u0119 rodzina<\/p>\n\n\n\n<p><strong>10)<\/strong> ++ z rodziny Kobl\u00f3w, So\u015bnickich, Romaniak\u00f3w, Chabraszewskich, \u017bo\u0142y\u0144skich, Mazur\u00f3w, Siwak\u00f3w,<\/p>\n\n\n\n<p>&nbsp;&nbsp;&nbsp;&nbsp;&nbsp;&nbsp; Rozkowi\u0144skich, Ha\u0142s\u00f3w<\/p>\n\n\n\n<p><strong>11)<\/strong> ++ Albin\u0119, Henryka, Wojciecha, Janin\u0119 Miko\u0142ajuk\u00f3w oraz z rodziny Rodziewicz\u00f3w, Stanis\u0142awskich<\/p>\n\n\n\n<p>&nbsp;&nbsp;&nbsp;&nbsp;&nbsp;&nbsp; i Idkowiak\u00f3w<\/p>\n\n\n\n<p><strong>12)<\/strong><\/p>\n\n\n\n<p><strong>13)<\/strong><\/p>\n\n\n\n<p><strong>14)<\/strong><\/p>\n","protected":false},"excerpt":{"rendered":"<p>Sk\u0142adaj\u0105c Ofiar\u0119, kt\u00f3ra nam przypomina niezmierzon\u0105 mi\u0142o\u015b\u0107 Twojego Syna, pokornie prosimy Ci\u0119, Bo\u017ce, przyjmij intencje Twoich wiernych i spraw przez dzia\u0142anie Eucharystii, aby w naszych rodzinach wzrasta\u0142a prawdziwa wiara, \u015bwi\u0119to\u015b\u0107 \u017cycia, braterska mi\u0142o\u015b\u0107 i duch modlitwy. Niech Matka Naj\u015bwi\u0119tsza wyprosi \u0142aski, o kt\u00f3re modlili\u015bmy si\u0119 w tej Mszy \u015bw. dla&#8230; <a class=\"continue-reading-link\" href=\"http:\/\/parafia.scinawa.info\/index.php\/2025\/10\/31\/intencje-mszalne-01-11-2025\/\">Czytaj dalej <span class=\"meta-nav\">&rarr; <\/span><\/a><\/p>\n","protected":false},"author":2,"featured_media":0,"comment_status":"closed","ping_status":"closed","sticky":false,"template":"","format":"standard","meta":{"footnotes":""},"categories":[39],"tags":[],"class_list":["post-3055","post","type-post","status-publish","format-standard","hentry","category-intencje"],"_links":{"self":[{"href":"http:\/\/parafia.scinawa.info\/index.php\/wp-json\/wp\/v2\/posts\/3055","targetHints":{"allow":["GET"]}}],"collection":[{"href":"http:\/\/parafia.scinawa.info\/index.php\/wp-json\/wp\/v2\/posts"}],"about":[{"href":"http:\/\/parafia.scinawa.info\/index.php\/wp-json\/wp\/v2\/types\/post"}],"author":[{"embeddable":true,"href":"http:\/\/parafia.scinawa.info\/index.php\/wp-json\/wp\/v2\/users\/2"}],"replies":[{"embeddable":true,"href":"http:\/\/parafia.scinawa.info\/index.php\/wp-json\/wp\/v2\/comments?post=3055"}],"version-history":[{"count":1,"href":"http:\/\/parafia.scinawa.info\/index.php\/wp-json\/wp\/v2\/posts\/3055\/revisions"}],"predecessor-version":[{"id":3056,"href":"http:\/\/parafia.scinawa.info\/index.php\/wp-json\/wp\/v2\/posts\/3055\/revisions\/3056"}],"wp:attachment":[{"href":"http:\/\/parafia.scinawa.info\/index.php\/wp-json\/wp\/v2\/media?parent=3055"}],"wp:term":[{"taxonomy":"category","embeddable":true,"href":"http:\/\/parafia.scinawa.info\/index.php\/wp-json\/wp\/v2\/categories?post=3055"},{"taxonomy":"post_tag","embeddable":true,"href":"http:\/\/parafia.scinawa.info\/index.php\/wp-json\/wp\/v2\/tags?post=3055"}],"curies":[{"name":"wp","href":"https:\/\/api.w.org\/{rel}","templated":true}]}}