{"id":3059,"date":"2025-10-31T12:08:05","date_gmt":"2025-10-31T11:08:05","guid":{"rendered":"http:\/\/parafia.scinawa.info\/?p=3059"},"modified":"2025-10-31T12:08:05","modified_gmt":"2025-10-31T11:08:05","slug":"ogloszenia-duszpasterskie-31-niedziela-zwykla-02-11-2025","status":"publish","type":"post","link":"http:\/\/parafia.scinawa.info\/index.php\/2025\/10\/31\/ogloszenia-duszpasterskie-31-niedziela-zwykla-02-11-2025\/","title":{"rendered":"Og\u0142oszenia duszpasterskie &#8211; 31 Niedziela zwyk\u0142a \u2013 02.11. 2025"},"content":{"rendered":"\n<p><strong><u>1<\/u><\/strong><strong>.<\/strong> Dzi\u015b prze\u017cywamy <strong><em>31 Niedziel\u0119 zwyk\u0142\u0105<\/em><\/strong><strong> &nbsp;<\/strong><strong>i zarazem wspomnienie Wszystkich Wiernych Zmar\u0142ych.<\/strong> Msze \u015bw. wg porz\u0105dku niedzielnego. Msze \u015bw. wg porz\u0105dku niedzielnego. Zmiana tajemnic \u017bywego R\u00f3\u017ca\u0144ca o <strong>10<sup>30<\/sup>.<\/strong> <strong><em>&nbsp;<\/em><\/strong><\/p>\n\n\n\n<p><strong><u>2<\/u><\/strong><strong>.<\/strong> Msze \u015bw. w tygodniu&nbsp; o <strong>7<sup>00<\/sup><\/strong> i <strong>18<sup>00<\/sup><\/strong>.<\/p>\n\n\n\n<p><strong><u>3.<\/u><\/strong> Codziennie spowied\u017a i adoracja Naj\u015bwi\u0119tszego Sakramentu o godz. <strong>17<sup>00<\/sup>, a wypominki o <\/strong><strong>17<sup>30<\/sup>.<\/strong><\/p>\n\n\n\n<p><strong><u>4<\/u><\/strong><strong>.<\/strong> <strong>&nbsp;We wtorek<\/strong> \u2013 wspomnienie \u015bw. Karola Boromeusza<\/p>\n\n\n\n<p><strong><u>5.<\/u><\/strong> W tym tygodniu obchodzimy I czwartek i I pi\u0105tek miesi\u0105ca.<\/p>\n\n\n\n<p><strong><u>6<\/u><\/strong><strong>.<\/strong> <strong><em>Odwiedziny chorych w I pi\u0105tek miesi\u0105ca od godz. <\/em>8<sup>30<\/sup><em>.<\/em><\/strong><strong><u><\/u><\/strong><\/p>\n\n\n\n<p><strong><u>7<\/u><\/strong><strong>. <\/strong>W przysz\u0142\u0105 niedziel\u0119 b\u0119dziemy prze\u017cywa\u0107 <strong><em>32 Niedziel\u0119 zwyk\u0142\u0105 i Rocznica po\u015bwiecenia Bazyliki Latera\u0144skiej.<\/em><\/strong> Msze \u015bw. wg porz\u0105dku niedzielnego.<\/p>\n\n\n\n<p><strong><u>8<\/u><\/strong><strong>.<\/strong> Kancelaria czynna codziennie po Mszy \u015bw. wieczornej z wyj\u0105tkiem niedziel, uroczysto\u015bci i \u015bwi\u0105t.<\/p>\n\n\n\n<p><strong><u>7<\/u><\/strong><strong>.<\/strong> Do nabycia jest prasa katolicka: Niedziela, Go\u015b\u0107 Niedzielny, Ma\u0142y Go\u015b\u0107 Niedzielny i R\u00f3\u017caniec.<\/p>\n\n\n\n<p><strong><u>9<\/u><\/strong><strong>.<\/strong> Dzi\u0119kuj\u0119 wszystkim, kt\u00f3rzy w tym tygodniu sprz\u0105tali \u015bwi\u0105tyni\u0119 i przygotowali j\u0105 na nasze spotkanie eucharystyczne.<\/p>\n\n\n\n<p><strong><u>10<\/u><\/strong><strong>.<\/strong> Serdeczne B\u00f3g zap\u0142a\u0107 za ofiary sk\u0142adane na remonty w naszej parafii.<\/p>\n\n\n\n<p><strong><u>11.<\/u><\/strong> &nbsp;Intencje mszalne, kalendarze, obrazki \u2013 pami\u0105tki odprawionej Mszy \u015bw.<\/p>\n\n\n\n<p><strong><u>12<\/u><\/strong><strong>. <\/strong>W listopadzie spotkania<strong><em> dla rodzic\u00f3w i dzieci o godz. 12<sup>30<\/sup>.<\/em><\/strong><\/p>\n\n\n\n<p><strong>02.11<\/strong> &#8211; <strong>I niedziela miesi\u0105ca<\/strong> &nbsp; &nbsp;&nbsp;&nbsp;&nbsp;&nbsp;&nbsp;&nbsp;&nbsp; \u2013 klasy I<\/p>\n\n\n\n<p><strong>09.11<\/strong> &#8211; <strong>II niedziela miesi\u0105ca<\/strong> &nbsp;&nbsp;&nbsp;&nbsp;&nbsp;&nbsp;&nbsp;&nbsp; \u2013 klasy II<\/p>\n\n\n\n<p><strong>16.11<\/strong> &#8211; <strong>III niedziela miesi\u0105ca<\/strong> &nbsp;&nbsp;&nbsp;&nbsp;&nbsp;&nbsp;&nbsp;&nbsp; \u2013 klasy III<\/p>\n\n\n\n<p><strong>23.11<\/strong> &#8211; <strong>IV niedziela miesi\u0105ca<\/strong> &nbsp;&nbsp;&nbsp;&nbsp;&nbsp;&nbsp;&nbsp;&nbsp; \u2013 klasy IV<\/p>\n\n\n\n<p><strong><u>13.<\/u><\/strong> <strong><em><u>W \u015brod\u0119, 5 listopada<\/u><\/em><\/strong> na nasz\u0105 parafi\u0119 przypada wieczysta adoracja Naj\u015bwi\u0119tszego Sakramentu, kt\u00f3ra b\u0119dzie trwa\u0142a od <strong>7<sup>30<\/sup><\/strong> do <strong>18<sup>00<\/sup><\/strong>. Zach\u0119cam \u017bywy R\u00f3\u017caniec, inne grupy i wszystkich wiernych na chwil\u0119 adoracji.&nbsp;&nbsp;&nbsp;&nbsp;&nbsp;&nbsp;&nbsp;&nbsp;&nbsp;&nbsp;&nbsp;&nbsp;<\/p>\n\n\n\n<p><strong><em>Program adoracji:<\/em><\/strong><\/p>\n\n\n\n<p><strong>&nbsp; 8.00 &#8211; 9.00 \u2013 I R\u00f3\u017ca \u017ce\u0144ska<\/strong><\/p>\n\n\n\n<p><strong>&nbsp; 9.00 -10.00 \u2013 II R\u00f3\u017ca \u017ce\u0144ska<\/strong><\/p>\n\n\n\n<p><strong>10.00 -11.00 \u2013 III R\u00f3\u017ca \u017ce\u0144ska<\/strong><\/p>\n\n\n\n<p><strong>11.00 -12.00 \u2013 IV R\u00f3\u017ca \u017ce\u0144ska<\/strong><\/p>\n\n\n\n<p><strong>12.00 -13.00 \u2013 V R\u00f3\u017ca \u017ce\u0144ska<\/strong><\/p>\n\n\n\n<p><strong>13.00 -14.00 \u2013 VI R\u00f3\u017ca \u017ce\u0144ska<\/strong><\/p>\n\n\n\n<p><strong>14.00 -15.00 \u2013 R\u00f3\u017ca m\u0119ska<\/strong><\/p>\n\n\n\n<p><strong>&nbsp;&nbsp;&nbsp;&nbsp;&nbsp; 15.00 -16.00 \u2013 I R\u00f3\u017ca Rodzic\u00f3w za dzieci<\/strong><\/p>\n\n\n\n<p><strong>&nbsp;&nbsp;&nbsp;&nbsp;&nbsp; 16.00 -17.00 \u2013&nbsp; II i III R\u00f3\u017ca Rodzic\u00f3w za dzieci<\/strong><\/p>\n\n\n\n<p><em>\u017byczymy mi\u0142ego tygodnia i obfitych \u0142ask Bo\u017cych.<\/em><\/p>\n","protected":false},"excerpt":{"rendered":"<p>1. Dzi\u015b prze\u017cywamy 31 Niedziel\u0119 zwyk\u0142\u0105 &nbsp;i zarazem wspomnienie Wszystkich Wiernych Zmar\u0142ych. Msze \u015bw. wg porz\u0105dku niedzielnego. Msze \u015bw. wg porz\u0105dku niedzielnego. Zmiana tajemnic \u017bywego R\u00f3\u017ca\u0144ca o 1030. &nbsp; 2. Msze \u015bw. w tygodniu&nbsp; o 700 i 1800. 3. Codziennie spowied\u017a i adoracja Naj\u015bwi\u0119tszego Sakramentu o godz. 1700, a wypominki&#8230; <a class=\"continue-reading-link\" href=\"http:\/\/parafia.scinawa.info\/index.php\/2025\/10\/31\/ogloszenia-duszpasterskie-31-niedziela-zwykla-02-11-2025\/\">Czytaj dalej <span class=\"meta-nav\">&rarr; <\/span><\/a><\/p>\n","protected":false},"author":2,"featured_media":0,"comment_status":"closed","ping_status":"closed","sticky":false,"template":"","format":"standard","meta":{"footnotes":""},"categories":[1],"tags":[],"class_list":["post-3059","post","type-post","status-publish","format-standard","hentry","category-bez-kategorii"],"_links":{"self":[{"href":"http:\/\/parafia.scinawa.info\/index.php\/wp-json\/wp\/v2\/posts\/3059","targetHints":{"allow":["GET"]}}],"collection":[{"href":"http:\/\/parafia.scinawa.info\/index.php\/wp-json\/wp\/v2\/posts"}],"about":[{"href":"http:\/\/parafia.scinawa.info\/index.php\/wp-json\/wp\/v2\/types\/post"}],"author":[{"embeddable":true,"href":"http:\/\/parafia.scinawa.info\/index.php\/wp-json\/wp\/v2\/users\/2"}],"replies":[{"embeddable":true,"href":"http:\/\/parafia.scinawa.info\/index.php\/wp-json\/wp\/v2\/comments?post=3059"}],"version-history":[{"count":1,"href":"http:\/\/parafia.scinawa.info\/index.php\/wp-json\/wp\/v2\/posts\/3059\/revisions"}],"predecessor-version":[{"id":3060,"href":"http:\/\/parafia.scinawa.info\/index.php\/wp-json\/wp\/v2\/posts\/3059\/revisions\/3060"}],"wp:attachment":[{"href":"http:\/\/parafia.scinawa.info\/index.php\/wp-json\/wp\/v2\/media?parent=3059"}],"wp:term":[{"taxonomy":"category","embeddable":true,"href":"http:\/\/parafia.scinawa.info\/index.php\/wp-json\/wp\/v2\/categories?post=3059"},{"taxonomy":"post_tag","embeddable":true,"href":"http:\/\/parafia.scinawa.info\/index.php\/wp-json\/wp\/v2\/tags?post=3059"}],"curies":[{"name":"wp","href":"https:\/\/api.w.org\/{rel}","templated":true}]}}