{"id":3068,"date":"2025-11-15T12:11:44","date_gmt":"2025-11-15T11:11:44","guid":{"rendered":"http:\/\/parafia.scinawa.info\/?p=3068"},"modified":"2025-11-15T12:11:44","modified_gmt":"2025-11-15T11:11:44","slug":"ogloszenia-duszpasterskie-33-niedziela-zwykla-16-11-2025","status":"publish","type":"post","link":"http:\/\/parafia.scinawa.info\/index.php\/2025\/11\/15\/ogloszenia-duszpasterskie-33-niedziela-zwykla-16-11-2025\/","title":{"rendered":"Og\u0142oszenia duszpasterskie &#8211; 33 Niedziela zwyk\u0142a \u2013 16.11. 2025"},"content":{"rendered":"\n<p><strong><u>1<\/u><\/strong><strong>.<\/strong> Dzi\u015b prze\u017cywamy <strong><em>33 Niedziel\u0119 zwyk\u0142\u0105<\/em><\/strong>. Msze \u015bw. wg porz\u0105dku niedzielnego. <strong><em>R\u00f3wnie\u017c dzisiaj <\/em><\/strong><strong><em>o godz. 12<sup>30<\/sup> <\/em><\/strong><strong><em>&nbsp;<\/em><\/strong><strong><em>spotkanie dla rodzic\u00f3w i dzieci Pierwszokomunijnych po\u0142\u0105czone z po\u015bwi\u0119ceniem i przekazaniem dzieciom ksi\u0105\u017ceczek.<\/em><\/strong><strong><em><\/em><\/strong><\/p>\n\n\n\n<p><strong><u>2<\/u><\/strong><strong>.<\/strong> Msze \u015bw. w tygodniu&nbsp; o <strong>7<sup>00<\/sup><\/strong> i <strong>18<sup>00<\/sup><\/strong>.<\/p>\n\n\n\n<p><strong><u>3.<\/u><\/strong> Codziennie spowied\u017a i adoracja Naj\u015bwi\u0119tszego Sakramentu o godz. <strong>17<sup>00<\/sup>.<\/strong><\/p>\n\n\n\n<p><strong><u>4. <\/u><\/strong><strong>W tym tygodniu nabo\u017ce\u0144stwa:<\/strong><\/p>\n\n\n\n<p><strong>&#8211; <u>w poniedzia\u0142ek<\/u>&nbsp; &nbsp; &#8211; <\/strong>nabo\u017ce\u0144stwo<strong> <em>wypominkowe<\/em> <\/strong>o godz. <strong>17<sup>30<\/sup><\/strong><\/p>\n\n\n\n<p><strong>&#8211;<\/strong> <strong><u>w \u015brod\u0119<\/u><\/strong>&nbsp;&nbsp;&nbsp;&nbsp;&nbsp;&nbsp;&nbsp;&nbsp;&nbsp;&nbsp;&nbsp; &nbsp;&nbsp; <strong>&#8211; <\/strong>nabo\u017ce\u0144stwo<strong> <em>do<\/em><\/strong> <strong><em>NMP Nieustaj\u0105cej Pomocy i<\/em> \u015bw. J\u00f3zefa<\/strong> o <strong>17<sup>30<\/sup><\/strong><strong><u><\/u><\/strong><\/p>\n\n\n\n<p>&#8211; <strong><u>w sobot\u0119<\/u><\/strong> &nbsp; &nbsp;&nbsp;&nbsp;&nbsp;&nbsp;&nbsp;&nbsp;&nbsp;&nbsp; <strong>&#8211; <\/strong>nabo\u017ce\u0144stwo<strong> <em>do \u015bw. Rity<\/em><\/strong> o godz. <strong>17<sup>30<\/sup><\/strong><\/p>\n\n\n\n<p><a>&#8211; <strong><u>w niedziel\u0119<\/u><\/strong> &nbsp;&nbsp;&nbsp;&nbsp;&nbsp;&nbsp;&nbsp;&nbsp; <strong>&#8211; <\/strong>nabo\u017ce\u0144stwo<strong> <em>do \u015bw. Ojca Pio<\/em><\/strong> o godz. <strong>17<sup>30<\/sup><\/strong><\/a><\/p>\n\n\n\n<p><strong><u>5<\/u><\/strong><strong>.<\/strong> <strong>&nbsp;<\/strong>W tym tygodniu obchodzimy:<\/p>\n\n\n\n<p>&#8211; <strong>w poniedzia\u0142ek<\/strong> &nbsp;&nbsp; \u2013 wspomnienie \u015bw. El\u017cbiety W\u0119gierskiej, zakonnicy<\/p>\n\n\n\n<p>&#8211; <strong>we wtorek<\/strong> &nbsp;&nbsp;&nbsp;&nbsp;&nbsp;&nbsp;&nbsp;&nbsp;&nbsp;&nbsp; \u2013 wspomnienie b\u0142. Karoliny Kazk\u00f3wny, dziewicy i m\u0119czennicy<\/p>\n\n\n\n<p>&#8211; <strong><em>w czwartek<\/em><\/strong>&nbsp;&nbsp;&nbsp;&nbsp;&nbsp;&nbsp;&nbsp;&nbsp;&nbsp; \u2013 wspomnienie \u015bw. Rafa\u0142a Kalinowskiego, prezbitera<\/p>\n\n\n\n<p>&#8211;<strong><em> w<\/em><\/strong> <strong><em>pi\u0105tek<\/em><\/strong> &nbsp;&nbsp;&nbsp;&nbsp;&nbsp;&nbsp;&nbsp;&nbsp;&nbsp;&nbsp;&nbsp;&nbsp;&nbsp; \u2013 wspomnienie Ofiarowania NMP<\/p>\n\n\n\n<p>&#8211; <strong><em>w sobot\u0119<\/em><\/strong>&nbsp;&nbsp; &nbsp;&nbsp;&nbsp;&nbsp;&nbsp;&nbsp;&nbsp;&nbsp;&nbsp; \u2013 wspomnienie \u015bw. Cecylii, dziewicy i m\u0119czennicy, Patronki muzyki<\/p>\n\n\n\n<p>&nbsp;&nbsp;&nbsp;&nbsp;&nbsp;&nbsp;&nbsp;&nbsp;&nbsp;&nbsp;&nbsp;&nbsp;&nbsp;&nbsp;&nbsp;&nbsp;&nbsp;&nbsp;&nbsp;&nbsp;&nbsp;&nbsp;&nbsp;&nbsp;&nbsp;&nbsp;&nbsp;&nbsp;&nbsp;&nbsp;&nbsp;&nbsp;&nbsp; ko\u015bcielnej, \u015bwi\u0119to patronalne organist\u00f3w, ch\u00f3r\u00f3w, scholii<\/p>\n\n\n\n<p>&#8211;<strong><em> w<\/em><\/strong> <strong><em>sobot\u0119<\/em><\/strong>&nbsp; &nbsp;&nbsp;&nbsp;&nbsp;&nbsp;&nbsp;&nbsp;&nbsp;&nbsp;&nbsp; \u2013 o godz. <strong>14<sup>00<\/sup> <\/strong>w D\u0142u\u017cycach odpust parafialny ku czci Chrystusa Kr\u00f3la<\/p>\n\n\n\n<p><strong><u>6<\/u><\/strong><strong>. <\/strong>W przysz\u0142\u0105 niedziel\u0119 b\u0119dziemy prze\u017cywa\u0107 <strong><em>34 Niedziel\u0119 zwyk\u0142\u0105<\/em><\/strong> i zarazem Uroczysto\u015b\u0107 Chrystusa Kr\u00f3la Wszech\u015bwiata. Msze \u015bw. wg porz\u0105dku niedzielnego. <a><strong><em>O godz. 12<sup>30<\/sup> <\/em><\/strong><\/a><strong><em>&nbsp;<\/em><\/strong><strong><em>spotkanie dla rodzic\u00f3w i dzieci klas IV.<\/em><\/strong><\/p>\n\n\n\n<p><strong><em>Za publiczne odm\u00f3wienie \u201eAktu po\u015bwi\u0119cenia\u201d w uroczysto\u015b\u0107 Jezusa Chrystusa Kr\u00f3la Wszech\u015bwiata mo\u017cna uzyska\u0107 odpust zupe\u0142ny.<\/em><\/strong> &nbsp;<\/p>\n\n\n\n<p><strong><u>7<\/u><\/strong><strong>.<\/strong> Kancelaria czynna codziennie po Mszy \u015bw. wieczornej z wyj\u0105tkiem niedziel, uroczysto\u015bci i \u015bwi\u0105t.<\/p>\n\n\n\n<p><strong><u>8<\/u><\/strong><strong>.<\/strong> Do nabycia jest prasa katolicka: Niedziela, Go\u015b\u0107 Niedzielny, Ma\u0142y Go\u015b\u0107 Niedzielny i R\u00f3\u017caniec.<\/p>\n\n\n\n<p><strong><u>9<\/u><\/strong><strong>.<\/strong> Dzi\u0119kuj\u0119 wszystkim, kt\u00f3rzy w tym tygodniu sprz\u0105tali \u015bwi\u0105tyni\u0119 i przygotowali j\u0105 na nasze spotkanie eucharystyczne.<\/p>\n\n\n\n<p><strong><u>10<\/u><\/strong><strong>.<\/strong> Serdeczne B\u00f3g zap\u0142a\u0107 za ofiary sk\u0142adane na remonty w naszej parafii.<\/p>\n\n\n\n<p><strong><u>11.<\/u><\/strong> &nbsp;Intencje mszalne, kalendarze, obrazki \u2013 pami\u0105tki odprawionej Mszy \u015bw.<\/p>\n\n\n\n<p><em>\u017byczymy mi\u0142ego tygodnia i obfitych \u0142ask Bo\u017cych.<\/em><\/p>\n","protected":false},"excerpt":{"rendered":"<p>1. Dzi\u015b prze\u017cywamy 33 Niedziel\u0119 zwyk\u0142\u0105. Msze \u015bw. wg porz\u0105dku niedzielnego. R\u00f3wnie\u017c dzisiaj o godz. 1230 &nbsp;spotkanie dla rodzic\u00f3w i dzieci Pierwszokomunijnych po\u0142\u0105czone z po\u015bwi\u0119ceniem i przekazaniem dzieciom ksi\u0105\u017ceczek. 2. Msze \u015bw. w tygodniu&nbsp; o 700 i 1800. 3. Codziennie spowied\u017a i adoracja Naj\u015bwi\u0119tszego Sakramentu o godz. 1700. 4. W&#8230; <a class=\"continue-reading-link\" href=\"http:\/\/parafia.scinawa.info\/index.php\/2025\/11\/15\/ogloszenia-duszpasterskie-33-niedziela-zwykla-16-11-2025\/\">Czytaj dalej <span class=\"meta-nav\">&rarr; <\/span><\/a><\/p>\n","protected":false},"author":2,"featured_media":0,"comment_status":"closed","ping_status":"closed","sticky":false,"template":"","format":"standard","meta":{"footnotes":""},"categories":[40],"tags":[],"class_list":["post-3068","post","type-post","status-publish","format-standard","hentry","category-ogloszenia-duszpasterskie"],"_links":{"self":[{"href":"http:\/\/parafia.scinawa.info\/index.php\/wp-json\/wp\/v2\/posts\/3068","targetHints":{"allow":["GET"]}}],"collection":[{"href":"http:\/\/parafia.scinawa.info\/index.php\/wp-json\/wp\/v2\/posts"}],"about":[{"href":"http:\/\/parafia.scinawa.info\/index.php\/wp-json\/wp\/v2\/types\/post"}],"author":[{"embeddable":true,"href":"http:\/\/parafia.scinawa.info\/index.php\/wp-json\/wp\/v2\/users\/2"}],"replies":[{"embeddable":true,"href":"http:\/\/parafia.scinawa.info\/index.php\/wp-json\/wp\/v2\/comments?post=3068"}],"version-history":[{"count":1,"href":"http:\/\/parafia.scinawa.info\/index.php\/wp-json\/wp\/v2\/posts\/3068\/revisions"}],"predecessor-version":[{"id":3069,"href":"http:\/\/parafia.scinawa.info\/index.php\/wp-json\/wp\/v2\/posts\/3068\/revisions\/3069"}],"wp:attachment":[{"href":"http:\/\/parafia.scinawa.info\/index.php\/wp-json\/wp\/v2\/media?parent=3068"}],"wp:term":[{"taxonomy":"category","embeddable":true,"href":"http:\/\/parafia.scinawa.info\/index.php\/wp-json\/wp\/v2\/categories?post=3068"},{"taxonomy":"post_tag","embeddable":true,"href":"http:\/\/parafia.scinawa.info\/index.php\/wp-json\/wp\/v2\/tags?post=3068"}],"curies":[{"name":"wp","href":"https:\/\/api.w.org\/{rel}","templated":true}]}}