{"id":3080,"date":"2025-11-29T16:49:24","date_gmt":"2025-11-29T15:49:24","guid":{"rendered":"http:\/\/parafia.scinawa.info\/?p=3080"},"modified":"2025-11-29T16:49:24","modified_gmt":"2025-11-29T15:49:24","slug":"ogloszenia-duszpasterskie-1-niedziela-adwentu-30-11-2025","status":"publish","type":"post","link":"http:\/\/parafia.scinawa.info\/index.php\/2025\/11\/29\/ogloszenia-duszpasterskie-1-niedziela-adwentu-30-11-2025\/","title":{"rendered":"Og\u0142oszenia duszpasterskie &#8211; 1 Niedziela Adwentu \u2013 30.11. 2025"},"content":{"rendered":"\n<p><strong>1.<\/strong> Dzi\u015b prze\u017cywamy <strong><em><u>1 Niedziel\u0119 Adwentu<\/u><\/em><\/strong>. Pocz\u0105tek nowego roku liturgicznego. Msze \u015bw. wed\u0142ug porz\u0105dku niedzielnego. Dzisiaj na ka\u017cdej Mszy \u015bw. po\u015bwi\u0119cenie op\u0142atk\u00f3w wigilijnych, kt\u00f3re mo\u017cna nabywa\u0107 w zakrystii i u so\u0142tys\u00f3w na wioskach. <strong><em>O godz. 12<sup>30<\/sup> spotkanie dla rodzic\u00f3w i dzieci klas I.<\/em><\/strong><\/p>\n\n\n\n<p><strong>2.<\/strong> Msze \u015bw. w tygodniu&nbsp; o <strong>7<sup>00<\/sup><\/strong> i <strong>18<sup>00<\/sup><\/strong>. &nbsp;<\/p>\n\n\n\n<p><strong>3. <\/strong>Codziennie spowied\u017a i adoracja Naj\u015bwi\u0119tszego Sakramentu o godz. <strong>17<sup>00<\/sup>.<\/strong><\/p>\n\n\n\n<p><strong><u>4. <\/u><\/strong><strong>W tym tygodniu nabo\u017ce\u0144stwa:<\/strong><\/p>\n\n\n\n<p><strong>&#8211; <u>w poniedzia\u0142ek<\/u>&nbsp; &nbsp; &#8211; <\/strong>nabo\u017ce\u0144stwo<strong> <em>do Bo\u017cego Mi\u0142osierdzia<\/em> <\/strong>o godz. <strong>17<sup>30<\/sup><\/strong><\/p>\n\n\n\n<p><strong>&#8211;<\/strong> <strong><u>w \u015brod\u0119<\/u><\/strong> &nbsp;&nbsp;&nbsp;&nbsp;&nbsp;&nbsp;&nbsp;&nbsp;&nbsp;&nbsp;&nbsp;&nbsp;&nbsp;&nbsp; <strong>&#8211; <\/strong>Nowenna do <strong><em>NMP Nieustaj\u0105cej Pomocy<\/em><\/strong> o godz. <strong>17<sup>30<\/sup><\/strong><\/p>\n\n\n\n<p>&#8211; <strong>w czwartek<\/strong> &nbsp;&nbsp;&nbsp;&nbsp;&nbsp;&nbsp;&nbsp;&nbsp;&nbsp; &#8211; adoracja<strong> &#8211; I czwartek miesi\u0105ca <\/strong>o godz. <strong>17<sup>30<\/sup><\/strong><\/p>\n\n\n\n<p>&#8211; <strong><u>w pi\u0105tek<\/u><\/strong> &nbsp;&nbsp;&nbsp;&nbsp;&nbsp;&nbsp;&nbsp;&nbsp;&nbsp;&nbsp;&nbsp;&nbsp;&nbsp; &#8211;&nbsp; nabo\u017ce\u0144stwo <strong>I pi\u0105tku miesi\u0105ca <\/strong>o godz. <strong>17<sup>30<\/sup><\/strong><\/p>\n\n\n\n<p>&#8211; <strong><u>w sobot\u0119<\/u><\/strong> &nbsp;&nbsp;&nbsp;&nbsp;&nbsp;&nbsp;&nbsp;&nbsp;&nbsp;&nbsp;&nbsp;&nbsp; &#8211;&nbsp; nabo\u017ce\u0144stwo <strong>I soboty miesi\u0105ca<\/strong> <em>o godz.<\/em><strong>17<sup>00<\/sup><\/strong><strong><u><\/u><\/strong><\/p>\n\n\n\n<p><strong><u>5<\/u><\/strong><strong>. <\/strong>W tym tygodniu obchodzimy:<\/p>\n\n\n\n<p>&#8211; <strong>w \u015brod\u0119<\/strong> &#8211;&nbsp; wspomnienie \u015bw. Franciszka Ksawerego, prezbitera<\/p>\n\n\n\n<p>&#8211; <strong>w czwartek<\/strong> \u2013 wspomnienie dowolne \u015bw. Barbary, m\u0119czennicy i patronki g\u00f3rnik\u00f3w<\/p>\n\n\n\n<p>&#8211; <strong>w sobot\u0119 <\/strong>\u2013 wspomnienie \u015bw. Miko\u0142aja, biskupa<\/p>\n\n\n\n<p><strong><u>6<\/u><\/strong><strong>.<\/strong> W tym tygodniu obchodzimy I czwartek i I pi\u0105tek i I sobot\u0119 miesi\u0105ca.<\/p>\n\n\n\n<p><strong><u>7<\/u><\/strong><strong>.<\/strong> <strong><em>Odwiedziny chorych w I pi\u0105tek miesi\u0105ca od godz. 8.30.<\/em><\/strong><strong><u><\/u><\/strong><\/p>\n\n\n\n<p><strong><u>8<\/u><\/strong><strong>. <\/strong>W przysz\u0142\u0105 niedziel\u0119 b\u0119dziemy prze\u017cywa\u0107 <strong><em><u>2 Niedziel\u0119 Adwentu<\/u><\/em><\/strong>. Msze \u015bw. wed\u0142ug porz\u0105dku niedzielnego. W drug\u0105 niedziel\u0119 Adwentu, tradycyjnie b\u0119dzie obchodzony w Ko\u015bciele w Polsce Dzie\u0144 Modlitwy i Pomocy Materialnej Ko\u015bcio\u0142owi na Wschodzie. Wesprze\u0107 Ko\u015bci\u00f3\u0142 katolicki na Wschodzie mo\u017cna przede wszystkim poprzez modlitw\u0119 i zbi\u00f3rk\u0119 ofiar do puszek w ko\u015bcio\u0142ach w niedziel\u0119 7 grudnia. <strong><em><\/em><\/strong><\/p>\n\n\n\n<p><strong><u>9<\/u><\/strong><strong>.<\/strong> Kancelaria czynna codziennie po Mszy \u015bw. wieczornej z wyj\u0105tkiem niedziel, uroczysto\u015bci i \u015bwi\u0105t.<\/p>\n\n\n\n<p><strong><u>10<\/u><\/strong><strong>.<\/strong> Do nabycia jest prasa katolicka: Niedziela, Go\u015b\u0107 Niedzielny, Ma\u0142y GN i R\u00f3\u017caniec.<\/p>\n\n\n\n<p><strong><u>11<\/u><\/strong><strong>.<\/strong> Dzi\u0119kuj\u0119 wszystkim, kt\u00f3rzy w tym tygodniu sprz\u0105tali \u015bwi\u0105tyni\u0119 i przygotowali j\u0105 na nasze spotkanie eucharystyczne.<\/p>\n\n\n\n<p><strong><u>12<\/u><\/strong><strong>.<\/strong> Serdeczne B\u00f3g zap\u0142a\u0107 za ofiary sk\u0142adane na remonty w naszej parafii.<\/p>\n\n\n\n<p><strong><u>13<\/u><\/strong><strong>.<\/strong> Intencje mszalne, obrazki \u2013 pami\u0105tki odprawionej Mszy \u015bw.<\/p>\n\n\n\n<p><strong><u>14<\/u><\/strong>. W tygodniu roraty o godz. <strong>18<sup>00<\/sup><\/strong>. Dzieci zapraszam na roraty z sercami, na kt\u00f3rych wypisz\u0105 dobry uczynek z bie\u017c\u0105cego dnia. Serca bior\u0105 udzia\u0142 codziennie w losowaniu nagr\u00f3d.<\/p>\n\n\n\n<p><strong><u>15<\/u><\/strong><strong>.<\/strong> Od jutra b\u0119d\u0105 rozprowadzane \u015bwiece wigilijne jako \u201eWigilijne Dzie\u0142o Pomocy Dzieciom\u201d. <strong>Ma\u0142a \u015bwieca 10 z\u0142, a du\u017ca 20 z\u0142<\/strong>,&nbsp; tak\u017ce kartki \u015bwi\u0105teczne, kalendarze.<\/p>\n\n\n\n<p><strong><u>16<\/u>. <\/strong>Spotkanie dla <strong>uczni\u00f3w klas 6<\/strong> przygotowuj\u0105cych si\u0119 do sakramentu bierzmowania, odb\u0119dzie si\u0119 we wtorek (02.12) <strong>o godzinie 19.00 w salce parafialnej.<\/strong><\/p>\n\n\n\n<p><em>\u017byczymy mi\u0142ego tygodnia i obfitych \u0142ask Bo\u017cych.<\/em><\/p>\n","protected":false},"excerpt":{"rendered":"<p>1. Dzi\u015b prze\u017cywamy 1 Niedziel\u0119 Adwentu. Pocz\u0105tek nowego roku liturgicznego. Msze \u015bw. wed\u0142ug porz\u0105dku niedzielnego. Dzisiaj na ka\u017cdej Mszy \u015bw. po\u015bwi\u0119cenie op\u0142atk\u00f3w wigilijnych, kt\u00f3re mo\u017cna nabywa\u0107 w zakrystii i u so\u0142tys\u00f3w na wioskach. O godz. 1230 spotkanie dla rodzic\u00f3w i dzieci klas I. 2. Msze \u015bw. w tygodniu&nbsp; o 700&#8230; <a class=\"continue-reading-link\" href=\"http:\/\/parafia.scinawa.info\/index.php\/2025\/11\/29\/ogloszenia-duszpasterskie-1-niedziela-adwentu-30-11-2025\/\">Czytaj dalej <span class=\"meta-nav\">&rarr; <\/span><\/a><\/p>\n","protected":false},"author":2,"featured_media":0,"comment_status":"closed","ping_status":"closed","sticky":false,"template":"","format":"standard","meta":{"footnotes":""},"categories":[40],"tags":[],"class_list":["post-3080","post","type-post","status-publish","format-standard","hentry","category-ogloszenia-duszpasterskie"],"_links":{"self":[{"href":"http:\/\/parafia.scinawa.info\/index.php\/wp-json\/wp\/v2\/posts\/3080","targetHints":{"allow":["GET"]}}],"collection":[{"href":"http:\/\/parafia.scinawa.info\/index.php\/wp-json\/wp\/v2\/posts"}],"about":[{"href":"http:\/\/parafia.scinawa.info\/index.php\/wp-json\/wp\/v2\/types\/post"}],"author":[{"embeddable":true,"href":"http:\/\/parafia.scinawa.info\/index.php\/wp-json\/wp\/v2\/users\/2"}],"replies":[{"embeddable":true,"href":"http:\/\/parafia.scinawa.info\/index.php\/wp-json\/wp\/v2\/comments?post=3080"}],"version-history":[{"count":1,"href":"http:\/\/parafia.scinawa.info\/index.php\/wp-json\/wp\/v2\/posts\/3080\/revisions"}],"predecessor-version":[{"id":3081,"href":"http:\/\/parafia.scinawa.info\/index.php\/wp-json\/wp\/v2\/posts\/3080\/revisions\/3081"}],"wp:attachment":[{"href":"http:\/\/parafia.scinawa.info\/index.php\/wp-json\/wp\/v2\/media?parent=3080"}],"wp:term":[{"taxonomy":"category","embeddable":true,"href":"http:\/\/parafia.scinawa.info\/index.php\/wp-json\/wp\/v2\/categories?post=3080"},{"taxonomy":"post_tag","embeddable":true,"href":"http:\/\/parafia.scinawa.info\/index.php\/wp-json\/wp\/v2\/tags?post=3080"}],"curies":[{"name":"wp","href":"https:\/\/api.w.org\/{rel}","templated":true}]}}