{"id":3089,"date":"2025-12-13T13:24:39","date_gmt":"2025-12-13T12:24:39","guid":{"rendered":"http:\/\/parafia.scinawa.info\/?p=3089"},"modified":"2025-12-13T13:24:39","modified_gmt":"2025-12-13T12:24:39","slug":"ogloszenia-duszpasterskie-3-niedziela-adwentu-14-12-2025","status":"publish","type":"post","link":"http:\/\/parafia.scinawa.info\/index.php\/2025\/12\/13\/ogloszenia-duszpasterskie-3-niedziela-adwentu-14-12-2025\/","title":{"rendered":"Og\u0142oszenia duszpasterskie &#8211; 3 Niedziela Adwentu \u2013 14.12. 2025"},"content":{"rendered":"\n<p><strong>1.<\/strong> Dzi\u015b prze\u017cywamy <strong><em><u>3 Niedziel\u0119 Adwentu<\/u><\/em><\/strong>. Msze \u015bw. wed\u0142ug porz\u0105dku niedzielnego. O godz. <strong>12<sup>30<\/sup><\/strong> spotkanie dla rodzic\u00f3w i dzieci Pierwszokomunijnych po\u0142\u0105czone z po\u015bwi\u0119ceniem i przekazaniem dzieciom medalik\u00f3w.<strong><em><\/em><\/strong><\/p>\n\n\n\n<p><strong>2.<\/strong> Msze \u015bw. w tygodniu&nbsp; o <strong>7<sup>00<\/sup><\/strong> i <strong>18<sup>00<\/sup><\/strong>.<\/p>\n\n\n\n<p><strong>3. <\/strong>Codziennie spowied\u017a i adoracja Naj\u015bwi\u0119tszego Sakramentu o godz. <strong>17<sup>00<\/sup>.<\/strong><\/p>\n\n\n\n<p><strong><u>4. <\/u><\/strong><strong>W tym tygodniu nabo\u017ce\u0144stwa:<\/strong><\/p>\n\n\n\n<p><strong>&#8211; <u>w poniedzia\u0142ek<\/u>&nbsp; &nbsp;&nbsp;&nbsp;&nbsp;&nbsp;&nbsp;&nbsp;&nbsp;&nbsp;&nbsp;&nbsp; &#8211; <\/strong>nabo\u017ce\u0144stwo<strong> <em>do Bo\u017cego Mi\u0142osierdzia<\/em> <\/strong>o godz. <strong>17<sup>30<\/sup><\/strong><\/p>\n\n\n\n<p><strong>&#8211; we wtorek&nbsp;&nbsp;&nbsp;&nbsp;&nbsp;&nbsp;&nbsp;&nbsp;&nbsp;&nbsp;&nbsp;&nbsp;&nbsp;&nbsp;&nbsp;&nbsp;&nbsp;&nbsp;&nbsp;&nbsp;&nbsp;&nbsp; &#8211; <\/strong>nabo\u017ce\u0144stwo<strong> <em>do \u015bw. Jana Paw\u0142a II <\/em><\/strong>o godz. <strong>17<sup>30<\/sup><\/strong><\/p>\n\n\n\n<p><strong>&#8211;<\/strong> <strong><u>w \u015brod\u0119<\/u><\/strong> &nbsp;&nbsp;&nbsp;&nbsp;&nbsp;&nbsp;&nbsp;&nbsp;&nbsp;&nbsp;&nbsp;&nbsp;&nbsp;&nbsp;&nbsp; &nbsp;&nbsp;&nbsp;&nbsp;&nbsp;&nbsp;&nbsp;&nbsp;&nbsp;&nbsp;&nbsp; <strong>&#8211; <\/strong>Nowenna do <strong><em>NMP Nieustaj\u0105cej Pomocy<\/em><\/strong> o godz. <strong>17<sup>30<\/sup><\/strong><\/p>\n\n\n\n<p><strong>&#8211; <u>w pi\u0105tek<\/u>&nbsp; &nbsp;&nbsp;&nbsp;&nbsp;&nbsp;&nbsp;&nbsp;&nbsp;&nbsp;&nbsp;&nbsp;&nbsp;&nbsp; &nbsp;&nbsp;&nbsp;&nbsp;&nbsp;&nbsp;&nbsp;&nbsp;&nbsp;&nbsp;&nbsp; &#8211; <\/strong>nabo\u017ce\u0144stwo<strong> <em>do \u015bw. J\u00f3zefa <\/em><\/strong>o godz. <strong>17<sup>30<\/sup><\/strong><\/p>\n\n\n\n<p><strong><u>5.<\/u><\/strong> Od czwartku <em>rekolekcje adwentowe w naszej parafii po\u0142\u0105czone ze spowiedzi\u0105 przed \u015bwi\u0119tami <\/em>(Program rekolekcji )<\/p>\n\n\n\n<p><strong><u>6.<\/u><\/strong> W przysz\u0142\u0105 niedziel\u0119 b\u0119dziemy prze\u017cywa\u0107 <strong>4 Niedziel\u0119 Adwentu<\/strong>. Msze \u015bw. wed\u0142ug porz\u0105dku niedzielnego. O godz. <strong>12<sup>30<\/sup><\/strong> spotkanie dla rodzic\u00f3w i dzieci klas IV.&nbsp;<\/p>\n\n\n\n<p><strong><u>7<\/u><\/strong><strong>.<\/strong> Kancelaria czynna codziennie po Mszy \u015bw. wieczornej z wyj\u0105tkiem niedziel, uroczysto\u015bci i \u015bwi\u0105t.<\/p>\n\n\n\n<p><strong><u>8<\/u><\/strong><strong>.<\/strong> Do nabycia jest prasa katolicka: Niedziela, Go\u015b\u0107 Niedzielny, Ma\u0142y GN i R\u00f3\u017caniec.<\/p>\n\n\n\n<p><strong><u>9<\/u><\/strong><strong>.<\/strong> Dzi\u0119kuj\u0119 wszystkim, kt\u00f3rzy w tym tygodniu sprz\u0105tali \u015bwi\u0105tyni\u0119 i przygotowali j\u0105 na nasze spotkanie eucharystyczne.<\/p>\n\n\n\n<p><strong><u>10<\/u><\/strong><strong>.<\/strong> Serdeczne B\u00f3g zap\u0142a\u0107 za ofiary sk\u0142adane na remonty w naszej parafii.<\/p>\n\n\n\n<p><strong><u>11<\/u><\/strong><strong>.<\/strong> Intencje mszalne, obrazki \u2013 pami\u0105tki odprawionej Mszy \u015bw.<\/p>\n\n\n\n<p><strong><u>12<\/u><\/strong>. W tygodniu roraty o godz. <strong>18<sup>00<\/sup><\/strong>, a w czasie rekolekcji o<strong>16<sup>00<\/sup>.<\/strong> &nbsp;Dzieci zapraszam na roraty z sercami, na kt\u00f3rych wypisz\u0105 dobry uczynek z bie\u017c\u0105cego dnia. Serca bior\u0105 udzia\u0142 codziennie w losowaniu nagr\u00f3d.<\/p>\n\n\n\n<p><strong><u>13<\/u><\/strong><strong>.<\/strong> \u015awiece &#8211; \u201eWigilijne Dzie\u0142o Pomocy Dzieciom\u201d &#8211; <strong>ma\u0142a \u015bwieca 10 z\u0142, a du\u017ca 20 z\u0142<\/strong>,&nbsp; tak\u017ce kartki \u015bwi\u0105teczne, kalendarze, po\u015bwi\u0119cone op\u0142atki.<\/p>\n\n\n\n<p><strong><u>14<\/u><\/strong><strong>. <\/strong>Spotkanie dla <strong>uczni\u00f3w klas 8<\/strong> przygotowuj\u0105cych si\u0119 do sakramentu bierzmowania, odb\u0119dzie si\u0119 we wtorek (16.12) <strong>o godzinie 19.00 w salce parafialnej.<\/strong><\/p>\n\n\n\n<p><strong><u>15. <\/u><\/strong>Odwiedziny chorych przed \u015bwi\u0119tami<strong> w <u>poniedzia\u0142ek &#8211; 22 grudnia<\/u> od godz. 8.30. <\/strong>Odwiedzimy chorych do kt\u00f3rych chodzimy w I pi\u0105tki&nbsp; i tych, kt\u00f3rzy b\u0119d\u0105 zg\u0142oszeni do przysz\u0142ej niedzieli w\u0142\u0105cznie.&nbsp;&nbsp;&nbsp;&nbsp;&nbsp;&nbsp;&nbsp;&nbsp;&nbsp;&nbsp;&nbsp;&nbsp;&nbsp;&nbsp;&nbsp;&nbsp;&nbsp;&nbsp;&nbsp;&nbsp; <em>\u017byczymy mi\u0142ego tygodnia i obfitych \u0142ask Bo\u017cych.<\/em><\/p>\n","protected":false},"excerpt":{"rendered":"<p>1. Dzi\u015b prze\u017cywamy 3 Niedziel\u0119 Adwentu. Msze \u015bw. wed\u0142ug porz\u0105dku niedzielnego. O godz. 1230 spotkanie dla rodzic\u00f3w i dzieci Pierwszokomunijnych po\u0142\u0105czone z po\u015bwi\u0119ceniem i przekazaniem dzieciom medalik\u00f3w. 2. Msze \u015bw. w tygodniu&nbsp; o 700 i 1800. 3. Codziennie spowied\u017a i adoracja Naj\u015bwi\u0119tszego Sakramentu o godz. 1700. 4. W tym tygodniu&#8230; <a class=\"continue-reading-link\" href=\"http:\/\/parafia.scinawa.info\/index.php\/2025\/12\/13\/ogloszenia-duszpasterskie-3-niedziela-adwentu-14-12-2025\/\">Czytaj dalej <span class=\"meta-nav\">&rarr; <\/span><\/a><\/p>\n","protected":false},"author":2,"featured_media":0,"comment_status":"closed","ping_status":"closed","sticky":false,"template":"","format":"standard","meta":{"footnotes":""},"categories":[40],"tags":[],"class_list":["post-3089","post","type-post","status-publish","format-standard","hentry","category-ogloszenia-duszpasterskie"],"_links":{"self":[{"href":"http:\/\/parafia.scinawa.info\/index.php\/wp-json\/wp\/v2\/posts\/3089","targetHints":{"allow":["GET"]}}],"collection":[{"href":"http:\/\/parafia.scinawa.info\/index.php\/wp-json\/wp\/v2\/posts"}],"about":[{"href":"http:\/\/parafia.scinawa.info\/index.php\/wp-json\/wp\/v2\/types\/post"}],"author":[{"embeddable":true,"href":"http:\/\/parafia.scinawa.info\/index.php\/wp-json\/wp\/v2\/users\/2"}],"replies":[{"embeddable":true,"href":"http:\/\/parafia.scinawa.info\/index.php\/wp-json\/wp\/v2\/comments?post=3089"}],"version-history":[{"count":1,"href":"http:\/\/parafia.scinawa.info\/index.php\/wp-json\/wp\/v2\/posts\/3089\/revisions"}],"predecessor-version":[{"id":3090,"href":"http:\/\/parafia.scinawa.info\/index.php\/wp-json\/wp\/v2\/posts\/3089\/revisions\/3090"}],"wp:attachment":[{"href":"http:\/\/parafia.scinawa.info\/index.php\/wp-json\/wp\/v2\/media?parent=3089"}],"wp:term":[{"taxonomy":"category","embeddable":true,"href":"http:\/\/parafia.scinawa.info\/index.php\/wp-json\/wp\/v2\/categories?post=3089"},{"taxonomy":"post_tag","embeddable":true,"href":"http:\/\/parafia.scinawa.info\/index.php\/wp-json\/wp\/v2\/tags?post=3089"}],"curies":[{"name":"wp","href":"https:\/\/api.w.org\/{rel}","templated":true}]}}