{"id":3095,"date":"2025-12-20T14:11:35","date_gmt":"2025-12-20T13:11:35","guid":{"rendered":"http:\/\/parafia.scinawa.info\/?p=3095"},"modified":"2025-12-21T09:05:30","modified_gmt":"2025-12-21T08:05:30","slug":"ogloszenia-duszpasterskie-4-niedziela-adwentu-21-12-2025","status":"publish","type":"post","link":"http:\/\/parafia.scinawa.info\/index.php\/2025\/12\/20\/ogloszenia-duszpasterskie-4-niedziela-adwentu-21-12-2025\/","title":{"rendered":"Og\u0142oszenia duszpasterskie &#8211; 4 Niedziela Adwentu \u2013 21.12. 2025"},"content":{"rendered":"\n<p><strong><u>1<\/u><\/strong><strong>.<\/strong> Dzi\u015b prze\u017cywamy <strong><em><u>4 Niedziel\u0119 Adwentu<\/u><\/em><\/strong>. Msze \u015bw. wed\u0142ug porz\u0105dku niedzielnego.&nbsp;<\/p>\n\n\n\n<p><strong><u>2<\/u><\/strong><strong>. <\/strong>Codziennie spowied\u017a i adoracja Naj\u015bwi\u0119tszego Sakramentu o godz. <strong>17<sup>00<\/sup>.<\/strong><\/p>\n\n\n\n<p><a><strong><u>3. <\/u><\/strong><\/a><strong>Odwiedziny chorych przed \u015bwi\u0119tami w poniedzia\u0142ek od godz. 8.30. <\/strong>Odwiedzimy chorych do kt\u00f3rych chodzimy w I pi\u0105tki&nbsp; i tych, kt\u00f3rzy b\u0119d\u0105 zg\u0142oszeni do dzisiaj w\u0142\u0105cznie.<strong><u><\/u><\/strong><\/p>\n\n\n\n<p><strong><u>4<\/u><\/strong>. We wtorek zako\u0144czenie rorat o godz. <strong>18<sup>00<\/sup>.<\/strong><\/p>\n\n\n\n<p><strong><u>5.<\/u><\/strong><strong><em> W \u015brod\u0119 Msza rano o <\/em><\/strong><strong>7<sup>00<\/sup><\/strong><strong><em> , a wieczorem zasiadamy do wieczerzy wigilijnej, a po niej <u>Msze Pasterki w naszej Parafii wed\u0142ug nast\u0119puj\u0105cego planu<\/u><\/em><\/strong>: <strong> 22<sup>00<\/sup> i 24<sup>00<\/sup> w \u015acinawie, a w R\u0119szowie o 20<sup>30<\/sup>.\u00a0 <\/strong>Ofiary z tacy z pasterek przeznaczone s\u0105 na \u201eFundusz Ochrony \u017bycia\u201d.<\/p>\n\n\n\n<p><strong><u>6<\/u><\/strong><strong>.<\/strong> <strong><em><u>W czwartek, czyli w Bo\u017ce Narodzenie<\/u><\/em><\/strong>&nbsp; porz\u0105dek Mszy \u015bw. jest nast\u0119puj\u0105cy: <strong>9<sup>30<\/sup><\/strong>, <strong>11<sup>00<\/sup><\/strong>; <strong>12<sup>30 <\/sup><\/strong>i <strong>18<sup>00<\/sup><\/strong> w \u015acinawie,<strong> w R\u0119szowie o 9<sup>30<\/sup>.<\/strong><\/p>\n\n\n\n<p><strong><u>7<\/u><\/strong><strong>.<\/strong> <strong><em><u>W pi\u0105tek, drugi dzie\u0144 \u015awi\u0105t, \u015bw. Szczepana m\u0119czennika,<\/u><\/em><\/strong> porz\u0105dek Mszy \u015bw. niedzielny: <strong>8<sup>00; <\/sup>9<sup>30<\/sup>, 11<sup>00<\/sup><\/strong>; <strong>12<sup>30 <\/sup><\/strong>i <strong>18<sup>00<\/sup><\/strong> w \u015acinawie, <strong>9<sup>30<\/sup><\/strong> \u2013 w R\u0119szowie. W drugi dzie\u0144 \u015bwiat ofiary tradycyjnie zbierane s\u0105 na Uczelnie katolickie. Po\u015bwi\u0119cenie owsa.<\/p>\n\n\n\n<p><strong><u>8.<\/u><\/strong> Msze \u015bw. w sobot\u0119 o <strong>7<sup>00<\/sup><\/strong> i <strong>18<sup>00<\/sup><\/strong>.<\/p>\n\n\n\n<p><strong><u>9. <\/u><\/strong><strong>W tym tygodniu nabo\u017ce\u0144stwa:<\/strong><\/p>\n\n\n\n<p><strong>&#8211; <u>w poniedzia\u0142ek<\/u>&nbsp; &#8211; <\/strong>nabo\u017ce\u0144stwo<strong> <em>do Bo\u017cego Mi\u0142osierdzia<\/em>&nbsp; i <em>\u015bw. Rity<\/em> <\/strong>o godz. <strong>17<sup>30<\/sup><\/strong><\/p>\n\n\n\n<p><strong>&#8211; <u>we wtorek<\/u>&nbsp; &nbsp;&nbsp;&nbsp;&nbsp;&nbsp;&nbsp;&nbsp;&nbsp;&nbsp; &#8211; <\/strong>nabo\u017ce\u0144stwo<strong> <em>do<\/em> \u015bw. Ojca Pio<\/strong>o godz. <strong>17<sup>30<\/sup><\/strong><\/p>\n\n\n\n<p><strong>&#8211; <u>w niedziel\u0119<\/u>&nbsp; &nbsp;&nbsp;&nbsp;&nbsp;&nbsp;&nbsp;&nbsp; &#8211; <\/strong>nabo\u017ce\u0144stwo<strong> <em>do \u015bw. Ojca Szarbela<\/em> <\/strong>o godz. <strong>17<sup>30<\/sup><\/strong><\/p>\n\n\n\n<p><strong><u>10<\/u><\/strong><strong>. <\/strong>W tym tygodniu obchodzimy:<strong><\/strong><\/p>\n\n\n\n<p><strong><em>&#8211; w sobot\u0119 <\/em><\/strong>\u2013 \u015bwi\u0119to \u015bw. Jana Aposto\u0142a i Ewangelisty, po\u015bwi\u0119cenie wina<\/p>\n\n\n\n<p><strong><u>11<\/u><\/strong><strong>. <\/strong>W przysz\u0142\u0105 niedziel\u0119 b\u0119dziemy prze\u017cywa\u0107 <strong><em>Niedziel\u0119 \u015awi\u0119tej Rodziny: Jezusa, Maryi i J\u00f3zefa.<\/em><\/strong> Msze \u015bw. wed\u0142ug porz\u0105dku niedzielnego. W tym dniu chcemy pami\u0119ta\u0107 w modlitwach o wszystkich rodzinach naszej parafii.<\/p>\n\n\n\n<p><strong><u>12<\/u><\/strong><strong>.<\/strong> Kancelaria czynna codziennie po Mszy \u015bw. wieczornej z wyj\u0105tkiem niedziel, uroczysto\u015bci i \u015bwi\u0105t.<\/p>\n\n\n\n<p><strong><u>13<\/u><\/strong><strong>.<\/strong> Do nabycia jest prasa katolicka: Niedziela, Go\u015b\u0107 Niedzielny i R\u00f3\u017caniec.<\/p>\n\n\n\n<p><strong><u>14<\/u><\/strong><strong>.<\/strong> Dzi\u0119kuj\u0119 wszystkim, kt\u00f3rzy w tym tygodniu sprz\u0105tali \u015bwi\u0105tyni\u0119 i przygotowali j\u0105 na nasze spotkanie eucharystyczne.<\/p>\n\n\n\n<p><strong><u>15<\/u><\/strong><strong>.<\/strong> Serdeczne B\u00f3g zap\u0142a\u0107 za ofiary sk\u0142adane na remonty w naszej parafii.<\/p>\n\n\n\n<p><strong><u>16<\/u>.<\/strong> Intencje mszalne, obrazki \u2013 pami\u0105tki odprawionej Mszy \u015bw.<\/p>\n\n\n\n<p><em>\u017byczymy mi\u0142ego tygodnia i obfitych \u0142ask Bo\u017cych.<\/em><\/p>\n","protected":false},"excerpt":{"rendered":"<p>1. Dzi\u015b prze\u017cywamy 4 Niedziel\u0119 Adwentu. Msze \u015bw. wed\u0142ug porz\u0105dku niedzielnego.&nbsp; 2. Codziennie spowied\u017a i adoracja Naj\u015bwi\u0119tszego Sakramentu o godz. 1700. 3. Odwiedziny chorych przed \u015bwi\u0119tami w poniedzia\u0142ek od godz. 8.30. Odwiedzimy chorych do kt\u00f3rych chodzimy w I pi\u0105tki&nbsp; i tych, kt\u00f3rzy b\u0119d\u0105 zg\u0142oszeni do dzisiaj w\u0142\u0105cznie. 4. We wtorek&#8230; <a class=\"continue-reading-link\" href=\"http:\/\/parafia.scinawa.info\/index.php\/2025\/12\/20\/ogloszenia-duszpasterskie-4-niedziela-adwentu-21-12-2025\/\">Czytaj dalej <span class=\"meta-nav\">&rarr; <\/span><\/a><\/p>\n","protected":false},"author":2,"featured_media":0,"comment_status":"closed","ping_status":"closed","sticky":false,"template":"","format":"standard","meta":{"footnotes":""},"categories":[40],"tags":[],"class_list":["post-3095","post","type-post","status-publish","format-standard","hentry","category-ogloszenia-duszpasterskie"],"_links":{"self":[{"href":"http:\/\/parafia.scinawa.info\/index.php\/wp-json\/wp\/v2\/posts\/3095","targetHints":{"allow":["GET"]}}],"collection":[{"href":"http:\/\/parafia.scinawa.info\/index.php\/wp-json\/wp\/v2\/posts"}],"about":[{"href":"http:\/\/parafia.scinawa.info\/index.php\/wp-json\/wp\/v2\/types\/post"}],"author":[{"embeddable":true,"href":"http:\/\/parafia.scinawa.info\/index.php\/wp-json\/wp\/v2\/users\/2"}],"replies":[{"embeddable":true,"href":"http:\/\/parafia.scinawa.info\/index.php\/wp-json\/wp\/v2\/comments?post=3095"}],"version-history":[{"count":2,"href":"http:\/\/parafia.scinawa.info\/index.php\/wp-json\/wp\/v2\/posts\/3095\/revisions"}],"predecessor-version":[{"id":3097,"href":"http:\/\/parafia.scinawa.info\/index.php\/wp-json\/wp\/v2\/posts\/3095\/revisions\/3097"}],"wp:attachment":[{"href":"http:\/\/parafia.scinawa.info\/index.php\/wp-json\/wp\/v2\/media?parent=3095"}],"wp:term":[{"taxonomy":"category","embeddable":true,"href":"http:\/\/parafia.scinawa.info\/index.php\/wp-json\/wp\/v2\/categories?post=3095"},{"taxonomy":"post_tag","embeddable":true,"href":"http:\/\/parafia.scinawa.info\/index.php\/wp-json\/wp\/v2\/tags?post=3095"}],"curies":[{"name":"wp","href":"https:\/\/api.w.org\/{rel}","templated":true}]}}