{"id":3101,"date":"2025-12-27T12:07:15","date_gmt":"2025-12-27T11:07:15","guid":{"rendered":"http:\/\/parafia.scinawa.info\/?p=3101"},"modified":"2025-12-27T12:07:15","modified_gmt":"2025-12-27T11:07:15","slug":"ogloszenia-duszpasterskie-niedziela-swietej-rodziny-28-12-2025","status":"publish","type":"post","link":"http:\/\/parafia.scinawa.info\/index.php\/2025\/12\/27\/ogloszenia-duszpasterskie-niedziela-swietej-rodziny-28-12-2025\/","title":{"rendered":"Og\u0142oszenia duszpasterskie &#8211; Niedziela \u015awi\u0119tej Rodziny \u2013 28.12. 2025"},"content":{"rendered":"\n<p><strong><u>1<\/u><\/strong><strong>. <\/strong>Dzisiaj prze\u017cywamy <strong><em>Niedziel\u0119 \u015awi\u0119tej Rodziny: Jezusa, Maryi i J\u00f3zefa.<\/em><\/strong> Msze \u015bw. wed\u0142ug porz\u0105dku niedzielnego. Dzi\u015b chcemy pami\u0119ta\u0107 w modlitwach o wszystkich rodzinach naszej parafii. Dzisiaj nabo\u017ce\u0144stwo<strong> <em>do \u015bw. Ojca Szarbela<\/em> <\/strong>o godz. <strong>17<sup>30<\/sup>.<\/strong><\/p>\n\n\n\n<p><strong><u>2.<\/u><\/strong> Msze \u015bw. w poniedzia\u0142ek, wtorek i \u015brod\u0119&nbsp; o <strong>7<sup>00<\/sup><\/strong> i <strong>18<sup>00<\/sup><\/strong>.<\/p>\n\n\n\n<p><strong><u>3.W \u015brod\u0119 <em>o godz. 17<sup>30<\/sup> nabo\u017ce\u0144stwo przeb\u0142agalno &#8211; dzi\u0119kczynne za miniony rok<\/em><\/u><\/strong><strong><em><\/em><\/strong><\/p>\n\n\n\n<p><strong><u>4<\/u><\/strong><strong>.<\/strong> W czwartek, 1 stycznia, w Nowy Rok obchodzimy uroczysto\u015b\u0107 \u015awi\u0119tej Bo\u017cej Rodzicielki Maryi. Porz\u0105dek Mszy \u015bw. jest nast\u0119puj\u0105cy:<strong> 9<sup>30<\/sup><\/strong>;<strong> 11<sup>00<\/sup><\/strong>; <strong>12<sup>30 <\/sup><\/strong>i <strong>18<sup>00<\/sup><\/strong> w \u015acinawie,<strong> 9<sup>30<\/sup><\/strong> \u2013 w R\u0119szowie.<\/p>\n\n\n\n<p><strong><u>5<\/u><\/strong><strong>.<\/strong> Msze \u015bw. w pi\u0105tek i sobot\u0119 o <strong>7<sup>00<\/sup><\/strong> i <strong>18<sup>00<\/sup><\/strong>.&nbsp;<\/p>\n\n\n\n<p><strong><u>6<\/u><\/strong><strong>. <\/strong>W tym tygodniu obchodzimy:<\/p>\n\n\n\n<p>&#8211; <strong><em>w pi\u0105tek<\/em><\/strong> \u2013 wspomnienie \u015bw. Bazylego Wielkiego i Grzegorza z Nazjanzu, biskup\u00f3w i dK<\/p>\n\n\n\n<p><strong><u>7.<\/u><\/strong> W tym tygodniu obchodzimy I czwartek i I pi\u0105tek miesi\u0105ca i I sobot\u0119 miesi\u0105ca<\/p>\n\n\n\n<p><strong><u>8<\/u><\/strong><strong>.<\/strong> <strong><em>Odwiedziny chorych w pi\u0105tek od godz. 8.30.<\/em><\/strong><\/p>\n\n\n\n<p><strong><u>9<\/u><\/strong><strong>.<\/strong> W I sobot\u0119 miesi\u0105ca o godz. <strong>17<sup>00<\/sup><\/strong> <strong><em><u>nabo\u017ce\u0144stwo fatimskie<\/u><\/em><\/strong>.<\/p>\n\n\n\n<p><strong><u>10<\/u><\/strong><strong>. <\/strong>W przysz\u0142\u0105 niedziel\u0119 b\u0119dziemy prze\u017cywa\u0107 <strong><em><u>2 Niedziel\u0119<\/u><\/em><\/strong><strong><em><u> po Narodzeniu Pa\u0144skim.<\/u><\/em><\/strong> Msze \u015bw. wed\u0142ug porz\u0105dku niedzielnego. Zmiana tajemnic \u017bywego R\u00f3\u017ca\u0144ca o <strong>10<sup>30<\/sup>.<\/strong><\/p>\n\n\n\n<p><strong><u>11<\/u><\/strong><strong>.<\/strong> <strong><em>Kancelaria parafialna czynna w sobot\u0119 po Mszy \u015bw. wieczornej.<\/em><\/strong><\/p>\n\n\n\n<p><strong><u>12<\/u><\/strong><strong>. <\/strong>Do nabycia jest prasa katolicka: \u201eNiedziela\u201d,&nbsp; \u201eGo\u015b\u0107 Niedzielny\u201d Ma\u0142y GN i R\u00f3\u017caniec.<\/p>\n\n\n\n<p><strong><u>13<\/u><\/strong><strong>.<\/strong> Dzi\u0119kuj\u0119 wszystkim, kt\u00f3rzy w tym tygodniu sprz\u0105tali \u015bwi\u0105tyni\u0119 i przygotowali j\u0105 na nasze spotkanie eucharystyczne.<\/p>\n\n\n\n<p><strong><u>14<\/u><\/strong><strong>.<\/strong> Serdeczne B\u00f3g zap\u0142a\u0107 za ofiary sk\u0142adane na remonty w naszej parafii.<\/p>\n\n\n\n<p><strong><u>15<\/u><\/strong><strong>.<\/strong> Intencje mszalne.<\/p>\n\n\n\n<p><strong><u>16<\/u><\/strong><strong>.<\/strong> Od pi\u0105tku rozpoczynamy kol\u0119d\u0119, czyli wizyt\u0119 duszpastersk\u0105, b\u0142ogos\u0142awie\u0144stwo naszych rodzin i dom\u00f3w na Nowy Rok. <strong><u>W tygodniu kol\u0119da od 16.00, a w sobot\u0119 od 10.00. &nbsp;<\/u><\/strong><\/p>\n\n\n\n<p>Plan kol\u0119dy:<\/p>\n\n\n\n<p><strong><u>pi\u0105tek<\/u><\/strong> &nbsp;&nbsp;<strong>\u2013 <\/strong>02.01.2026 <strong>\u2013 <\/strong>&nbsp;<strong>Tur\u00f3w, Zgody<\/strong><\/p>\n\n\n\n<p><strong><u>sobota<\/u><\/strong> <strong>\u2013 <\/strong>03.01. 2026 <strong>\u2013 Wiosenna, Ja\u015bminowa, Lawendowa, Chabrowa, Azaliowa,<\/strong><\/p>\n\n\n\n<p><strong>&nbsp;&nbsp;&nbsp;&nbsp;&nbsp;&nbsp;&nbsp;&nbsp;&nbsp;&nbsp;&nbsp;&nbsp;&nbsp;&nbsp;&nbsp;&nbsp;&nbsp;&nbsp;&nbsp;&nbsp;&nbsp;&nbsp;&nbsp;&nbsp;&nbsp;&nbsp;&nbsp;&nbsp;&nbsp;&nbsp;&nbsp;&nbsp;&nbsp;&nbsp;&nbsp;&nbsp;&nbsp;&nbsp; Storczykowa, Wrzosowa Zes\u0142a\u0144c\u00f3w Sybiru, Kombatant\u00f3w<\/strong><\/p>\n\n\n\n<p><strong>&nbsp;&nbsp;&nbsp;&nbsp;&nbsp;&nbsp;&nbsp;&nbsp;&nbsp;&nbsp;&nbsp;&nbsp;&nbsp;&nbsp;&nbsp;&nbsp;&nbsp;&nbsp;&nbsp;&nbsp;&nbsp;&nbsp;&nbsp;&nbsp;&nbsp;&nbsp;&nbsp;&nbsp;&nbsp;&nbsp;&nbsp;&nbsp;&nbsp;&nbsp;&nbsp;&nbsp;&nbsp; &nbsp;Rzeczypospolitej Polskiej,<\/strong><strong> Plac Zjednoczenia<\/strong><\/p>\n\n\n\n<p><em>\u017byczymy mi\u0142ego tygodnia i obfitych \u0142ask Bo\u017cych.<\/em><\/p>\n","protected":false},"excerpt":{"rendered":"<p>1. Dzisiaj prze\u017cywamy Niedziel\u0119 \u015awi\u0119tej Rodziny: Jezusa, Maryi i J\u00f3zefa. Msze \u015bw. wed\u0142ug porz\u0105dku niedzielnego. Dzi\u015b chcemy pami\u0119ta\u0107 w modlitwach o wszystkich rodzinach naszej parafii. Dzisiaj nabo\u017ce\u0144stwo do \u015bw. Ojca Szarbela o godz. 1730. 2. Msze \u015bw. w poniedzia\u0142ek, wtorek i \u015brod\u0119&nbsp; o 700 i 1800. 3.W \u015brod\u0119 o godz&#8230;. <a class=\"continue-reading-link\" href=\"http:\/\/parafia.scinawa.info\/index.php\/2025\/12\/27\/ogloszenia-duszpasterskie-niedziela-swietej-rodziny-28-12-2025\/\">Czytaj dalej <span class=\"meta-nav\">&rarr; <\/span><\/a><\/p>\n","protected":false},"author":2,"featured_media":0,"comment_status":"closed","ping_status":"closed","sticky":false,"template":"","format":"standard","meta":{"footnotes":""},"categories":[40],"tags":[],"class_list":["post-3101","post","type-post","status-publish","format-standard","hentry","category-ogloszenia-duszpasterskie"],"_links":{"self":[{"href":"http:\/\/parafia.scinawa.info\/index.php\/wp-json\/wp\/v2\/posts\/3101","targetHints":{"allow":["GET"]}}],"collection":[{"href":"http:\/\/parafia.scinawa.info\/index.php\/wp-json\/wp\/v2\/posts"}],"about":[{"href":"http:\/\/parafia.scinawa.info\/index.php\/wp-json\/wp\/v2\/types\/post"}],"author":[{"embeddable":true,"href":"http:\/\/parafia.scinawa.info\/index.php\/wp-json\/wp\/v2\/users\/2"}],"replies":[{"embeddable":true,"href":"http:\/\/parafia.scinawa.info\/index.php\/wp-json\/wp\/v2\/comments?post=3101"}],"version-history":[{"count":1,"href":"http:\/\/parafia.scinawa.info\/index.php\/wp-json\/wp\/v2\/posts\/3101\/revisions"}],"predecessor-version":[{"id":3102,"href":"http:\/\/parafia.scinawa.info\/index.php\/wp-json\/wp\/v2\/posts\/3101\/revisions\/3102"}],"wp:attachment":[{"href":"http:\/\/parafia.scinawa.info\/index.php\/wp-json\/wp\/v2\/media?parent=3101"}],"wp:term":[{"taxonomy":"category","embeddable":true,"href":"http:\/\/parafia.scinawa.info\/index.php\/wp-json\/wp\/v2\/categories?post=3101"},{"taxonomy":"post_tag","embeddable":true,"href":"http:\/\/parafia.scinawa.info\/index.php\/wp-json\/wp\/v2\/tags?post=3101"}],"curies":[{"name":"wp","href":"https:\/\/api.w.org\/{rel}","templated":true}]}}