{"id":3105,"date":"2026-01-03T16:23:34","date_gmt":"2026-01-03T15:23:34","guid":{"rendered":"http:\/\/parafia.scinawa.info\/?p=3105"},"modified":"2026-01-03T16:23:34","modified_gmt":"2026-01-03T15:23:34","slug":"ogloszenia-duszpasterskie-2-niedziela-po-bozym-narodzeniu-04-01-2026","status":"publish","type":"post","link":"http:\/\/parafia.scinawa.info\/index.php\/2026\/01\/03\/ogloszenia-duszpasterskie-2-niedziela-po-bozym-narodzeniu-04-01-2026\/","title":{"rendered":"Og\u0142oszenia duszpasterskie &#8211; 2 Niedziela po Bo\u017cym Narodzeniu \u2013 04.01.2026"},"content":{"rendered":"\n<p><strong><u>1<\/u><\/strong><strong>.<\/strong> Dzi\u015b prze\u017cywamy <strong>2 Niedziel\u0119 po Bo\u017cym Narodzeniu<\/strong>.&nbsp; Msze \u015bw. wed\u0142ug porz\u0105dku niedzielnego. Zmiana tajemnic \u017bywego R\u00f3\u017ca\u0144ca o <strong>10<sup>30<\/sup>.<\/strong><\/p>\n\n\n\n<p><strong><u>2<\/u><\/strong><strong>.<\/strong> Msze \u015bw. w tygodniu&nbsp; o <strong>7<sup>00<\/sup><\/strong> , a w sobot\u0119 o <strong>7<sup>00<\/sup><\/strong> i <strong>18<sup>00<\/sup><\/strong>.&nbsp;<\/p>\n\n\n\n<p><strong><u>W poniedzia\u0142ek pogrzeb + Zenona Szmigielskiego <\/u><\/strong>(ojca ks. Janusza Szmigielskiego)<\/p>\n\n\n\n<p>          <strong>11.3o \u2013 wystawienie cia\u0142a i r\u00f3\u017caniec<\/strong><\/p>\n\n\n\n<p>          <strong>12.oo \u2013 Msza \u015bw., przejazd na cmentarz i obrz\u0119dy przy grobie<\/strong><\/p>\n\n\n\n<p><strong><u>3<\/u><\/strong><strong>. We wtorek <\/strong>prze\u017cywamy<strong> <em><u>Uroczysto\u015b\u0107 Objawienia Pa\u0144skiego (Trzech Kr\u00f3li). Msze \u015bw. wed\u0142ug porz\u0105dku niedzielnego.<\/u><\/em> <\/strong>W tym dniu \u015bwi\u0119cimy wod\u0119, kred\u0119 i kadzid\u0142o, a nasze ofiary przeznaczone s\u0105 na cele misyjne Ko\u015bcio\u0142a.<\/p>\n\n\n\n<p><strong><u>4<\/u><\/strong><strong>. <\/strong>W przysz\u0142\u0105 niedziel\u0119 b\u0119dziemy prze\u017cywa\u0107 <strong><em><u>Niedziel\u0119 Chrztu Pa\u0144skiego<\/u><\/em><\/strong> Msze \u015bw. wed\u0142ug porz\u0105dku niedzielnego. Na ka\u017cdej Mszy \u015bw. odnowienie przyrzecze\u0144 chrzcielnych. <strong><em>O godz. 12<sup>30<\/sup> spotkanie dla rodzic\u00f3w i dzieci klas I i II.<\/em><\/strong><strong><\/strong><\/p>\n\n\n\n<p><strong><u>5<\/u><\/strong><strong>.<\/strong> Kancelaria czynna w sobot\u0119 po Mszy \u015bw. wieczornej.<\/p>\n\n\n\n<p><strong><u>6<\/u><\/strong><strong>.<\/strong> Do nabycia jest prasa katolicka: Niedziela, Go\u015b\u0107 Niedzielny, Ma\u0142y GN i R\u00f3\u017caniec.<\/p>\n\n\n\n<p><strong><u>7<\/u><\/strong><strong>.<\/strong> Dzi\u0119kuj\u0119 wszystkim, kt\u00f3rzy w tym tygodniu sprz\u0105tali \u015bwi\u0105tyni\u0119 i przygotowali j\u0105 na nasze spotkanie eucharystyczne.<\/p>\n\n\n\n<p><strong><u>8<\/u><\/strong><strong>.<\/strong> Serdeczne B\u00f3g zap\u0142a\u0107 za ofiary sk\u0142adane na remonty w naszej parafii.<\/p>\n\n\n\n<p><strong><u>9<\/u><\/strong><strong>.<\/strong> Intencje mszalne, obrazki \u2013 pami\u0105tki odprawionej Mszy \u015bw.<\/p>\n\n\n\n<p><strong><u>10<\/u><\/strong><strong>.<\/strong> Kol\u0119da, czyli wizyta duszpasterska, b\u0142ogos\u0142awie\u0144stwo naszych rodzin i dom\u00f3w na Nowy Rok. <strong><u>W tygodniu kol\u0119da od 16.00, a w sobot\u0119 od 10.00.&nbsp;<\/u><\/strong><\/p>\n\n\n\n<p>Plan kol\u0119dy:<\/p>\n\n\n\n<p><strong><u>poniedzia\u0142ek <\/u><\/strong>&nbsp;<strong>\u2013 <\/strong>05. 01.2026<strong> \u2013 Chobie\u0144ska, Weso\u0142a, Chrobrego<u><\/u><\/strong><\/p>\n\n\n\n<p><strong><u>\u015broda<\/u><\/strong><strong> \u2013 <\/strong>07. 01. 2026<strong> \u2013 Lubi\u0144ska, Le\u015bna,<\/strong><strong> Ko\u0142om\u0142y\u0144ska, Grunwaldzka, Batorego<\/strong><\/p>\n\n\n\n<p><strong><u>czwartek<\/u><\/strong> &#8211; 08. 01. 2026<strong> \u2013 Cisowa, Akacjowa, Topolowa, Ho\u017ca, Wi\u015bniowa<\/strong><\/p>\n\n\n\n<p><strong><u>pi\u0105tek<\/u><\/strong> \u2013 09. 01.2026<strong>\u2013 R\u00f3\u017cana, Klonowa, Ogrodowa<u><\/u><\/strong><\/p>\n\n\n\n<p><strong><u>sobota<\/u><\/strong> <strong>\u2013 <\/strong>10.01. 2026 <strong>\u2013 R\u0119sz\u00f3w, Sitno, Krzy\u017cowa<\/strong><\/p>\n\n\n\n<p><em>\u017byczymy mi\u0142ego tygodnia i obfitych \u0142ask Bo\u017cych.<\/em><\/p>\n","protected":false},"excerpt":{"rendered":"<p>1. Dzi\u015b prze\u017cywamy 2 Niedziel\u0119 po Bo\u017cym Narodzeniu.&nbsp; Msze \u015bw. wed\u0142ug porz\u0105dku niedzielnego. Zmiana tajemnic \u017bywego R\u00f3\u017ca\u0144ca o 1030. 2. Msze \u015bw. w tygodniu&nbsp; o 700 , a w sobot\u0119 o 700 i 1800.&nbsp; W poniedzia\u0142ek pogrzeb + Zenona Szmigielskiego (ojca ks. Janusza Szmigielskiego) 11.3o \u2013 wystawienie cia\u0142a i r\u00f3\u017caniec&#8230; <a class=\"continue-reading-link\" href=\"http:\/\/parafia.scinawa.info\/index.php\/2026\/01\/03\/ogloszenia-duszpasterskie-2-niedziela-po-bozym-narodzeniu-04-01-2026\/\">Czytaj dalej <span class=\"meta-nav\">&rarr; <\/span><\/a><\/p>\n","protected":false},"author":2,"featured_media":0,"comment_status":"closed","ping_status":"closed","sticky":false,"template":"","format":"standard","meta":{"footnotes":""},"categories":[40],"tags":[],"class_list":["post-3105","post","type-post","status-publish","format-standard","hentry","category-ogloszenia-duszpasterskie"],"_links":{"self":[{"href":"http:\/\/parafia.scinawa.info\/index.php\/wp-json\/wp\/v2\/posts\/3105","targetHints":{"allow":["GET"]}}],"collection":[{"href":"http:\/\/parafia.scinawa.info\/index.php\/wp-json\/wp\/v2\/posts"}],"about":[{"href":"http:\/\/parafia.scinawa.info\/index.php\/wp-json\/wp\/v2\/types\/post"}],"author":[{"embeddable":true,"href":"http:\/\/parafia.scinawa.info\/index.php\/wp-json\/wp\/v2\/users\/2"}],"replies":[{"embeddable":true,"href":"http:\/\/parafia.scinawa.info\/index.php\/wp-json\/wp\/v2\/comments?post=3105"}],"version-history":[{"count":1,"href":"http:\/\/parafia.scinawa.info\/index.php\/wp-json\/wp\/v2\/posts\/3105\/revisions"}],"predecessor-version":[{"id":3106,"href":"http:\/\/parafia.scinawa.info\/index.php\/wp-json\/wp\/v2\/posts\/3105\/revisions\/3106"}],"wp:attachment":[{"href":"http:\/\/parafia.scinawa.info\/index.php\/wp-json\/wp\/v2\/media?parent=3105"}],"wp:term":[{"taxonomy":"category","embeddable":true,"href":"http:\/\/parafia.scinawa.info\/index.php\/wp-json\/wp\/v2\/categories?post=3105"},{"taxonomy":"post_tag","embeddable":true,"href":"http:\/\/parafia.scinawa.info\/index.php\/wp-json\/wp\/v2\/tags?post=3105"}],"curies":[{"name":"wp","href":"https:\/\/api.w.org\/{rel}","templated":true}]}}