{"id":3110,"date":"2026-01-10T16:18:13","date_gmt":"2026-01-10T15:18:13","guid":{"rendered":"http:\/\/parafia.scinawa.info\/?p=3110"},"modified":"2026-01-10T16:18:13","modified_gmt":"2026-01-10T15:18:13","slug":"ogloszenia-duszpasterskie-niedziela-chrztu-panskiego-11-01-2026","status":"publish","type":"post","link":"http:\/\/parafia.scinawa.info\/index.php\/2026\/01\/10\/ogloszenia-duszpasterskie-niedziela-chrztu-panskiego-11-01-2026\/","title":{"rendered":"Og\u0142oszenia duszpasterskie &#8211; Niedziela Chrztu Pa\u0144skiego \u2013 11. 01. 2026"},"content":{"rendered":"\n<p><strong><u>1<\/u><\/strong><strong>.<\/strong> Dzi\u015b prze\u017cywamy <strong><em>Niedziel\u0119 Chrztu Pa\u0144skiego. <\/em><\/strong><strong><em>&nbsp;<\/em><\/strong>Msze \u015bw. wed\u0142ug porz\u0105dku niedzielnego. Na ka\u017cdej Mszy \u015bw. odnowienie przyrzecze\u0144 chrzcielnych.<strong><em> O godz. 12<sup>30<\/sup> <\/em><\/strong><strong><em>&nbsp;<\/em><\/strong><strong><em>spotkanie dla rodzic\u00f3w i dzieci klas I i II.<\/em><\/strong><\/p>\n\n\n\n<p><strong><u>2<\/u><\/strong><strong>.<\/strong> Msze \u015bw. w tygodniu&nbsp; o <strong>7<sup>00<\/sup><\/strong>, w sobot\u0119 o <strong>7<sup>00<\/sup><\/strong> i <strong>18<sup>00<\/sup><\/strong>.&nbsp;<\/p>\n\n\n\n<p><strong><u>3<\/u><\/strong><strong>. <\/strong>W przysz\u0142\u0105 niedziel\u0119 b\u0119dziemy prze\u017cywa\u0107 <strong><em>2<\/em><\/strong><em> <strong>Niedziel\u0119 zwyk\u0142\u0105<\/strong><\/em><strong><em><u>.<\/u><\/em><\/strong> Msze \u015bw. wed\u0142ug porz\u0105dku niedzielnego. <strong><em>O godz. 12<sup>30<\/sup> <\/em><\/strong><strong><em>&nbsp;<\/em><\/strong><strong><em>spotkanie dla rodzic\u00f3w i dzieci klas III.<\/em><\/strong><strong><\/strong><\/p>\n\n\n\n<p><strong><u>4<\/u><\/strong><strong>.<\/strong> <strong><em>Kancelaria parafialna czynna w sobot\u0119 po Mszy \u015bw. wieczornej.<\/em><\/strong><\/p>\n\n\n\n<p><strong><u>5<\/u><\/strong><strong>. <\/strong>Do nabycia jest prasa katolicka: \u201eNiedziela\u201d,&nbsp; \u201eGo\u015b\u0107 Niedzielny\u201d Ma\u0142y GN i R\u00f3\u017caniec.<\/p>\n\n\n\n<p><strong><u>6<\/u><\/strong><strong>.<\/strong> Dzi\u0119kuj\u0119 wszystkim, kt\u00f3rzy w tym tygodniu sprz\u0105tali \u015bwi\u0105tyni\u0119 i przygotowali j\u0105 na nasze spotkanie eucharystyczne.<\/p>\n\n\n\n<p><strong><u>7<\/u><\/strong><strong>.<\/strong> Serdeczne B\u00f3g zap\u0142a\u0107 za ofiary sk\u0142adane na remonty w naszej parafii.<\/p>\n\n\n\n<p><strong><u>8<\/u><\/strong><strong>.<\/strong> Intencje mszalne, kalendarze parafialne.<\/p>\n\n\n\n<p><strong><u>9<\/u><\/strong><strong>.<\/strong> W sobot\u0119, <strong><em>17 stycznia<\/em><\/strong> o godz. <strong><em>14.45<\/em><\/strong> w salce katechetycznej odb\u0119dzie si\u0119 spotkanie <strong><em>op\u0142atkowe wsp\u00f3lnoty \u017bywego R\u00f3\u017ca\u0144ca<\/em><\/strong>. Zapraszamy wszystkich ch\u0119tnych cz\u0142onk\u00f3w na spotkanie.<\/p>\n\n\n\n<p><strong><u>10<\/u><\/strong><strong>.<\/strong> Kol\u0119da <strong><u>w tygodniu kol\u0119da od <\/u>16<sup>00<\/sup><u>, a w sobot\u0119 od <\/u>10<sup>00<\/sup><u>&nbsp;<\/u><\/strong><\/p>\n\n\n\n<p>Plan kol\u0119dy:<\/p>\n\n\n\n<p><strong><u>poniedzia\u0142ek<\/u><\/strong><strong> <\/strong><strong>&#8211; <\/strong>12 01. 2026&nbsp; <strong>\u2013 Rynek, Orla, Robotnicza, 1-go Maja<u><\/u><\/strong><\/p>\n\n\n\n<p><strong><u>wtorek<\/u><\/strong><strong>&nbsp; &nbsp;&nbsp;&nbsp;&nbsp;&nbsp; <\/strong>\u201313.01.2026 <strong>\u2013 Mickiewicza, \u017bo\u0142nierska, \u0141\u0105kowa, Kwiatowa, Ko\u015bcielna,<\/strong><\/p>\n\n\n\n<p><strong>&nbsp;&nbsp;&nbsp;&nbsp;&nbsp;&nbsp;&nbsp;&nbsp;&nbsp;&nbsp;&nbsp;&nbsp;&nbsp;&nbsp;&nbsp;&nbsp;&nbsp;&nbsp;&nbsp;&nbsp;&nbsp;&nbsp;&nbsp;&nbsp;&nbsp;&nbsp;&nbsp;&nbsp;&nbsp;&nbsp;&nbsp;&nbsp;&nbsp;&nbsp;&nbsp;&nbsp;&nbsp;&nbsp;&nbsp;&nbsp;&nbsp; &nbsp;Pl. Ko\u015bcielny, Szpitalna Szeroka, G\u0142ogowska, Szkolna <u><\/u><\/strong><\/p>\n\n\n\n<p><strong><u>\u015broda<\/u><\/strong><strong> &nbsp;&nbsp;&nbsp;&nbsp;&nbsp;&nbsp;&nbsp; &#8211; <\/strong>14. 01. 2026<strong> \u2013 <\/strong><strong>Reymonta, S\u0142owackiego, Sienkiewicza, Kili\u0144skiego,<\/strong><\/p>\n\n\n\n<p><strong>&nbsp;&nbsp;&nbsp;&nbsp;&nbsp;&nbsp;&nbsp;&nbsp;&nbsp;&nbsp;&nbsp;&nbsp;&nbsp;&nbsp;&nbsp;&nbsp;&nbsp;&nbsp;&nbsp;&nbsp;&nbsp;&nbsp;&nbsp;&nbsp;&nbsp;&nbsp;&nbsp;&nbsp;&nbsp;&nbsp;&nbsp;&nbsp;&nbsp;&nbsp;&nbsp;&nbsp;&nbsp;&nbsp; &nbsp;&nbsp;&nbsp;&nbsp;&nbsp;&nbsp;&nbsp;Spacerowa, Legnicka, Wita Stwosza, Witosa<u><\/u><\/strong><\/p>\n\n\n\n<p><strong><u>czwartek<\/u><\/strong> &nbsp;&nbsp; \u2013 15. 01. 2026 <strong>\u2013 Lipowa, Chopina<\/strong><\/p>\n\n\n\n<p><strong><u>pi\u0105tek<\/u><\/strong><strong> &nbsp;&nbsp;&nbsp;&nbsp;&nbsp;&nbsp;&nbsp; <\/strong>\u2013 16. 01. 2026<strong> \u2013 Ko\u015bciuszki<u><\/u><\/strong><\/p>\n\n\n\n<p><strong><u>sobota<\/u><\/strong> \u00a0\u00a0\u00a0\u00a0\u00a0\u00a0 &#8211; 17. 01. 2026 &#8211; <strong>Lasowice, D\u0119biec<\/strong><\/p>\n\n\n\n<p><em>\u017byczymy mi\u0142ego tygodnia i obfitych \u0142ask Bo\u017cych.<\/em><\/p>\n\n\n\n<p><\/p>\n","protected":false},"excerpt":{"rendered":"<p>1. Dzi\u015b prze\u017cywamy Niedziel\u0119 Chrztu Pa\u0144skiego. &nbsp;Msze \u015bw. wed\u0142ug porz\u0105dku niedzielnego. Na ka\u017cdej Mszy \u015bw. odnowienie przyrzecze\u0144 chrzcielnych. O godz. 1230 &nbsp;spotkanie dla rodzic\u00f3w i dzieci klas I i II. 2. Msze \u015bw. w tygodniu&nbsp; o 700, w sobot\u0119 o 700 i 1800.&nbsp; 3. W przysz\u0142\u0105 niedziel\u0119 b\u0119dziemy prze\u017cywa\u0107 2&#8230; <a class=\"continue-reading-link\" href=\"http:\/\/parafia.scinawa.info\/index.php\/2026\/01\/10\/ogloszenia-duszpasterskie-niedziela-chrztu-panskiego-11-01-2026\/\">Czytaj dalej <span class=\"meta-nav\">&rarr; <\/span><\/a><\/p>\n","protected":false},"author":2,"featured_media":0,"comment_status":"closed","ping_status":"closed","sticky":false,"template":"","format":"standard","meta":{"footnotes":""},"categories":[40],"tags":[],"class_list":["post-3110","post","type-post","status-publish","format-standard","hentry","category-ogloszenia-duszpasterskie"],"_links":{"self":[{"href":"http:\/\/parafia.scinawa.info\/index.php\/wp-json\/wp\/v2\/posts\/3110","targetHints":{"allow":["GET"]}}],"collection":[{"href":"http:\/\/parafia.scinawa.info\/index.php\/wp-json\/wp\/v2\/posts"}],"about":[{"href":"http:\/\/parafia.scinawa.info\/index.php\/wp-json\/wp\/v2\/types\/post"}],"author":[{"embeddable":true,"href":"http:\/\/parafia.scinawa.info\/index.php\/wp-json\/wp\/v2\/users\/2"}],"replies":[{"embeddable":true,"href":"http:\/\/parafia.scinawa.info\/index.php\/wp-json\/wp\/v2\/comments?post=3110"}],"version-history":[{"count":1,"href":"http:\/\/parafia.scinawa.info\/index.php\/wp-json\/wp\/v2\/posts\/3110\/revisions"}],"predecessor-version":[{"id":3111,"href":"http:\/\/parafia.scinawa.info\/index.php\/wp-json\/wp\/v2\/posts\/3110\/revisions\/3111"}],"wp:attachment":[{"href":"http:\/\/parafia.scinawa.info\/index.php\/wp-json\/wp\/v2\/media?parent=3110"}],"wp:term":[{"taxonomy":"category","embeddable":true,"href":"http:\/\/parafia.scinawa.info\/index.php\/wp-json\/wp\/v2\/categories?post=3110"},{"taxonomy":"post_tag","embeddable":true,"href":"http:\/\/parafia.scinawa.info\/index.php\/wp-json\/wp\/v2\/tags?post=3110"}],"curies":[{"name":"wp","href":"https:\/\/api.w.org\/{rel}","templated":true}]}}