{"id":3114,"date":"2026-01-17T16:45:58","date_gmt":"2026-01-17T15:45:58","guid":{"rendered":"http:\/\/parafia.scinawa.info\/?p=3114"},"modified":"2026-01-17T16:45:58","modified_gmt":"2026-01-17T15:45:58","slug":"ogloszenia-duszpasterskie-2-niedziela-zwykla-18-01-2026","status":"publish","type":"post","link":"http:\/\/parafia.scinawa.info\/index.php\/2026\/01\/17\/ogloszenia-duszpasterskie-2-niedziela-zwykla-18-01-2026\/","title":{"rendered":"Og\u0142oszenia duszpasterskie &#8211; 2 Niedziela zwyk\u0142a   \u2013 18. 01. 2026"},"content":{"rendered":"\n<p><strong><u>1<\/u><\/strong><strong>.<\/strong> Dzi\u015b prze\u017cywamy <strong><em>2 Niedziel\u0119 zwyk\u0142\u0105. <\/em><\/strong><strong><em>&nbsp;<\/em><\/strong>Msze \u015bw. wed\u0142ug porz\u0105dku niedzielnego.<\/p>\n\n\n\n<p><strong>O 12<sup>30 <\/sup>spotkanie dla rodzic\u00f3w i dzieci klas III, kt\u00f3re <\/strong><strong>otrzymaj\u0105 po\u015bwi\u0119cone \u015bwiece.<\/strong><\/p>\n\n\n\n<p><strong><u>2<\/u><\/strong><strong>.<\/strong> Msze \u015bw. w tygodniu&nbsp; o <strong>7<sup>00<\/sup><\/strong>, w sobot\u0119 o <strong>7<sup>00<\/sup><\/strong> i <strong>18<sup>00<\/sup><\/strong>.&nbsp;<\/p>\n\n\n\n<p><strong><u>3<\/u><\/strong><strong>.&nbsp; <\/strong>W tym tygodniu obchodzimy:<strong><\/strong><\/p>\n\n\n\n<p><strong>&#8211; <u>w poniedzia\u0142ek <\/u>\u2013 <\/strong>wspomnienie \u015bw. J\u00f3zefa Sebastiana Pelczara, biskupa<strong><\/strong><\/p>\n\n\n\n<p><strong>&#8211; <u>w \u015brod\u0119 <\/u>\u2013 <\/strong>wspomnienie \u015bw. Agnieszki, dziewicy i m\u0119czennicy<\/p>\n\n\n\n<p><strong>&#8211; <u>w sobot\u0119<\/u> \u2013 <\/strong>wspomnienie \u015bw. Franciszka Salezego, biskupa i doktora Ko\u015bcio\u0142a<\/p>\n\n\n\n<p><strong><u>4<\/u><\/strong><strong>.<\/strong> <strong><em>Kancelaria parafialna czynna w sobot\u0119 po Mszy \u015bw. wieczornej.<\/em><\/strong><\/p>\n\n\n\n<p><strong><u>5<\/u><\/strong><strong>. <\/strong>W przysz\u0142\u0105 niedziel\u0119 b\u0119dziemy prze\u017cywa\u0107 <strong><em>3<\/em><\/strong><em> <strong>Niedziel\u0119 zwyk\u0142\u0105<\/strong><\/em><strong><em><u>.<\/u><\/em><\/strong> Msze \u015bw. wed\u0142ug porz\u0105dku niedzielnego. <strong>O 12<sup>30 <\/sup>spotkanie dla rodzic\u00f3w i dzieci klas IV.<\/strong><\/p>\n\n\n\n<p><strong><u>6.<\/u><\/strong> Do nabycia jest prasa katolicka: \u201eNiedziela\u201d,&nbsp; \u201eGo\u015b\u0107 Niedzielny\u201d Ma\u0142y GN i R\u00f3\u017caniec.<\/p>\n\n\n\n<p><strong><u>7<\/u><\/strong><strong>.<\/strong> Dzi\u0119kuj\u0119 wszystkim, kt\u00f3rzy w tym tygodniu sprz\u0105tali \u015bwi\u0105tyni\u0119 i przygotowali j\u0105 na nasze spotkanie eucharystyczne.<\/p>\n\n\n\n<p><strong><u>8<\/u><\/strong><strong>.<\/strong> Serdeczne B\u00f3g zap\u0142a\u0107 za ofiary sk\u0142adane na remonty w naszej parafii.<\/p>\n\n\n\n<p><strong><u>9<\/u><\/strong><strong>.<\/strong> Intencje mszalne.<\/p>\n\n\n\n<p><strong><u>10<\/u><\/strong><strong>.<\/strong> Kol\u0119da <strong><u>w tygodniu kol\u0119da od 16.00, a w sobot\u0119 od 10.00.&nbsp;<\/u><\/strong><\/p>\n\n\n\n<p>Plan kol\u0119dy:<\/p>\n\n\n\n<p><strong><u>poniedzia\u0142ek<\/u><\/strong><strong> \u2013 <\/strong>19. 01. 2026<strong> \u2013 Wo\u0142owska nieparzyste 3 &#8211; 45, Bonifracka,<\/strong><\/p>\n\n\n\n<p><strong>&nbsp;&nbsp;&nbsp;&nbsp;&nbsp;&nbsp;&nbsp;&nbsp;&nbsp;&nbsp;&nbsp;&nbsp;&nbsp;&nbsp;&nbsp;&nbsp;&nbsp;&nbsp;&nbsp;&nbsp;&nbsp;&nbsp;&nbsp;&nbsp;&nbsp;&nbsp;&nbsp;&nbsp;&nbsp;&nbsp;&nbsp;&nbsp;&nbsp;&nbsp;&nbsp;&nbsp;&nbsp;&nbsp;&nbsp;&nbsp;&nbsp;&nbsp;&nbsp;&nbsp;&nbsp;&nbsp; <\/strong>&nbsp;<strong>Klasztorna, Salezja\u0144ska, Cysterska, Dominika\u0144ska,<\/strong><\/p>\n\n\n\n<p><strong>&nbsp;&nbsp;&nbsp;&nbsp;&nbsp;&nbsp;&nbsp;&nbsp;&nbsp;&nbsp;&nbsp;&nbsp;&nbsp;&nbsp;&nbsp;&nbsp;&nbsp;&nbsp;&nbsp;&nbsp;&nbsp;&nbsp;&nbsp;&nbsp;&nbsp;&nbsp;&nbsp;&nbsp;&nbsp;&nbsp;&nbsp;&nbsp;&nbsp;&nbsp;&nbsp;&nbsp;&nbsp;&nbsp;&nbsp;&nbsp;&nbsp;&nbsp;&nbsp;&nbsp; &nbsp;Franciszka\u0144ska, Jezuicka, Karmelicka, Benedykty\u0144ska<\/strong><\/p>\n\n\n\n<p><strong><u>wtorek<\/u><\/strong> \u2013 20. 01. 2026 &nbsp; &nbsp;&nbsp;&nbsp;&nbsp;&nbsp;<strong>\u2013 Wo\u0142owska parzyste 2 &#8211; 12<\/strong><\/p>\n\n\n\n<p><strong><u>\u015broda<\/u><\/strong> &#8211; 21. 01. 2026 &nbsp;&nbsp;&nbsp;&nbsp; &nbsp;&nbsp;&nbsp;&nbsp;&nbsp;<strong>\u2013 Wo\u0142owska parzyste 16 \u2013 40, Sportowa<\/strong><\/p>\n\n\n\n<p><strong><u>czwartek<\/u><\/strong>&nbsp; <strong>\u2013 <\/strong>&nbsp;22. 01. 2026 &nbsp;&nbsp;<strong>\u2013<\/strong> <strong>Paderewskiego, Jagie\u0142\u0142y parzyste&nbsp;<\/strong><\/p>\n\n\n\n<p><strong>&nbsp;&nbsp;&nbsp;&nbsp;&nbsp;&nbsp;&nbsp;&nbsp;&nbsp;&nbsp;&nbsp;&nbsp;&nbsp;&nbsp;&nbsp;&nbsp;&nbsp;&nbsp;&nbsp;&nbsp;&nbsp;&nbsp;&nbsp;&nbsp;&nbsp;&nbsp;&nbsp;&nbsp;&nbsp;&nbsp;&nbsp;&nbsp;&nbsp;&nbsp;&nbsp;&nbsp;&nbsp;&nbsp;&nbsp;&nbsp;&nbsp;&nbsp;&nbsp;&nbsp;&nbsp;&nbsp; oraz nieparzyste 17, 19, 21,23,25<\/strong><\/p>\n\n\n\n<p><strong><u>pi\u0105tek<\/u><\/strong> <strong>\u2013 <\/strong>23. 01. 2026 &nbsp;&nbsp; &nbsp;&nbsp;&nbsp;&nbsp;&nbsp;<strong>\u2013 Jagie\u0142\u0142y, 27, 29, 31, 33, 35, 37, 39, 41 &#8211; 67<\/strong><\/p>\n\n\n\n<p><strong><u>sobota<\/u><\/strong> <strong>\u2013 <\/strong>24. 01. 2026<strong> &nbsp;&nbsp;&nbsp;&nbsp;\u2013 Przyjaci\u00f3\u0142 \u017bo\u0142nierza,<\/strong><strong> Rybna, Wroc\u0142awska, Polna,<\/strong><\/p>\n\n\n\n<p><strong>&nbsp;&nbsp;&nbsp;&nbsp;&nbsp;&nbsp;&nbsp;&nbsp;&nbsp;&nbsp;&nbsp;&nbsp;&nbsp;&nbsp;&nbsp;&nbsp;&nbsp;&nbsp;&nbsp;&nbsp;&nbsp;&nbsp;&nbsp;&nbsp;&nbsp;&nbsp;&nbsp;&nbsp;&nbsp;&nbsp;&nbsp;&nbsp;&nbsp;&nbsp;&nbsp;&nbsp;&nbsp;&nbsp;&nbsp;&nbsp;&nbsp;&nbsp; Jana Paw\u0142a II,<\/strong><strong> Kr\u00f3lowej Jadwigi<\/strong><\/p>\n\n\n\n<p><strong>Mo\u017cna r\u00f3wnie\u017c zg\u0142asza\u0107&nbsp; w zakrystii miejsca, gdzie nie by\u0142o kol\u0119dy z r\u00f3\u017cnych przyczyn (np. nieobecno\u015b\u0107, praca itd.) do indywidualnego ustalenia terminu wizyty kol\u0119dowej<\/strong><em><\/em><\/p>\n\n\n\n<p><em>\u017byczymy mi\u0142ego tygodnia i obfitych \u0142ask Bo\u017cych.<\/em><\/p>\n","protected":false},"excerpt":{"rendered":"<p>1. Dzi\u015b prze\u017cywamy 2 Niedziel\u0119 zwyk\u0142\u0105. &nbsp;Msze \u015bw. wed\u0142ug porz\u0105dku niedzielnego. O 1230 spotkanie dla rodzic\u00f3w i dzieci klas III, kt\u00f3re otrzymaj\u0105 po\u015bwi\u0119cone \u015bwiece. 2. Msze \u015bw. w tygodniu&nbsp; o 700, w sobot\u0119 o 700 i 1800.&nbsp; 3.&nbsp; W tym tygodniu obchodzimy: &#8211; w poniedzia\u0142ek \u2013 wspomnienie \u015bw. J\u00f3zefa Sebastiana&#8230; <a class=\"continue-reading-link\" href=\"http:\/\/parafia.scinawa.info\/index.php\/2026\/01\/17\/ogloszenia-duszpasterskie-2-niedziela-zwykla-18-01-2026\/\">Czytaj dalej <span class=\"meta-nav\">&rarr; <\/span><\/a><\/p>\n","protected":false},"author":2,"featured_media":0,"comment_status":"closed","ping_status":"closed","sticky":false,"template":"","format":"standard","meta":{"footnotes":""},"categories":[40],"tags":[],"class_list":["post-3114","post","type-post","status-publish","format-standard","hentry","category-ogloszenia-duszpasterskie"],"_links":{"self":[{"href":"http:\/\/parafia.scinawa.info\/index.php\/wp-json\/wp\/v2\/posts\/3114","targetHints":{"allow":["GET"]}}],"collection":[{"href":"http:\/\/parafia.scinawa.info\/index.php\/wp-json\/wp\/v2\/posts"}],"about":[{"href":"http:\/\/parafia.scinawa.info\/index.php\/wp-json\/wp\/v2\/types\/post"}],"author":[{"embeddable":true,"href":"http:\/\/parafia.scinawa.info\/index.php\/wp-json\/wp\/v2\/users\/2"}],"replies":[{"embeddable":true,"href":"http:\/\/parafia.scinawa.info\/index.php\/wp-json\/wp\/v2\/comments?post=3114"}],"version-history":[{"count":1,"href":"http:\/\/parafia.scinawa.info\/index.php\/wp-json\/wp\/v2\/posts\/3114\/revisions"}],"predecessor-version":[{"id":3115,"href":"http:\/\/parafia.scinawa.info\/index.php\/wp-json\/wp\/v2\/posts\/3114\/revisions\/3115"}],"wp:attachment":[{"href":"http:\/\/parafia.scinawa.info\/index.php\/wp-json\/wp\/v2\/media?parent=3114"}],"wp:term":[{"taxonomy":"category","embeddable":true,"href":"http:\/\/parafia.scinawa.info\/index.php\/wp-json\/wp\/v2\/categories?post=3114"},{"taxonomy":"post_tag","embeddable":true,"href":"http:\/\/parafia.scinawa.info\/index.php\/wp-json\/wp\/v2\/tags?post=3114"}],"curies":[{"name":"wp","href":"https:\/\/api.w.org\/{rel}","templated":true}]}}