{"id":3119,"date":"2026-01-24T21:10:18","date_gmt":"2026-01-24T20:10:18","guid":{"rendered":"http:\/\/parafia.scinawa.info\/?p=3119"},"modified":"2026-01-24T21:10:18","modified_gmt":"2026-01-24T20:10:18","slug":"ogloszenia-duszpasterskie-3-niedziela-zwykla-25-01-2026","status":"publish","type":"post","link":"http:\/\/parafia.scinawa.info\/index.php\/2026\/01\/24\/ogloszenia-duszpasterskie-3-niedziela-zwykla-25-01-2026\/","title":{"rendered":"Og\u0142oszenia duszpasterskie &#8211; 3 Niedziela zwyk\u0142a    \u2013 25. 01. 2026"},"content":{"rendered":"\n<p><strong><u>1<\/u><\/strong><strong>.<\/strong> Dzi\u015b prze\u017cywamy <strong><em>3 Niedziel\u0119 zwyk\u0142\u0105. <\/em><\/strong><strong><em>&nbsp;<\/em><\/strong>Msze \u015bw. wed\u0142ug porz\u0105dku niedzielnego.<\/p>\n\n\n\n<p><strong>&nbsp;&nbsp;&nbsp; Dzi\u015b o 12<sup>30 <\/sup>spotkanie dla rodzic\u00f3w i dzieci klas IV.<\/strong><\/p>\n\n\n\n<p><strong><u>2<\/u><\/strong><strong>.<\/strong> Msze \u015bw. w tygodniu&nbsp; o <strong>7<sup>00<\/sup><\/strong> i <strong>18<sup>00<\/sup><\/strong>.&nbsp;<\/p>\n\n\n\n<p><strong><u>3<\/u><\/strong><strong>.&nbsp; <\/strong>W tym tygodniu obchodzimy:<strong><\/strong><\/p>\n\n\n\n<p><strong>&#8211; <u>w \u015brod\u0119 <\/u>\u2013 <\/strong>wspomnienie \u015bw. Tomasza z Akwinu, prezbitera i doktora Ko\u015bcio\u0142a<\/p>\n\n\n\n<p><strong>&#8211; <u>w sobot\u0119 <\/u>\u2013 <\/strong>wspomnienie \u015bw. Jana Bosko, prezbitera<strong><\/strong><\/p>\n\n\n\n<p><strong><u>4<\/u><\/strong><strong>. <\/strong>W przysz\u0142\u0105 niedziel\u0119 b\u0119dziemy prze\u017cywa\u0107 <strong><em>4<\/em><\/strong><em> <strong>Niedziel\u0119 zwyk\u0142\u0105.<\/strong><\/em><strong><em> <\/em><\/strong>Msze \u015bw. wed\u0142ug porz\u0105dku niedzielnego. Zmiana tajemnic \u017bywego R\u00f3\u017ca\u0144ca o <strong>10<sup>30<\/sup>.<\/strong><\/p>\n\n\n\n<p><strong><u>5<\/u><\/strong><strong>.<\/strong> <strong><em>Kancelaria parafialna czynna codziennie po Mszy \u015bw. wieczornej.<\/em><\/strong><\/p>\n\n\n\n<p><strong><u>6.<\/u><\/strong> Do nabycia jest prasa katolicka: \u201eNiedziela\u201d,&nbsp; \u201eGo\u015b\u0107 Niedzielny\u201d Ma\u0142y GN i R\u00f3\u017caniec.<\/p>\n\n\n\n<p><strong><u>7<\/u><\/strong><strong>.<\/strong> Dzi\u0119kuj\u0119 wszystkim, kt\u00f3rzy w tym tygodniu sprz\u0105tali \u015bwi\u0105tyni\u0119 i przygotowali j\u0105 na nasze spotkanie eucharystyczne.<\/p>\n\n\n\n<p><strong><u>8<\/u><\/strong><strong>.<\/strong> Serdeczne B\u00f3g zap\u0142a\u0107 za ofiary sk\u0142adane na remonty w naszej parafii.<\/p>\n\n\n\n<p><strong><u>9<\/u><\/strong><strong>.<\/strong> Intencje mszalne, kalendarze parafialne.<\/p>\n\n\n\n<p><strong><u>10<\/u><\/strong><strong>.<\/strong> <strong>Mo\u017cna r\u00f3wnie\u017c zg\u0142asza\u0107&nbsp; w zakrystii miejsca, gdzie nie by\u0142o kol\u0119dy z r\u00f3\u017cnych przyczyn (np. nieobecno\u015b\u0107, praca itd.) do indywidualnego ustalenia terminu wizyty kol\u0119dowej<\/strong><\/p>\n\n\n\n<p><strong><u>11.<\/u><\/strong> W zakrystii mo\u017cna nabywa\u0107 \u015bwiece \u2013 gromnice du\u017ce w cenie <strong>12.00<\/strong> z\u0142,\u00a0 mniejsze \u2013 <strong>8.00<\/strong> z\u0142 oraz os\u0142ony na \u015bwiece ma\u0142e po <strong>1.00<\/strong> z\u0142<\/p>\n\n\n\n<p><em>\u017byczymy mi\u0142ego tygodnia i obfitych \u0142ask Bo\u017cych.<\/em><\/p>\n\n\n\n<p><\/p>\n","protected":false},"excerpt":{"rendered":"<p>1. Dzi\u015b prze\u017cywamy 3 Niedziel\u0119 zwyk\u0142\u0105. &nbsp;Msze \u015bw. wed\u0142ug porz\u0105dku niedzielnego. &nbsp;&nbsp;&nbsp; Dzi\u015b o 1230 spotkanie dla rodzic\u00f3w i dzieci klas IV. 2. Msze \u015bw. w tygodniu&nbsp; o 700 i 1800.&nbsp; 3.&nbsp; W tym tygodniu obchodzimy: &#8211; w \u015brod\u0119 \u2013 wspomnienie \u015bw. Tomasza z Akwinu, prezbitera i doktora Ko\u015bcio\u0142a &#8211;&#8230; <a class=\"continue-reading-link\" href=\"http:\/\/parafia.scinawa.info\/index.php\/2026\/01\/24\/ogloszenia-duszpasterskie-3-niedziela-zwykla-25-01-2026\/\">Czytaj dalej <span class=\"meta-nav\">&rarr; <\/span><\/a><\/p>\n","protected":false},"author":2,"featured_media":0,"comment_status":"closed","ping_status":"closed","sticky":false,"template":"","format":"standard","meta":{"footnotes":""},"categories":[40],"tags":[],"class_list":["post-3119","post","type-post","status-publish","format-standard","hentry","category-ogloszenia-duszpasterskie"],"_links":{"self":[{"href":"http:\/\/parafia.scinawa.info\/index.php\/wp-json\/wp\/v2\/posts\/3119","targetHints":{"allow":["GET"]}}],"collection":[{"href":"http:\/\/parafia.scinawa.info\/index.php\/wp-json\/wp\/v2\/posts"}],"about":[{"href":"http:\/\/parafia.scinawa.info\/index.php\/wp-json\/wp\/v2\/types\/post"}],"author":[{"embeddable":true,"href":"http:\/\/parafia.scinawa.info\/index.php\/wp-json\/wp\/v2\/users\/2"}],"replies":[{"embeddable":true,"href":"http:\/\/parafia.scinawa.info\/index.php\/wp-json\/wp\/v2\/comments?post=3119"}],"version-history":[{"count":1,"href":"http:\/\/parafia.scinawa.info\/index.php\/wp-json\/wp\/v2\/posts\/3119\/revisions"}],"predecessor-version":[{"id":3120,"href":"http:\/\/parafia.scinawa.info\/index.php\/wp-json\/wp\/v2\/posts\/3119\/revisions\/3120"}],"wp:attachment":[{"href":"http:\/\/parafia.scinawa.info\/index.php\/wp-json\/wp\/v2\/media?parent=3119"}],"wp:term":[{"taxonomy":"category","embeddable":true,"href":"http:\/\/parafia.scinawa.info\/index.php\/wp-json\/wp\/v2\/categories?post=3119"},{"taxonomy":"post_tag","embeddable":true,"href":"http:\/\/parafia.scinawa.info\/index.php\/wp-json\/wp\/v2\/tags?post=3119"}],"curies":[{"name":"wp","href":"https:\/\/api.w.org\/{rel}","templated":true}]}}