{"id":3132,"date":"2026-02-07T12:04:50","date_gmt":"2026-02-07T11:04:50","guid":{"rendered":"http:\/\/parafia.scinawa.info\/?p=3132"},"modified":"2026-02-07T12:04:50","modified_gmt":"2026-02-07T11:04:50","slug":"intencje-mszalne-08-02-15-02-2026","status":"publish","type":"post","link":"http:\/\/parafia.scinawa.info\/index.php\/2026\/02\/07\/intencje-mszalne-08-02-15-02-2026\/","title":{"rendered":"INTENCJE MSZALNE 08.02. \u00a0\u2013 15.02.2026"},"content":{"rendered":"\n<p><strong><em>Sk\u0142adaj\u0105c Ofiar\u0119, kt\u00f3ra nam przypomina niezmierzon\u0105 mi\u0142o\u015b\u0107 Twojego Syna, pokornie prosimy Ci\u0119, Bo\u017ce, przyjmij intencje Twoich wiernych i spraw przez dzia\u0142anie Eucharystii, aby w naszych rodzinach wzrasta\u0142a prawdziwa wiara, \u015bwi\u0119to\u015b\u0107 \u017cycia, braterska mi\u0142o\u015b\u0107 i duch modlitwy. <\/em><\/strong><strong>Niech Matka Naj\u015bwi\u0119tsza wyprosi \u0142aski, o kt\u00f3re modlili\u015bmy si\u0119 w tej Mszy \u015bw. dla \u2026 Za\u015b zmar\u0142ym \u2026 za kt\u00f3rych odprawiali\u015bmy Msz\u0119 \u015bw.: <u>wieczny odpoczynek racz im da\u0107 Panie<\/u> (\u2026); niech odpoczywaj\u0105 w pokoju wiecznym. Amen<\/strong><\/p>\n\n\n\n<p><strong><u>08.02<em>. &#8211; NIEDZIELA&nbsp; <\/em><\/u><\/strong><em><\/em><\/p>\n\n\n\n<p><strong>8.oo \u2013 1)<\/strong> w 3 rocz. urodzin Anusi dzi\u0119kczynna za otrzymane \u0142aski z pro\u015bb\u0105 o zdrowie, dary Ducha<\/p>\n\n\n\n<p>&nbsp;&nbsp;&nbsp;&nbsp;&nbsp;&nbsp;&nbsp;&nbsp;&nbsp;&nbsp;&nbsp;&nbsp;&nbsp;&nbsp;&nbsp;&nbsp; &nbsp;\u015awi\u0119tego, Bo\u017ce b\u0142ogos\u0142awie\u0144stwo, opiek\u0119 NMP i \u015bw. Patron\u00f3w<strong> <\/strong>&nbsp;<\/p>\n\n\n\n<p><strong>&nbsp;&nbsp;&nbsp;&nbsp;&nbsp;&nbsp;&nbsp;&nbsp;&nbsp;&nbsp;&nbsp; &nbsp; 2)<\/strong> + m\u0119\u017ca Ryszarda w 8 rocz. \u015bm. \u2013 modli si\u0119 \u017cona z rodzin\u0105<\/p>\n\n\n\n<p><strong>&nbsp; 9.3o \u2013 <\/strong>&nbsp;++ Mari\u0119, Antoniego, Tadeusza, Rozali\u0119 i Grzegorza Draczy\u0144skich, Helen\u0119 i Rafa\u0142a<\/p>\n\n\n\n<p>&nbsp;&nbsp;&nbsp;&nbsp;&nbsp;&nbsp;&nbsp;&nbsp;&nbsp;&nbsp;&nbsp;&nbsp;&nbsp; Pieczkiewicz\u00f3w, Mari\u0119, Jana, Grzegorza i Ma\u0142gorzat\u0119 B\u0142a\u017ck\u00f3w oraz wszystkich ++ z tych rodzin<\/p>\n\n\n\n<p><strong>11.oo \u2013 1) <\/strong>+ W\u0142adys\u0142awa Sulim\u0119 w 6 rocz. \u015bm. oraz ++ jego rodzic\u00f3w \u2013 modli si\u0119 \u017cona z rodzin\u0105<\/p>\n\n\n\n<p><strong>&nbsp;&nbsp;&nbsp;&nbsp;&nbsp;&nbsp;&nbsp;&nbsp;&nbsp;&nbsp;&nbsp; &nbsp; 2) <\/strong>&nbsp;+ siostr\u0119 Mari\u0119 Szpularz w 11 rocz. \u015bm., ++ rodzic\u00f3w: Joann\u0119 i Piotra Jastrz\u0119bskich, brata<\/p>\n\n\n\n<p>&nbsp;&nbsp;&nbsp;&nbsp;&nbsp;&nbsp;&nbsp;&nbsp;&nbsp;&nbsp;&nbsp;&nbsp;&nbsp;&nbsp;&nbsp;&nbsp;&nbsp; Jana Jastrz\u0119bskiego, siostr\u0119 J\u00f3zi\u0119 i kuzynk\u0119 Krystyn\u0119 Brzezi\u0144sk\u0105<strong><\/strong><\/p>\n\n\n\n<p><strong>12.3o \u2013 1) <\/strong>+ Filomen\u0119 w 8 rocz. \u015bm. i Franciszka z rodziny Trubickich<\/p>\n\n\n\n<p><strong>&nbsp;&nbsp;&nbsp;&nbsp;&nbsp;&nbsp;&nbsp;&nbsp;&nbsp;&nbsp;&nbsp; &nbsp; 2)<\/strong> w 8 rocz. urodzin Mi\u0142osza dzi\u0119kczynna za otrzymane \u0142aski z pro\u015bb\u0105 o zdrowie, dary Ducha<\/p>\n\n\n\n<p>&nbsp;&nbsp;&nbsp;&nbsp;&nbsp;&nbsp;&nbsp;&nbsp;&nbsp;&nbsp;&nbsp;&nbsp;&nbsp;&nbsp;&nbsp;&nbsp; \u015awi\u0119tego, Bo\u017ce b\u0142ogos\u0142awie\u0144stwo, opiek\u0119 NMP i \u015bw. Patron\u00f3w \u2013 modl\u0105 si\u0119 rodzice z siostr\u0105<\/p>\n\n\n\n<p>&nbsp;&nbsp;&nbsp;&nbsp;&nbsp;&nbsp;&nbsp;&nbsp;&nbsp;&nbsp;&nbsp;&nbsp;&nbsp;&nbsp;&nbsp;&nbsp;&nbsp; i dziadkowie<\/p>\n\n\n\n<p>&nbsp;&nbsp;&nbsp;&nbsp;&nbsp;&nbsp;&nbsp;&nbsp;&nbsp;&nbsp;&nbsp; <strong>&nbsp; 3)<\/strong> ++ z rodziny Anielskich i Kocel\u00f3w oraz Teres\u0119 Latos, Urszul\u0119 Laszczak i Witolda Kaczmarka<\/p>\n\n\n\n<p><strong>18.oo \u2013 <\/strong>+ Jerzego Nowackiego \u2013 modli si\u0119 \u017cona z rodzin\u0105<strong> &nbsp;<\/strong><\/p>\n\n\n\n<p><strong><u>09.02<em>. \u2013 PONIEDZIA\u0141EK<\/em><\/u><\/strong><\/p>\n\n\n\n<p><strong>&nbsp; &nbsp;&nbsp;7.oo \u2013 <\/strong>&nbsp;<\/p>\n\n\n\n<p><strong>18.oo \u2013 <\/strong>+ Mari\u0119 Szpularz w 11 rocz. \u015bm. oraz ++ z rodziny Szpularz\u00f3w \u2013 modli si\u0119 rodzina<\/p>\n\n\n\n<p><strong><u>10.02<em>. &#8211; WTOREK<\/em><\/u><\/strong><em><\/em><\/p>\n\n\n\n<p><strong>7.oo \u2013 <\/strong>++ c\u00f3rk\u0119 Mari\u0119, zi\u0119cia Wojciecha oraz dusze w czy\u015b\u0107cu cierpi\u0105ce \u2013 modl\u0105 si\u0119 rodzice i rodze\u0144stwo<\/p>\n\n\n\n<p><strong>18.oo \u2013 w dniu wyw\u00f3zki Sybirak\u00f3w &#8211; <\/strong>w intencji cz\u0142onk\u00f3w Ko\u0142a Sybirak\u00f3w i ich rodzin dzi\u0119kczynna za<\/p>\n\n\n\n<p>&nbsp;&nbsp;&nbsp;&nbsp;&nbsp;&nbsp;&nbsp;&nbsp;&nbsp;&nbsp;&nbsp;&nbsp;&nbsp;&nbsp; otrzymane \u0142aski z pro\u015bb\u0105 o zdrowie, dary Ducha \u015awi\u0119tego, Bo\u017ce b\u0142ogos\u0142awie\u0144stwo, opiek\u0119 NMP<\/p>\n\n\n\n<p>&nbsp;&nbsp;&nbsp;&nbsp;&nbsp;&nbsp;&nbsp;&nbsp;&nbsp;&nbsp;&nbsp;&nbsp;&nbsp;&nbsp;&nbsp; i \u015bw. Patron\u00f3w oraz ++ Sybirak\u00f3w i ++ z ich rodzin &#8211; modli si\u0119 Ko\u0142o Sybirak\u00f3w w \u015acinawie<\/p>\n\n\n\n<p><strong><u>11.02<em>. \u2013 \u015aRODA<\/em><\/u><\/strong><\/p>\n\n\n\n<p><strong>&nbsp; 7.oo \u2013 <\/strong>+ tat\u0119 Aleksandra w dniu ziemskich urodzin i imienin<strong><\/strong><\/p>\n\n\n\n<p><strong>18.oo \u2013&nbsp; intencja zbiorowa nowennowa:<\/strong><\/p>\n\n\n\n<p><strong>&nbsp;1)<\/strong> + J\u00f3zefa Jakubowskiego w 1 rocz. \u015bm., ++ W\u0142adys\u0142aw\u0119 i Henryka Grajewskich oraz Jana Michalskiego<\/p>\n\n\n\n<p>&nbsp;&nbsp; &nbsp;&nbsp;\u2013 modli si\u0119 rodzina<\/p>\n\n\n\n<p><strong>&nbsp;2)<\/strong> + Bronis\u0142aw\u0119 Lewandowsk\u0105 &#8211; 30 dzie\u0144 od pogrzebu &#8211; intencja od uczestnik\u00f3w Mszy pogrzebowej<\/p>\n\n\n\n<p><strong>&nbsp;3)<\/strong><\/p>\n\n\n\n<p><strong><u>12.02<em>. \u2013 CZWARTEK <\/em><\/u><\/strong><em>&nbsp;<\/em><\/p>\n\n\n\n<p><strong>&nbsp; 7.oo \u2013<\/strong>&nbsp; dzi\u0119kczynna za otrzymane \u0142aski z pro\u015bb\u0105 o zdrowie, dary Ducha \u015awi\u0119tego, Bo\u017ce<\/p>\n\n\n\n<p>&nbsp;&nbsp;&nbsp;&nbsp;&nbsp;&nbsp;&nbsp;&nbsp;&nbsp;&nbsp;&nbsp;&nbsp;&nbsp;&nbsp;&nbsp;&nbsp; b\u0142ogos\u0142awie\u0144stwo, opiek\u0119 NMP i \u015bw. Patron\u00f3w dla Rafa\u0142a, Dariusza, Ma\u0142gorzaty, Anety<\/p>\n\n\n\n<p>&nbsp;&nbsp;&nbsp;&nbsp;&nbsp;&nbsp;&nbsp;&nbsp;&nbsp;&nbsp;&nbsp;&nbsp;&nbsp;&nbsp;&nbsp;&nbsp; i Adama z racji urodzin \u2013 modli si\u0119 rodzina<strong><\/strong><\/p>\n\n\n\n<p><strong>18.oo \u2013 <\/strong>++ Mari\u0119, Kazimierza, Jana, Zbigniewa Lechockich i dusze w czy\u015b\u0107cu cierpi\u0105ce \u2013 modli si\u0119<\/p>\n\n\n\n<p>&nbsp;&nbsp;&nbsp;&nbsp;&nbsp;&nbsp;&nbsp;&nbsp;&nbsp;&nbsp;&nbsp;&nbsp;&nbsp; rodzina<\/p>\n\n\n\n<p><strong><u>13.02<em>. \u2013 PI\u0104TEK<\/em><\/u><\/strong><\/p>\n\n\n\n<p><strong>&nbsp;&nbsp;7.oo \u2013<\/strong>&nbsp;<\/p>\n\n\n\n<p><strong>18.oo \u2013 <\/strong>+ Zenona Szmigielskiego \u2013 modli si\u0119 rodzina Sendzimir\u00f3w z Nowego S\u0105cza<\/p>\n\n\n\n<p><strong><em><u>14.02. \u2013 SOBOTA<\/u><\/em><\/strong><\/p>\n\n\n\n<p><strong>&nbsp; 7.oo \u2013<\/strong><\/p>\n\n\n\n<p><strong>18.oo \u2013 <\/strong>++ Karolin\u0119 i Zbigniewa \u0141oz\u00f3w, Juli\u0119 i W\u0142adys\u0142awa Chrobak\u00f3w i Jana Necha<\/p>\n\n\n\n<p><strong><em><u>15.02. \u2013 NIEDZIELA&nbsp;<\/u><\/em><\/strong><\/p>\n\n\n\n<p><strong>&nbsp; 8.oo \u2013 1) <\/strong>zaj. P. Kogut &nbsp;<\/p>\n\n\n\n<p><strong>&nbsp;&nbsp;&nbsp;&nbsp;&nbsp;&nbsp;&nbsp;&nbsp;&nbsp;&nbsp;&nbsp; &nbsp; 2) <\/strong>++ Mari\u0119 i Piotra Poliwk\u00f3w, Katarzyn\u0119 i J\u00f3zefa Sobol\u00f3w oraz ++ z rodziny Sobol\u00f3w i Poliwk\u00f3w &nbsp;<\/p>\n\n\n\n<p><strong>&nbsp; 9.3o \u2013 <\/strong>&nbsp;+ Karolin\u0119 \u0141oz\u0119 w 6 rocz. \u015bm. oraz ++ z rodziny \u0141oz\u00f3w, Cie\u015bli\u0144skich, Wr\u00f3blewskich<\/p>\n\n\n\n<p>&nbsp;&nbsp;&nbsp;&nbsp;&nbsp;&nbsp;&nbsp;&nbsp;&nbsp;&nbsp;&nbsp;&nbsp;&nbsp;&nbsp; i Wojciechowskich \u2013 modli si\u0119 rodzina<\/p>\n\n\n\n<p><strong>11.oo \u2013 1) <\/strong>++ rodzic\u00f3w z obu stron, siostr\u0119 Iren\u0119, Genowef\u0119 oraz braci: Renis\u0142awa i Zygmunta \u2013 modli si\u0119<\/p>\n\n\n\n<p>&nbsp;&nbsp;&nbsp;&nbsp;&nbsp;&nbsp;&nbsp;&nbsp;&nbsp;&nbsp;&nbsp;&nbsp;&nbsp;&nbsp;&nbsp;&nbsp;&nbsp; Marysia z rodzin\u0105<\/p>\n\n\n\n<p><strong>&nbsp;&nbsp;&nbsp;&nbsp;&nbsp;&nbsp;&nbsp;&nbsp;&nbsp;&nbsp;&nbsp; &nbsp; 2) <\/strong>+ tat\u0119 Henryka Sobierajskiego \u2013 modli si\u0119 c\u00f3rka Lucyna z rodzin\u0105<\/p>\n\n\n\n<p><strong>12.3o \u2013 1) <\/strong>w intencji Agnieszki o szcz\u0119\u015bliwe rozwi\u0105zanie i opiek\u0119 NMP \u2013 modli si\u0119 m\u0105\u017c z c\u00f3rk\u0105 i rodzice<\/p>\n\n\n\n<p><strong>&nbsp;&nbsp;&nbsp;&nbsp;&nbsp;&nbsp;&nbsp;&nbsp;&nbsp;&nbsp;&nbsp; &nbsp; 2)<\/strong> w 17 rocz. urodzin Hani dzi\u0119kczynna za otrzymane \u0142aski z pro\u015bb\u0105 o zdrowie, dary Ducha<\/p>\n\n\n\n<p>&nbsp;&nbsp;&nbsp;&nbsp;&nbsp;&nbsp;&nbsp;&nbsp;&nbsp;&nbsp;&nbsp;&nbsp;&nbsp;&nbsp; \u015awi\u0119tego, Bo\u017ce b\u0142ogos\u0142awie\u0144stwo, opiek\u0119 NMP i \u015bw. Patron\u00f3w \u2013 modl\u0105 si\u0119 rodzice i rodze\u0144stwo<\/p>\n\n\n\n<p>&nbsp;&nbsp;&nbsp;&nbsp;&nbsp;&nbsp;&nbsp;&nbsp;&nbsp;&nbsp;&nbsp; &nbsp; <strong>3)<\/strong> w 24 rocz. urodzin Mateusza Pytlarza oraz za jego rodzic\u00f3w chrzestnych Magdalen\u0119 i Roberta<\/p>\n\n\n\n<p>&nbsp;&nbsp;&nbsp;&nbsp;&nbsp;&nbsp;&nbsp;&nbsp;&nbsp;&nbsp;&nbsp;&nbsp;&nbsp;&nbsp;&nbsp;&nbsp;&nbsp;&nbsp;&nbsp; dzi\u0119kczynna za otrzymane \u0142aski z pro\u015bb\u0105 o zdrowie, dary Ducha \u015awi\u0119tego, Bo\u017ce<\/p>\n\n\n\n<p>&nbsp;&nbsp;&nbsp;&nbsp;&nbsp;&nbsp;&nbsp;&nbsp;&nbsp;&nbsp;&nbsp;&nbsp;&nbsp;&nbsp;&nbsp;&nbsp;&nbsp;&nbsp;&nbsp; b\u0142ogos\u0142awie\u0144stwo, opiek\u0119 NMP i \u015bw. Patron\u00f3w \u2013 modli si\u0119 rodzina<strong><\/strong><\/p>\n\n\n\n<p><strong>18.oo \u2013<\/strong> ++ rodzic\u00f3w: Jadwig\u0119 i Romualda Pruszy\u0144skich \u2013 modli si\u0119 rodzina<\/p>\n","protected":false},"excerpt":{"rendered":"<p>Sk\u0142adaj\u0105c Ofiar\u0119, kt\u00f3ra nam przypomina niezmierzon\u0105 mi\u0142o\u015b\u0107 Twojego Syna, pokornie prosimy Ci\u0119, Bo\u017ce, przyjmij intencje Twoich wiernych i spraw przez dzia\u0142anie Eucharystii, aby w naszych rodzinach wzrasta\u0142a prawdziwa wiara, \u015bwi\u0119to\u015b\u0107 \u017cycia, braterska mi\u0142o\u015b\u0107 i duch modlitwy. Niech Matka Naj\u015bwi\u0119tsza wyprosi \u0142aski, o kt\u00f3re modlili\u015bmy si\u0119 w tej Mszy \u015bw. dla&#8230; <a class=\"continue-reading-link\" href=\"http:\/\/parafia.scinawa.info\/index.php\/2026\/02\/07\/intencje-mszalne-08-02-15-02-2026\/\">Czytaj dalej <span class=\"meta-nav\">&rarr; <\/span><\/a><\/p>\n","protected":false},"author":2,"featured_media":0,"comment_status":"closed","ping_status":"closed","sticky":false,"template":"","format":"standard","meta":{"footnotes":""},"categories":[39],"tags":[],"class_list":["post-3132","post","type-post","status-publish","format-standard","hentry","category-intencje"],"_links":{"self":[{"href":"http:\/\/parafia.scinawa.info\/index.php\/wp-json\/wp\/v2\/posts\/3132","targetHints":{"allow":["GET"]}}],"collection":[{"href":"http:\/\/parafia.scinawa.info\/index.php\/wp-json\/wp\/v2\/posts"}],"about":[{"href":"http:\/\/parafia.scinawa.info\/index.php\/wp-json\/wp\/v2\/types\/post"}],"author":[{"embeddable":true,"href":"http:\/\/parafia.scinawa.info\/index.php\/wp-json\/wp\/v2\/users\/2"}],"replies":[{"embeddable":true,"href":"http:\/\/parafia.scinawa.info\/index.php\/wp-json\/wp\/v2\/comments?post=3132"}],"version-history":[{"count":1,"href":"http:\/\/parafia.scinawa.info\/index.php\/wp-json\/wp\/v2\/posts\/3132\/revisions"}],"predecessor-version":[{"id":3133,"href":"http:\/\/parafia.scinawa.info\/index.php\/wp-json\/wp\/v2\/posts\/3132\/revisions\/3133"}],"wp:attachment":[{"href":"http:\/\/parafia.scinawa.info\/index.php\/wp-json\/wp\/v2\/media?parent=3132"}],"wp:term":[{"taxonomy":"category","embeddable":true,"href":"http:\/\/parafia.scinawa.info\/index.php\/wp-json\/wp\/v2\/categories?post=3132"},{"taxonomy":"post_tag","embeddable":true,"href":"http:\/\/parafia.scinawa.info\/index.php\/wp-json\/wp\/v2\/tags?post=3132"}],"curies":[{"name":"wp","href":"https:\/\/api.w.org\/{rel}","templated":true}]}}