{"id":3134,"date":"2026-02-07T12:11:16","date_gmt":"2026-02-07T11:11:16","guid":{"rendered":"http:\/\/parafia.scinawa.info\/?p=3134"},"modified":"2026-02-07T12:11:16","modified_gmt":"2026-02-07T11:11:16","slug":"ogloszenia-duszpasterskie-5-niedziela-zwykla-08-02-2026","status":"publish","type":"post","link":"http:\/\/parafia.scinawa.info\/index.php\/2026\/02\/07\/ogloszenia-duszpasterskie-5-niedziela-zwykla-08-02-2026\/","title":{"rendered":"Og\u0142oszenia duszpasterskie &#8211; 5 Niedziela zwyk\u0142a \u2013 08. 02. 2026"},"content":{"rendered":"\n<p><strong><u>1<\/u><\/strong><strong>.<\/strong> Dzi\u015b prze\u017cywamy <strong><em>5 Niedziel\u0119 zwyk\u0142\u0105. <\/em><\/strong><strong><em>&nbsp;<\/em><\/strong>Msze \u015bw. wed\u0142ug porz\u0105dku niedzielnego. Dzisiaj &nbsp;&nbsp;&nbsp;z &nbsp;racji<strong><em> \u015awiatowego Dnia Chorego &#8211;<\/em><\/strong> wspomnienie NMP z Lourdes<strong><em> &#8211; <\/em><\/strong>11 lutego &#8211; w naszej parafii <strong><em>modlimy si\u0119 za chorych i udzielamy Sakramentu Namaszczenia Chorych osobom chorym i starszym podczas ka\u017cdej Mszy \u015bw.<\/em><\/strong><\/p>\n\n\n\n<p><strong><u>2<\/u><\/strong><strong>.<\/strong> Msze \u015bw. w tygodniu&nbsp; o <strong>7<sup>00<\/sup><\/strong> i <strong>18<sup>00<\/sup><\/strong>.&nbsp;<\/p>\n\n\n\n<p><strong><u>3<\/u><\/strong><strong>. <\/strong>Codziennie spowied\u017a i adoracja Naj\u015bwi\u0119tszego Sakramentu o godz. <strong>17<sup>00<\/sup>.<\/strong><\/p>\n\n\n\n<p><strong><u>4. <\/u><\/strong><strong>W tym tygodniu nabo\u017ce\u0144stwa:<\/strong><\/p>\n\n\n\n<p><strong>&#8211; <u>w poniedzia\u0142ek<\/u>&nbsp; &nbsp; &#8211; <\/strong>nabo\u017ce\u0144stwo<strong> <em>do Bo\u017cego Mi\u0142osierdzia<\/em> <\/strong>o godz. <strong>17<sup>30<\/sup><\/strong><\/p>\n\n\n\n<p><strong>&#8211;<\/strong> <strong><u>w \u015brod\u0119<\/u><\/strong> &nbsp;&nbsp;&nbsp;&nbsp;&nbsp;&nbsp;&nbsp;&nbsp;&nbsp;&nbsp;&nbsp;&nbsp;&nbsp; <strong>&#8211; <\/strong>Nowenna do <strong><em>NMP Nieustaj\u0105cej Pomocy<\/em><\/strong> o godz. <strong>17<sup>30<\/sup><\/strong><\/p>\n\n\n\n<p><strong><u>5.<\/u><\/strong><strong> <\/strong>W tym tygodniu obchodzimy:<\/p>\n\n\n\n<p>&#8211; <strong><u>we wtorek<\/u><\/strong> \u2013 wspomnienie \u015bw. Scholastyki, dziewicy,<\/p>\n\n\n\n<p>&#8211; <strong><u>w \u015brod\u0119<\/u><\/strong> \u2013 wspomnienie NMP z Lourdes \u2013 \u015awiatowy Dzie\u0144 Chorego<\/p>\n\n\n\n<p>&#8211; <strong><u>w sobot\u0119<\/u><\/strong> \u2013 \u015bwi\u0119to \u015bw. Cyryla mnicha i Metodego Biskupa, patron\u00f3w Europy<strong><u><\/u><\/strong><\/p>\n\n\n\n<p><strong><u>6<\/u><\/strong><strong>. <\/strong>W przysz\u0142\u0105 niedziel\u0119 b\u0119dziemy prze\u017cywa\u0107 <strong><em>6<\/em><\/strong><em> <strong>Niedziel\u0119 zwyk\u0142\u0105<\/strong><\/em><strong><em>.<\/em><\/strong> Msze \u015bw. wed\u0142ug porz\u0105dku niedzielnego.<\/p>\n\n\n\n<p><strong><u>7<\/u><\/strong><strong>.<\/strong> Kancelaria czynna codziennie po Mszy \u015bw. wieczornej z wyj\u0105tkiem niedziel, uroczysto\u015bci i \u015bwi\u0105t.<\/p>\n\n\n\n<p><strong><u>8<\/u><\/strong><strong>.<\/strong> Do nabycia jest prasa katolicka: Niedziela, Go\u015b\u0107 Niedzielny i R\u00f3\u017caniec.<\/p>\n\n\n\n<p><strong><u>9<\/u><\/strong><strong>.<\/strong> Dzi\u0119kuj\u0119 wszystkim, kt\u00f3rzy w tym tygodniu sprz\u0105tali \u015bwi\u0105tyni\u0119 i przygotowali j\u0105 na nasze spotkanie eucharystyczne.<\/p>\n\n\n\n<p><strong><u>10<\/u><\/strong><strong>.<\/strong> Serdeczne B\u00f3g zap\u0142a\u0107 za ofiary sk\u0142adane na remonty w naszej parafii.<\/p>\n\n\n\n<p><strong><u>11<\/u><\/strong> Intencje mszalne, obrazki \u2013 pami\u0105tki odprawionej Mszy \u015bw.<\/p>\n\n\n\n<p><em>\u017byczymy mi\u0142ego tygodnia i obfitych \u0142ask Bo\u017cych.<\/em><\/p>\n","protected":false},"excerpt":{"rendered":"<p>1. Dzi\u015b prze\u017cywamy 5 Niedziel\u0119 zwyk\u0142\u0105. &nbsp;Msze \u015bw. wed\u0142ug porz\u0105dku niedzielnego. Dzisiaj &nbsp;&nbsp;&nbsp;z &nbsp;racji \u015awiatowego Dnia Chorego &#8211; wspomnienie NMP z Lourdes &#8211; 11 lutego &#8211; w naszej parafii modlimy si\u0119 za chorych i udzielamy Sakramentu Namaszczenia Chorych osobom chorym i starszym podczas ka\u017cdej Mszy \u015bw. 2. Msze \u015bw. w&#8230; <a class=\"continue-reading-link\" href=\"http:\/\/parafia.scinawa.info\/index.php\/2026\/02\/07\/ogloszenia-duszpasterskie-5-niedziela-zwykla-08-02-2026\/\">Czytaj dalej <span class=\"meta-nav\">&rarr; <\/span><\/a><\/p>\n","protected":false},"author":2,"featured_media":0,"comment_status":"closed","ping_status":"closed","sticky":false,"template":"","format":"standard","meta":{"footnotes":""},"categories":[40],"tags":[],"class_list":["post-3134","post","type-post","status-publish","format-standard","hentry","category-ogloszenia-duszpasterskie"],"_links":{"self":[{"href":"http:\/\/parafia.scinawa.info\/index.php\/wp-json\/wp\/v2\/posts\/3134","targetHints":{"allow":["GET"]}}],"collection":[{"href":"http:\/\/parafia.scinawa.info\/index.php\/wp-json\/wp\/v2\/posts"}],"about":[{"href":"http:\/\/parafia.scinawa.info\/index.php\/wp-json\/wp\/v2\/types\/post"}],"author":[{"embeddable":true,"href":"http:\/\/parafia.scinawa.info\/index.php\/wp-json\/wp\/v2\/users\/2"}],"replies":[{"embeddable":true,"href":"http:\/\/parafia.scinawa.info\/index.php\/wp-json\/wp\/v2\/comments?post=3134"}],"version-history":[{"count":1,"href":"http:\/\/parafia.scinawa.info\/index.php\/wp-json\/wp\/v2\/posts\/3134\/revisions"}],"predecessor-version":[{"id":3135,"href":"http:\/\/parafia.scinawa.info\/index.php\/wp-json\/wp\/v2\/posts\/3134\/revisions\/3135"}],"wp:attachment":[{"href":"http:\/\/parafia.scinawa.info\/index.php\/wp-json\/wp\/v2\/media?parent=3134"}],"wp:term":[{"taxonomy":"category","embeddable":true,"href":"http:\/\/parafia.scinawa.info\/index.php\/wp-json\/wp\/v2\/categories?post=3134"},{"taxonomy":"post_tag","embeddable":true,"href":"http:\/\/parafia.scinawa.info\/index.php\/wp-json\/wp\/v2\/tags?post=3134"}],"curies":[{"name":"wp","href":"https:\/\/api.w.org\/{rel}","templated":true}]}}