{"id":3183,"date":"2026-04-11T20:44:42","date_gmt":"2026-04-11T18:44:42","guid":{"rendered":"http:\/\/parafia.scinawa.info\/?p=3183"},"modified":"2026-04-11T20:44:42","modified_gmt":"2026-04-11T18:44:42","slug":"ogloszenia-duszpasterskie-2-niedziela-wielkanocna-12-04-2026","status":"publish","type":"post","link":"http:\/\/parafia.scinawa.info\/index.php\/2026\/04\/11\/ogloszenia-duszpasterskie-2-niedziela-wielkanocna-12-04-2026\/","title":{"rendered":"Og\u0142oszenia duszpasterskie &#8211; 2 Niedziela Wielkanocna \u2013 12.04. 2026"},"content":{"rendered":"\n<p><strong>1.<\/strong> Dzi\u015b prze\u017cywamy 2 Niedziel\u0119 Wielkanocn\u0105, czyli Niedziel\u0119 Bo\u017cego Mi\u0142osierdzia. Msze \u015bw. wed\u0142ug porz\u0105dku niedzielnego. <strong><em>O godz. 12<sup>30<\/sup> <\/em><\/strong><strong><em>&nbsp;<\/em><\/strong><strong><em>spotkanie dla rodzic\u00f3w i dzieci klas I.<\/em><\/strong><\/p>\n\n\n\n<p><strong><u>2<\/u><\/strong><strong>.<\/strong> Uroczyste Nabo\u017ce\u0144stwo do Bo\u017cego Mi\u0142osierdzia o godz. <strong>15<sup>00<\/sup><\/strong>. <strong><em><u>Niedziel\u0105 Mi\u0142osierdzia<\/u><\/em><\/strong> rozpoczynamy Tydzie\u0144 Mi\u0142osierdzia. Dar odpustu zupe\u0142nego.<strong><\/strong><\/p>\n\n\n\n<p><strong><u>3<\/u><\/strong><strong>.<\/strong> Msze \u015bw. w tygodniu&nbsp; o <strong>7<sup>00<\/sup><\/strong> i <strong>18<sup>00<\/sup><\/strong>.<\/p>\n\n\n\n<p><strong><u>4<\/u><\/strong><strong>. <\/strong>Codziennie spowied\u017a i adoracja Naj\u015bwi\u0119tszego Sakramentu o godz. <strong>17<sup>00<\/sup>, <\/strong>a nabo\u017ce\u0144stwa majowe od czwartku o <strong>17<sup>30<\/sup>.<\/strong><\/p>\n\n\n\n<p><strong><u>5. <\/u><\/strong><strong>W tym tygodniu nabo\u017ce\u0144stwa:<\/strong><\/p>\n\n\n\n<p><strong>&#8211; <u>w poniedzia\u0142ek<\/u>&nbsp; &nbsp;&nbsp;&nbsp;&nbsp;&nbsp;&nbsp;&nbsp;&nbsp; &#8211; <\/strong>nabo\u017ce\u0144stwo<strong> <em>do Bo\u017cego Mi\u0142osierdzia <\/em><\/strong>o godz. <strong>17<sup>30<\/sup><\/strong><\/p>\n\n\n\n<p><strong>&#8211;<\/strong> <strong><u>w \u015brod\u0119<\/u><\/strong> &nbsp;&nbsp;&nbsp;&nbsp;&nbsp;&nbsp;&nbsp;&nbsp;&nbsp;&nbsp;&nbsp;&nbsp; <strong>&#8211; <\/strong>Nowenna do <strong><em>NMP Nieustaj\u0105cej Pomocy<\/em><\/strong> o godz. <strong>17<sup>30<\/sup><\/strong><\/p>\n\n\n\n<p><strong>&#8211;<\/strong> <strong><u>w czwartek<\/u><\/strong>&nbsp;&nbsp;&nbsp;&nbsp;&nbsp;&nbsp;&nbsp; &#8211;&nbsp; nabo\u017ce\u0144stwo do <strong>\u015bw. Jana Paw\u0142a II <\/strong>&nbsp;<em>o godz<strong>. <\/strong><\/em><strong>17<sup>30<\/sup><\/strong><\/p>\n\n\n\n<p><strong>&#8211;<\/strong> <strong><u>w niedziel\u0119<\/u><\/strong>&nbsp;&nbsp;&nbsp;&nbsp;&nbsp;&nbsp;&nbsp; &#8211;&nbsp; nabo\u017ce\u0144stwo do <strong>\u015bw. J\u00f3zefa <\/strong>&nbsp;<em>o godz<strong>. <\/strong><\/em><strong>17<sup>30<\/sup><\/strong><\/p>\n\n\n\n<p><strong><u>6<\/u><\/strong><strong>. <\/strong>W przysz\u0142\u0105 niedziel\u0119 obchodzimy 3 Niedziel\u0119 Wielkanocn\u0105 i rozpoczniemy Tydzie\u0144 Biblijny<strong>.<\/strong> Msze \u015bw. wed\u0142ug porz\u0105dku niedzielnego. <strong><em>O godz. 12<sup>30<\/sup> <\/em><\/strong><strong><em>&nbsp;<\/em><\/strong><strong><em>spotkanie dla rodzic\u00f3w i dzieci klas II.<\/em><\/strong><strong><u><\/u><\/strong><\/p>\n\n\n\n<p><strong><u>7<\/u><\/strong><strong>.<\/strong> Kancelaria czynna codziennie po Mszy \u015bw. wieczornej z wyj\u0105tkiem niedziel i \u015bwi\u0105t.<\/p>\n\n\n\n<p><strong><u>8<\/u><\/strong><strong>.<\/strong> Do nabycia jest prasa katolicka: Niedziela, Go\u015b\u0107 Niedzielny, MG Niedzielny i R\u00f3\u017caniec.<\/p>\n\n\n\n<p><strong><u>9<\/u><\/strong><strong>.<\/strong> Dzi\u0119kuj\u0119 wszystkim, kt\u00f3rzy w tym tygodniu sprz\u0105tali \u015bwi\u0105tyni\u0119 i przygotowali j\u0105 na nasze spotkanie eucharystyczne.<\/p>\n\n\n\n<p><strong><u>10<\/u><\/strong><strong>.<\/strong> Serdeczne B\u00f3g zap\u0142a\u0107 za ofiary sk\u0142adane na remonty w naszej parafii.<\/p>\n\n\n\n<p><strong><u>11<\/u><\/strong><strong>.<\/strong> Intencje mszalne \u2013 obrazki<\/p>\n\n\n\n<p><strong><u>12<\/u><\/strong><strong>.<\/strong> 16 maja 2026r. (sobota) odb\u0119dzie si\u0119 pielgrzymka do Matki Boskiej na Jasn\u0105 G\u00f3r\u0119. Zapraszamy ch\u0119tnych na wyjazd. Koszt pielgrzymki 120 z\u0142. Wyjazd w nocy z pi\u0105tku na sobot\u0119.&nbsp; Zapisy u p. Doroty Kr\u0119\u017cel i u p. Czes\u0142awy Kaczanowskiej.<\/p>\n\n\n\n<p><em>\u017byczymy mi\u0142ego tygodnia i obfitych \u0142ask Bo\u017cych.<\/em><\/p>\n","protected":false},"excerpt":{"rendered":"<p>1. Dzi\u015b prze\u017cywamy 2 Niedziel\u0119 Wielkanocn\u0105, czyli Niedziel\u0119 Bo\u017cego Mi\u0142osierdzia. Msze \u015bw. wed\u0142ug porz\u0105dku niedzielnego. O godz. 1230 &nbsp;spotkanie dla rodzic\u00f3w i dzieci klas I. 2. Uroczyste Nabo\u017ce\u0144stwo do Bo\u017cego Mi\u0142osierdzia o godz. 1500. Niedziel\u0105 Mi\u0142osierdzia rozpoczynamy Tydzie\u0144 Mi\u0142osierdzia. Dar odpustu zupe\u0142nego. 3. Msze \u015bw. w tygodniu&nbsp; o 700 i&#8230; <a class=\"continue-reading-link\" href=\"http:\/\/parafia.scinawa.info\/index.php\/2026\/04\/11\/ogloszenia-duszpasterskie-2-niedziela-wielkanocna-12-04-2026\/\">Czytaj dalej <span class=\"meta-nav\">&rarr; <\/span><\/a><\/p>\n","protected":false},"author":2,"featured_media":0,"comment_status":"closed","ping_status":"closed","sticky":false,"template":"","format":"standard","meta":{"footnotes":""},"categories":[40],"tags":[],"class_list":["post-3183","post","type-post","status-publish","format-standard","hentry","category-ogloszenia-duszpasterskie"],"_links":{"self":[{"href":"http:\/\/parafia.scinawa.info\/index.php\/wp-json\/wp\/v2\/posts\/3183","targetHints":{"allow":["GET"]}}],"collection":[{"href":"http:\/\/parafia.scinawa.info\/index.php\/wp-json\/wp\/v2\/posts"}],"about":[{"href":"http:\/\/parafia.scinawa.info\/index.php\/wp-json\/wp\/v2\/types\/post"}],"author":[{"embeddable":true,"href":"http:\/\/parafia.scinawa.info\/index.php\/wp-json\/wp\/v2\/users\/2"}],"replies":[{"embeddable":true,"href":"http:\/\/parafia.scinawa.info\/index.php\/wp-json\/wp\/v2\/comments?post=3183"}],"version-history":[{"count":1,"href":"http:\/\/parafia.scinawa.info\/index.php\/wp-json\/wp\/v2\/posts\/3183\/revisions"}],"predecessor-version":[{"id":3184,"href":"http:\/\/parafia.scinawa.info\/index.php\/wp-json\/wp\/v2\/posts\/3183\/revisions\/3184"}],"wp:attachment":[{"href":"http:\/\/parafia.scinawa.info\/index.php\/wp-json\/wp\/v2\/media?parent=3183"}],"wp:term":[{"taxonomy":"category","embeddable":true,"href":"http:\/\/parafia.scinawa.info\/index.php\/wp-json\/wp\/v2\/categories?post=3183"},{"taxonomy":"post_tag","embeddable":true,"href":"http:\/\/parafia.scinawa.info\/index.php\/wp-json\/wp\/v2\/tags?post=3183"}],"curies":[{"name":"wp","href":"https:\/\/api.w.org\/{rel}","templated":true}]}}