{"id":3193,"date":"2026-04-25T13:20:14","date_gmt":"2026-04-25T11:20:14","guid":{"rendered":"http:\/\/parafia.scinawa.info\/?p=3193"},"modified":"2026-04-25T13:20:14","modified_gmt":"2026-04-25T11:20:14","slug":"ogloszenia-duszpasterskie-4-niedziela-wielkanocna-26-04-2026","status":"publish","type":"post","link":"http:\/\/parafia.scinawa.info\/index.php\/2026\/04\/25\/ogloszenia-duszpasterskie-4-niedziela-wielkanocna-26-04-2026\/","title":{"rendered":"Og\u0142oszenia duszpasterskie &#8211; 4 Niedziela Wielkanocna \u2013 26.04. 2026"},"content":{"rendered":"\n<p><strong>1.<\/strong> Dzi\u015b prze\u017cywamy 4 Niedziel\u0119 Wielkanocn\u0105 i zarazem rozpoczynamy Tydzie\u0144 modlitw o powo\u0142ania do s\u0142u\u017cby Bo\u017cej w Ko\u015bciele.<strong> <\/strong>&nbsp;Msze \u015bw. wed\u0142ug porz\u0105dku niedzielnego. <strong><em>O godz. 12<sup>30<\/sup> <\/em><\/strong><strong><em>&nbsp;<\/em><\/strong><strong><em>spotkanie dla rodzic\u00f3w i dzieci klas IV.<\/em><\/strong><strong><\/strong><\/p>\n\n\n\n<p><strong><u>2<\/u><\/strong><strong>.<\/strong> Msze \u015bw. w tygodniu&nbsp; o <strong>7<sup>00<\/sup><\/strong> i <strong>18<sup>00<\/sup><\/strong>.&nbsp;<\/p>\n\n\n\n<p><strong><u>3<\/u><\/strong><strong>. <\/strong>Codziennie spowied\u017a i adoracja Naj\u015bwi\u0119tszego Sakramentu o godz. <strong>17<sup>00<\/sup>, <\/strong>a &nbsp;od pi\u0105tku nabo\u017ce\u0144stwa majowe o <strong>17<sup>30<\/sup>.<\/strong><\/p>\n\n\n\n<p><strong><u>4.<\/u><\/strong><strong> W tym tygodniu nabo\u017ce\u0144stwa:<\/strong><\/p>\n\n\n\n<p><strong>&#8211; <u>w poniedzia\u0142ek<\/u>&nbsp; &#8211; <\/strong>nabo\u017ce\u0144stwo<strong> <em>do Bo\u017cego Mi\u0142osierdzia<\/em> <\/strong>o godz. <strong>17<sup>30<\/sup><\/strong><\/p>\n\n\n\n<p>&#8211; <strong><u>we wtorek<\/u><\/strong> &nbsp;&nbsp;&nbsp;&nbsp;&nbsp;&nbsp;&nbsp;&nbsp;&nbsp; \u2013 nabo\u017ce\u0144stwo<strong> <em>do \u015bw. Ojca Szarbela <\/em><\/strong>o godz. <strong>17<sup>30<\/sup><\/strong><\/p>\n\n\n\n<p><strong>&#8211;<\/strong> <strong><u>w \u015brod\u0119<\/u><\/strong> &nbsp;&nbsp;&nbsp; <strong>&#8211; <\/strong>Nowenna do <strong><em>NMP Nieustaj\u0105cej Pomocy<\/em><\/strong><strong><em> \u015bw. Micha\u0142a Archanio\u0142a<\/em><\/strong> o godz. <strong>17<sup>30<\/sup><\/strong><\/p>\n\n\n\n<p><strong><u>5. <\/u><\/strong>W tym tygodniu obchodzimy:<strong><\/strong><\/p>\n\n\n\n<p>&#8211; <strong><u>w&nbsp; \u015brod\u0119 <\/u><\/strong>&nbsp;&nbsp;&nbsp;&nbsp;\u2013 \u015bwi\u0119to \u015bw. Katarzyny Siene\u0144skiej, dziewicy i doktora K\u0142a, patronki Europy<\/p>\n\n\n\n<p>&#8211; <strong><u>w sobot\u0119<\/u><\/strong> \u2013 <strong><em>uroczysto\u015b\u0107 NMP Kr\u00f3lowej Polski \u2013 przeniesiona!!!<\/em> Msze \u015bw.: <\/strong><strong><em>\u015acinawa:<\/em><\/strong>&nbsp; <strong><em>8.00, 11.00, 18.00, R\u0119sz\u00f3w: 9.30.<\/em><\/strong><strong><u><\/u><\/strong><\/p>\n\n\n\n<p><strong><u>6.<\/u><\/strong> W tym tygodniu obchodzimy I czwartek, I pi\u0105tek i I sobot\u0119 miesi\u0105ca.<\/p>\n\n\n\n<p><strong><u>7<\/u><\/strong><strong>.<\/strong> <strong><em>Odwiedziny chorych w I pi\u0105tek miesi\u0105ca od godz. 8.30.<\/em><\/strong><\/p>\n\n\n\n<p><strong><u>8<\/u><\/strong><strong>.<\/strong> W I sobot\u0119 miesi\u0105ca o godz. <strong>17<sup>00<\/sup><\/strong> <strong><em><u>nabo\u017ce\u0144stwo fatimskie po\u0142\u0105czone z majowym<\/u><\/em><\/strong>.<strong><u><\/u><\/strong><\/p>\n\n\n\n<p><strong><u>9<\/u><\/strong><strong>. <\/strong>W przysz\u0142\u0105 niedziel\u0119 obchodzimy 5 Niedziel\u0119 Wielkanocn\u0105. Msze \u015bw. wed\u0142ug porz\u0105dku niedzielnego. <strong>Uroczysta Msza \u015bw. w intencji Ojczyzny o godz. <u>11<sup>00<\/sup><\/u><\/strong>.<strong><em>O godz. 12<sup>30<\/sup> <\/em><\/strong><strong><em>&nbsp;<\/em><\/strong><strong><em>spotkanie dla rodzic\u00f3w i dzieci klas I.<\/em><\/strong><\/p>\n\n\n\n<p><strong><u>10.<\/u><\/strong> <strong><em><u>Pr\u00f3by dzieci<\/u><\/em><\/strong> do Pierwszej Komunii \u015bw.we wtorek i \u015brod\u0119 o godz. <strong>15<sup>30<\/sup><\/strong>.<\/p>\n\n\n\n<p><strong><u>11<\/u><\/strong><strong>.<\/strong> Kancelaria czynna codziennie po Mszy \u015bw. wieczornej z wyj\u0105tkiem niedziel i \u015bwi\u0105t.<\/p>\n\n\n\n<p><strong><u>12<\/u><\/strong><strong>.<\/strong> Do nabycia jest prasa katolicka: Niedziela, Go\u015b\u0107 Niedzielny, Ma\u0142y GN i R\u00f3\u017caniec.<\/p>\n\n\n\n<p><strong><u>13<\/u><\/strong><strong>.<\/strong> Dzi\u0119kuj\u0119 wszystkim, kt\u00f3rzy w tym tygodniu sprz\u0105tali \u015bwi\u0105tyni\u0119 i przygotowali j\u0105 na nasze spotkanie eucharystyczne.<\/p>\n\n\n\n<p><strong><u>14<\/u><\/strong><strong>.<\/strong> Serdeczne B\u00f3g zap\u0142a\u0107 za ofiary sk\u0142adane na remonty w naszej parafii.<\/p>\n\n\n\n<p><strong><u>15<\/u><\/strong><strong>.<\/strong> Intencje mszalne \u2013 obrazki<\/p>\n\n\n\n<p><strong><u>16.<\/u><\/strong> Spotkanie ministrant\u00f3w i lektor\u00f3w w poniedzia\u0142ek <strong><em>o godzinie 18<sup>45<\/sup><\/em><\/strong> w salce parafialnej.<\/p>\n\n\n\n<p><strong><u>17.<\/u><\/strong><strong> <\/strong>Spotkanie <strong><em>klas 5<\/em><\/strong> przygotowuj\u0105cych si\u0119 do bierzmowania odb\u0119dzie si\u0119 <strong><em>w poniedzia\u0142ek o 17<sup>00<\/sup><\/em><\/strong> w salce parafialnej, a &nbsp;<strong><em>klas 8<\/em><\/strong> we wtorek <strong><em>o 18<sup>45<\/sup><\/em><\/strong> w salce parafialnej.<\/p>\n\n\n\n<p><em>\u017byczymy mi\u0142ego tygodnia i obfitych \u0142ask Bo\u017cych.<\/em><\/p>\n","protected":false},"excerpt":{"rendered":"<p>1. Dzi\u015b prze\u017cywamy 4 Niedziel\u0119 Wielkanocn\u0105 i zarazem rozpoczynamy Tydzie\u0144 modlitw o powo\u0142ania do s\u0142u\u017cby Bo\u017cej w Ko\u015bciele. &nbsp;Msze \u015bw. wed\u0142ug porz\u0105dku niedzielnego. O godz. 1230 &nbsp;spotkanie dla rodzic\u00f3w i dzieci klas IV. 2. Msze \u015bw. w tygodniu&nbsp; o 700 i 1800.&nbsp; 3. Codziennie spowied\u017a i adoracja Naj\u015bwi\u0119tszego Sakramentu o&#8230; <a class=\"continue-reading-link\" href=\"http:\/\/parafia.scinawa.info\/index.php\/2026\/04\/25\/ogloszenia-duszpasterskie-4-niedziela-wielkanocna-26-04-2026\/\">Czytaj dalej <span class=\"meta-nav\">&rarr; <\/span><\/a><\/p>\n","protected":false},"author":2,"featured_media":0,"comment_status":"closed","ping_status":"closed","sticky":false,"template":"","format":"standard","meta":{"footnotes":""},"categories":[40],"tags":[],"class_list":["post-3193","post","type-post","status-publish","format-standard","hentry","category-ogloszenia-duszpasterskie"],"_links":{"self":[{"href":"http:\/\/parafia.scinawa.info\/index.php\/wp-json\/wp\/v2\/posts\/3193","targetHints":{"allow":["GET"]}}],"collection":[{"href":"http:\/\/parafia.scinawa.info\/index.php\/wp-json\/wp\/v2\/posts"}],"about":[{"href":"http:\/\/parafia.scinawa.info\/index.php\/wp-json\/wp\/v2\/types\/post"}],"author":[{"embeddable":true,"href":"http:\/\/parafia.scinawa.info\/index.php\/wp-json\/wp\/v2\/users\/2"}],"replies":[{"embeddable":true,"href":"http:\/\/parafia.scinawa.info\/index.php\/wp-json\/wp\/v2\/comments?post=3193"}],"version-history":[{"count":1,"href":"http:\/\/parafia.scinawa.info\/index.php\/wp-json\/wp\/v2\/posts\/3193\/revisions"}],"predecessor-version":[{"id":3194,"href":"http:\/\/parafia.scinawa.info\/index.php\/wp-json\/wp\/v2\/posts\/3193\/revisions\/3194"}],"wp:attachment":[{"href":"http:\/\/parafia.scinawa.info\/index.php\/wp-json\/wp\/v2\/media?parent=3193"}],"wp:term":[{"taxonomy":"category","embeddable":true,"href":"http:\/\/parafia.scinawa.info\/index.php\/wp-json\/wp\/v2\/categories?post=3193"},{"taxonomy":"post_tag","embeddable":true,"href":"http:\/\/parafia.scinawa.info\/index.php\/wp-json\/wp\/v2\/tags?post=3193"}],"curies":[{"name":"wp","href":"https:\/\/api.w.org\/{rel}","templated":true}]}}